{"id":3511,"date":"2018-06-22T17:05:23","date_gmt":"2018-06-22T16:05:23","guid":{"rendered":"http:\/\/commune-loffre.fr\/?p=3511"},"modified":"2018-06-22T17:06:34","modified_gmt":"2018-06-22T16:06:34","slug":"vos-jardins-ont-du-talent","status":"publish","type":"post","link":"http:\/\/commune-loffre.fr\/index.php\/2018\/06\/22\/vos-jardins-ont-du-talent\/","title":{"rendered":"Vos jardins ont du talent !"},"content":{"rendered":"<p>Dans le cadre de la f\u00eate du village, participez au 1er concours de jardiniers en herbe !<br \/>\nVenez avec :<br \/>\n\uf0b7 votre plus belle citrouille naturelle ou d\u00e9guis\u00e9e,<br \/>\n\uf0b7 votre plus joli panier garni de l\u00e9gumes vari\u00e9s,<br \/>\n\uf0b7 votre plus joli panier garni d\u2019herbes aromatiques<br \/>\nBien entendu cueillis fraichement de votre potager loffrien !<\/p>\n<p>le Samedi 25 ao\u00fbt 2018 \u00e0 11h \u00e0 la salle polyvalente<br \/>\n\uf0fc Un jury appr\u00e9ciera les compositions (qui seront pr\u00e9sent\u00e9es au jury de fa\u00e7on anonyme),<br \/>\n\uf0fc Des lots seront remis sur place<\/p>\n<p>Concours organis\u00e9 par :<br \/>\nL\u2019Association \u00ab La Ronde Des Livres\u00bb et l\u2019Association \u00ab Sport Pour Tous \u00bb Un esprit sain\u2026 dans\u2026 un corps sain !<\/p>\n<p>Pour toute information compl\u00e9mentaire vous pouvez laisser un mail \u00e0 :<br \/>\nSylvie LARIVIERE s.lari-cot@orange.fr ou \u00e0 Anne LANG anne.rauschlang@bbox.fr<br \/>\nou laisser un message \u00e0 leur intention en mairie<br \/>\nBon d\u2019inscription \u00e0 recopier et \u00e0 d\u00e9poser en mairie avant le 15 ao\u00fbt<\/p>\n\n\t\t<style type=\"text\/css\">\n\t\t\t#gallery-1 {\n\t\t\t\tmargin: auto;\n\t\t\t}\n\t\t\t#gallery-1 .gallery-item {\n\t\t\t\tfloat: left;\n\t\t\t\tmargin-top: 10px;\n\t\t\t\ttext-align: center;\n\t\t\t\twidth: 100%;\n\t\t\t}\n\t\t\t#gallery-1 img {\n\t\t\t\tborder: 2px solid #cfcfcf;\n\t\t\t}\n\t\t\t#gallery-1 .gallery-caption {\n\t\t\t\tmargin-left: 0;\n\t\t\t}\n\t\t\t\/* see gallery_shortcode() in wp-includes\/media.php *\/\n\t\t<\/style>\n\t\t<div id='gallery-1' class='gallery galleryid-3511 gallery-columns-1 gallery-size-large'><dl class='gallery-item'>\n\t\t\t<dt class='gallery-icon portrait'>\n\t\t\t\t<a href='http:\/\/commune-loffre.fr\/index.php\/2018\/06\/22\/vos-jardins-ont-du-talent\/flyer-concours-jardin-pour-le-bulletin-municipal\/'><img loading=\"lazy\" decoding=\"async\" width=\"625\" height=\"883\" src=\"http:\/\/commune-loffre.fr\/wp-content\/uploads\/2018\/06\/flyer-concours-jardin-pour-le-bulletin-municipal-725x1024.jpg\" class=\"attachment-large size-large\" alt=\"\" srcset=\"http:\/\/commune-loffre.fr\/wp-content\/uploads\/2018\/06\/flyer-concours-jardin-pour-le-bulletin-municipal-725x1024.jpg 725w, http:\/\/commune-loffre.fr\/wp-content\/uploads\/2018\/06\/flyer-concours-jardin-pour-le-bulletin-municipal-212x300.jpg 212w, http:\/\/commune-loffre.fr\/wp-content\/uploads\/2018\/06\/flyer-concours-jardin-pour-le-bulletin-municipal-768x1085.jpg 768w, http:\/\/commune-loffre.fr\/wp-content\/uploads\/2018\/06\/flyer-concours-jardin-pour-le-bulletin-municipal-624x882.jpg 624w, http:\/\/commune-loffre.fr\/wp-content\/uploads\/2018\/06\/flyer-concours-jardin-pour-le-bulletin-municipal.jpg 1241w\" sizes=\"(max-width: 625px) 100vw, 625px\" \/><\/a>\n\t\t\t<\/dt><\/dl><br style=\"clear: both\" \/>\n\t\t<\/div>\n\n","protected":false},"excerpt":{"rendered":"<p>Dans le cadre de la f\u00eate du village, participez au 1er concours de jardiniers en herbe ! Venez avec : \uf0b7 votre plus belle citrouille naturelle ou d\u00e9guis\u00e9e, \uf0b7 votre&#8230; <a href=\"http:\/\/commune-loffre.fr\/index.php\/2018\/06\/22\/vos-jardins-ont-du-talent\/\">Read more &raquo;<\/a><\/p>\n","protected":false},"author":1,"featured_media":0,"comment_status":"closed","ping_status":"closed","sticky":false,"template":"","format":"standard","meta":{"footnotes":""},"categories":[3,18,9,10],"tags":[],"_links":{"self":[{"href":"http:\/\/commune-loffre.fr\/index.php\/wp-json\/wp\/v2\/posts\/3511"}],"collection":[{"href":"http:\/\/commune-loffre.fr\/index.php\/wp-json\/wp\/v2\/posts"}],"about":[{"href":"http:\/\/commune-loffre.fr\/index.php\/wp-json\/wp\/v2\/types\/post"}],"author":[{"embeddable":true,"href":"http:\/\/commune-loffre.fr\/index.php\/wp-json\/wp\/v2\/users\/1"}],"replies":[{"embeddable":true,"href":"http:\/\/commune-loffre.fr\/index.php\/wp-json\/wp\/v2\/comments?post=3511"}],"version-history":[{"count":1,"href":"http:\/\/commune-loffre.fr\/index.php\/wp-json\/wp\/v2\/posts\/3511\/revisions"}],"predecessor-version":[{"id":3513,"href":"http:\/\/commune-loffre.fr\/index.php\/wp-json\/wp\/v2\/posts\/3511\/revisions\/3513"}],"wp:attachment":[{"href":"http:\/\/commune-loffre.fr\/index.php\/wp-json\/wp\/v2\/media?parent=3511"}],"wp:term":[{"taxonomy":"category","embeddable":true,"href":"http:\/\/commune-loffre.fr\/index.php\/wp-json\/wp\/v2\/categories?post=3511"},{"taxonomy":"post_tag","embeddable":true,"href":"http:\/\/commune-loffre.fr\/index.php\/wp-json\/wp\/v2\/tags?post=3511"}],"curies":[{"name":"wp","href":"https:\/\/api.w.org\/{rel}","templated":true}]}}