{"id":3499,"date":"2018-06-18T18:46:22","date_gmt":"2018-06-18T17:46:22","guid":{"rendered":"http:\/\/commune-loffre.fr\/?p=3499"},"modified":"2018-06-18T18:46:22","modified_gmt":"2018-06-18T17:46:22","slug":"fete-des-peres-2","status":"publish","type":"post","link":"http:\/\/commune-loffre.fr\/index.php\/2018\/06\/18\/fete-des-peres-2\/","title":{"rendered":"F\u00eate des P\u00e8res"},"content":{"rendered":"<p>Comme chaque ann\u00e9e, Monsieur le Maire et le conseil municipal ont convi\u00e9, le samedi 16 juin \u00e0 18 heures au foyer rural, les papas du village afin de partager un moment de convivialit\u00e9 \u00e0 l\u2019occasion de la f\u00eate des p\u00e8res. Chacun a pu profiter de cet instant chaleureux et commenter notamment la premi\u00e8re rencontre de l\u2019\u00e9quipe de France de football face aux Australiens\u00a0!<\/p>\n\n\t\t<style type=\"text\/css\">\n\t\t\t#gallery-1 {\n\t\t\t\tmargin: auto;\n\t\t\t}\n\t\t\t#gallery-1 .gallery-item {\n\t\t\t\tfloat: left;\n\t\t\t\tmargin-top: 10px;\n\t\t\t\ttext-align: center;\n\t\t\t\twidth: 11%;\n\t\t\t}\n\t\t\t#gallery-1 img {\n\t\t\t\tborder: 2px solid #cfcfcf;\n\t\t\t}\n\t\t\t#gallery-1 .gallery-caption {\n\t\t\t\tmargin-left: 0;\n\t\t\t}\n\t\t\t\/* see gallery_shortcode() in wp-includes\/media.php *\/\n\t\t<\/style>\n\t\t<div id='gallery-1' class='gallery galleryid-3499 gallery-columns-9 gallery-size-thumbnail'><dl class='gallery-item'>\n\t\t\t<dt class='gallery-icon landscape'>\n\t\t\t\t<a href='http:\/\/commune-loffre.fr\/index.php\/2018\/06\/18\/fete-des-peres-2\/p1010001-copie-12\/'><img loading=\"lazy\" decoding=\"async\" width=\"150\" height=\"150\" src=\"http:\/\/commune-loffre.fr\/wp-content\/uploads\/2018\/06\/P1010001-copie-2-150x150.jpg\" class=\"attachment-thumbnail size-thumbnail\" alt=\"\" srcset=\"http:\/\/commune-loffre.fr\/wp-content\/uploads\/2018\/06\/P1010001-copie-2-150x150.jpg 150w, http:\/\/commune-loffre.fr\/wp-content\/uploads\/2018\/06\/P1010001-copie-2-180x180.jpg 180w, http:\/\/commune-loffre.fr\/wp-content\/uploads\/2018\/06\/P1010001-copie-2-60x60.jpg 60w\" sizes=\"(max-width: 150px) 100vw, 150px\" \/><\/a>\n\t\t\t<\/dt><\/dl><dl class='gallery-item'>\n\t\t\t<dt class='gallery-icon landscape'>\n\t\t\t\t<a href='http:\/\/commune-loffre.fr\/index.php\/2018\/06\/18\/fete-des-peres-2\/p1010002-copie-14\/'><img loading=\"lazy\" decoding=\"async\" width=\"150\" height=\"150\" src=\"http:\/\/commune-loffre.fr\/wp-content\/uploads\/2018\/06\/P1010002-copie-2-150x150.jpg\" class=\"attachment-thumbnail size-thumbnail\" alt=\"\" srcset=\"http:\/\/commune-loffre.fr\/wp-content\/uploads\/2018\/06\/P1010002-copie-2-150x150.jpg 150w, http:\/\/commune-loffre.fr\/wp-content\/uploads\/2018\/06\/P1010002-copie-2-180x180.jpg 180w, http:\/\/commune-loffre.fr\/wp-content\/uploads\/2018\/06\/P1010002-copie-2-60x60.jpg 60w\" sizes=\"(max-width: 150px) 100vw, 150px\" \/><\/a>\n\t\t\t<\/dt><\/dl><dl class='gallery-item'>\n\t\t\t<dt class='gallery-icon landscape'>\n\t\t\t\t<a href='http:\/\/commune-loffre.fr\/index.php\/2018\/06\/18\/fete-des-peres-2\/p1010003-copie-15\/'><img loading=\"lazy\" decoding=\"async\" width=\"150\" height=\"150\" src=\"http:\/\/commune-loffre.fr\/wp-content\/uploads\/2018\/06\/P1010003-copie-2-150x150.jpg\" class=\"attachment-thumbnail size-thumbnail\" alt=\"\" srcset=\"http:\/\/commune-loffre.fr\/wp-content\/uploads\/2018\/06\/P1010003-copie-2-150x150.jpg 150w, http:\/\/commune-loffre.fr\/wp-content\/uploads\/2018\/06\/P1010003-copie-2-180x180.jpg 180w, http:\/\/commune-loffre.fr\/wp-content\/uploads\/2018\/06\/P1010003-copie-2-60x60.jpg 60w\" sizes=\"(max-width: 150px) 100vw, 150px\" \/><\/a>\n\t\t\t<\/dt><\/dl><dl class='gallery-item'>\n\t\t\t<dt class='gallery-icon landscape'>\n\t\t\t\t<a href='http:\/\/commune-loffre.fr\/index.php\/2018\/06\/18\/fete-des-peres-2\/p1010004-copie-13\/'><img loading=\"lazy\" decoding=\"async\" width=\"150\" height=\"150\" src=\"http:\/\/commune-loffre.fr\/wp-content\/uploads\/2018\/06\/P1010004-copie-2-150x150.jpg\" class=\"attachment-thumbnail size-thumbnail\" alt=\"\" srcset=\"http:\/\/commune-loffre.fr\/wp-content\/uploads\/2018\/06\/P1010004-copie-2-150x150.jpg 150w, http:\/\/commune-loffre.fr\/wp-content\/uploads\/2018\/06\/P1010004-copie-2-180x180.jpg 180w, http:\/\/commune-loffre.fr\/wp-content\/uploads\/2018\/06\/P1010004-copie-2-60x60.jpg 60w\" sizes=\"(max-width: 150px) 100vw, 150px\" \/><\/a>\n\t\t\t<\/dt><\/dl><dl class='gallery-item'>\n\t\t\t<dt class='gallery-icon landscape'>\n\t\t\t\t<a href='http:\/\/commune-loffre.fr\/index.php\/2018\/06\/18\/fete-des-peres-2\/p1010005-copie-13\/'><img loading=\"lazy\" decoding=\"async\" width=\"150\" height=\"150\" src=\"http:\/\/commune-loffre.fr\/wp-content\/uploads\/2018\/06\/P1010005-copie-2-150x150.jpg\" class=\"attachment-thumbnail size-thumbnail\" alt=\"\" srcset=\"http:\/\/commune-loffre.fr\/wp-content\/uploads\/2018\/06\/P1010005-copie-2-150x150.jpg 150w, http:\/\/commune-loffre.fr\/wp-content\/uploads\/2018\/06\/P1010005-copie-2-180x180.jpg 180w, http:\/\/commune-loffre.fr\/wp-content\/uploads\/2018\/06\/P1010005-copie-2-60x60.jpg 60w\" sizes=\"(max-width: 150px) 100vw, 150px\" \/><\/a>\n\t\t\t<\/dt><\/dl><dl class='gallery-item'>\n\t\t\t<dt class='gallery-icon landscape'>\n\t\t\t\t<a href='http:\/\/commune-loffre.fr\/index.php\/2018\/06\/18\/fete-des-peres-2\/p1010006-copie-16\/'><img loading=\"lazy\" decoding=\"async\" width=\"150\" height=\"150\" src=\"http:\/\/commune-loffre.fr\/wp-content\/uploads\/2018\/06\/P1010006-copie-2-150x150.jpg\" class=\"attachment-thumbnail size-thumbnail\" alt=\"\" srcset=\"http:\/\/commune-loffre.fr\/wp-content\/uploads\/2018\/06\/P1010006-copie-2-150x150.jpg 150w, http:\/\/commune-loffre.fr\/wp-content\/uploads\/2018\/06\/P1010006-copie-2-180x180.jpg 180w, http:\/\/commune-loffre.fr\/wp-content\/uploads\/2018\/06\/P1010006-copie-2-60x60.jpg 60w\" sizes=\"(max-width: 150px) 100vw, 150px\" \/><\/a>\n\t\t\t<\/dt><\/dl><dl class='gallery-item'>\n\t\t\t<dt class='gallery-icon landscape'>\n\t\t\t\t<a href='http:\/\/commune-loffre.fr\/index.php\/2018\/06\/18\/fete-des-peres-2\/p1010007-copie-16\/'><img loading=\"lazy\" decoding=\"async\" width=\"150\" height=\"150\" src=\"http:\/\/commune-loffre.fr\/wp-content\/uploads\/2018\/06\/P1010007-copie-2-150x150.jpg\" class=\"attachment-thumbnail size-thumbnail\" alt=\"\" srcset=\"http:\/\/commune-loffre.fr\/wp-content\/uploads\/2018\/06\/P1010007-copie-2-150x150.jpg 150w, http:\/\/commune-loffre.fr\/wp-content\/uploads\/2018\/06\/P1010007-copie-2-180x180.jpg 180w, http:\/\/commune-loffre.fr\/wp-content\/uploads\/2018\/06\/P1010007-copie-2-60x60.jpg 60w\" sizes=\"(max-width: 150px) 100vw, 150px\" \/><\/a>\n\t\t\t<\/dt><\/dl><dl class='gallery-item'>\n\t\t\t<dt class='gallery-icon landscape'>\n\t\t\t\t<a href='http:\/\/commune-loffre.fr\/index.php\/2018\/06\/18\/fete-des-peres-2\/p1010008-copie-16\/'><img loading=\"lazy\" decoding=\"async\" width=\"150\" height=\"150\" src=\"http:\/\/commune-loffre.fr\/wp-content\/uploads\/2018\/06\/P1010008-copie-2-150x150.jpg\" class=\"attachment-thumbnail size-thumbnail\" alt=\"\" srcset=\"http:\/\/commune-loffre.fr\/wp-content\/uploads\/2018\/06\/P1010008-copie-2-150x150.jpg 150w, http:\/\/commune-loffre.fr\/wp-content\/uploads\/2018\/06\/P1010008-copie-2-180x180.jpg 180w, http:\/\/commune-loffre.fr\/wp-content\/uploads\/2018\/06\/P1010008-copie-2-60x60.jpg 60w\" sizes=\"(max-width: 150px) 100vw, 150px\" \/><\/a>\n\t\t\t<\/dt><\/dl><dl class='gallery-item'>\n\t\t\t<dt class='gallery-icon landscape'>\n\t\t\t\t<a href='http:\/\/commune-loffre.fr\/index.php\/2018\/06\/18\/fete-des-peres-2\/p1010009-copie-15\/'><img loading=\"lazy\" decoding=\"async\" width=\"150\" height=\"150\" src=\"http:\/\/commune-loffre.fr\/wp-content\/uploads\/2018\/06\/P1010009-copie-2-150x150.jpg\" class=\"attachment-thumbnail size-thumbnail\" alt=\"\" srcset=\"http:\/\/commune-loffre.fr\/wp-content\/uploads\/2018\/06\/P1010009-copie-2-150x150.jpg 150w, http:\/\/commune-loffre.fr\/wp-content\/uploads\/2018\/06\/P1010009-copie-2-180x180.jpg 180w, http:\/\/commune-loffre.fr\/wp-content\/uploads\/2018\/06\/P1010009-copie-2-60x60.jpg 60w\" sizes=\"(max-width: 150px) 100vw, 150px\" \/><\/a>\n\t\t\t<\/dt><\/dl><br style=\"clear: both\" \/>\n\t\t<\/div>\n\n<p>Pour cette occasion, la municipalit\u00e9 a offert aux papas pr\u00e9sents une bouteille de vin ros\u00e9. <em>(A consommer avec mod\u00e9ration<\/em>)<\/p>\n","protected":false},"excerpt":{"rendered":"<p>Comme chaque ann\u00e9e, Monsieur le Maire et le conseil municipal ont convi\u00e9, le samedi 16 juin \u00e0 18 heures au foyer rural, les papas du village afin de partager un&#8230; <a href=\"http:\/\/commune-loffre.fr\/index.php\/2018\/06\/18\/fete-des-peres-2\/\">Read more &raquo;<\/a><\/p>\n","protected":false},"author":1,"featured_media":3508,"comment_status":"closed","ping_status":"closed","sticky":false,"template":"","format":"standard","meta":{"footnotes":""},"categories":[10],"tags":[],"_links":{"self":[{"href":"http:\/\/commune-loffre.fr\/index.php\/wp-json\/wp\/v2\/posts\/3499"}],"collection":[{"href":"http:\/\/commune-loffre.fr\/index.php\/wp-json\/wp\/v2\/posts"}],"about":[{"href":"http:\/\/commune-loffre.fr\/index.php\/wp-json\/wp\/v2\/types\/post"}],"author":[{"embeddable":true,"href":"http:\/\/commune-loffre.fr\/index.php\/wp-json\/wp\/v2\/users\/1"}],"replies":[{"embeddable":true,"href":"http:\/\/commune-loffre.fr\/index.php\/wp-json\/wp\/v2\/comments?post=3499"}],"version-history":[{"count":1,"href":"http:\/\/commune-loffre.fr\/index.php\/wp-json\/wp\/v2\/posts\/3499\/revisions"}],"predecessor-version":[{"id":3509,"href":"http:\/\/commune-loffre.fr\/index.php\/wp-json\/wp\/v2\/posts\/3499\/revisions\/3509"}],"wp:featuredmedia":[{"embeddable":true,"href":"http:\/\/commune-loffre.fr\/index.php\/wp-json\/wp\/v2\/media\/3508"}],"wp:attachment":[{"href":"http:\/\/commune-loffre.fr\/index.php\/wp-json\/wp\/v2\/media?parent=3499"}],"wp:term":[{"taxonomy":"category","embeddable":true,"href":"http:\/\/commune-loffre.fr\/index.php\/wp-json\/wp\/v2\/categories?post=3499"},{"taxonomy":"post_tag","embeddable":true,"href":"http:\/\/commune-loffre.fr\/index.php\/wp-json\/wp\/v2\/tags?post=3499"}],"curies":[{"name":"wp","href":"https:\/\/api.w.org\/{rel}","templated":true}]}}