{"id":3455,"date":"2018-06-14T18:48:42","date_gmt":"2018-06-14T17:48:42","guid":{"rendered":"http:\/\/commune-loffre.fr\/?p=3455"},"modified":"2018-06-14T18:48:42","modified_gmt":"2018-06-14T17:48:42","slug":"label-des-villes-et-villages-fleuris","status":"publish","type":"post","link":"http:\/\/commune-loffre.fr\/index.php\/2018\/06\/14\/label-des-villes-et-villages-fleuris\/","title":{"rendered":"Label des villes et villages fleuris"},"content":{"rendered":"<p>La municipalit\u00e9 a d\u00e9cid\u00e9 de concourir pour la premi\u00e8re fois \u00e0 la labellisation des villes et villages fleuris pour tenter de d\u00e9crocher le c\u00e9l\u00e8bre label. Mais le chemin qui permet d\u2019obtenir une fleur est complexe dans la mesure o\u00f9 il ne suffit pas simplement de fleurir les espaces publics. En effet, le dossier \u00e0 pr\u00e9senter doit faire ressortir notamment\u00a0:<\/p>\n<ul>\n<li>Notre d\u00e9marche de valorisation (motivation, strat\u00e9gie d\u2019am\u00e9nagement et de gestion),<\/li>\n<li>L\u2019animation et la promotion de la d\u00e9marche (aupr\u00e8s de la population, des touristes, les services municipaux et les autres gestionnaires de l\u2019espace public)<\/li>\n<li>Le patrimoine v\u00e9g\u00e9tal et le fleurissement (arbres, pelouses, fleurissement),<\/li>\n<li>La gestion environnementale et la qualit\u00e9 de l\u2019espace public, (ma\u00eetrise de la publicit\u00e9 et des enseignes, r\u00e9novation et entretien des fa\u00e7ades, effacement des r\u00e9seaux, int\u00e9gration du mobilier urbain, qualit\u00e9 de la voirie et des circulations)<\/li>\n<li>La pertinence de l\u2019am\u00e9nagement paysager et de la gestion (entr\u00e9es de la commune, centre de la commune et quartiers d\u2019habitations)<\/li>\n<\/ul>\n<p>Une visite du jury se d\u00e9roulera au cours du mois de juillet afin d\u2019\u00e9valuer le dossier de la commune. Les r\u00e9sultats seront connus pour la fin de l\u2019ann\u00e9e.<\/p>\n<p>Adressons nos encouragements aux agents techniques en charge de la d\u00e9marche et en particulier \u00e0 Monsieur Emmanuel DURIEZ qui pilote le dossier avec Monsieur le Maire.<\/p>\n","protected":false},"excerpt":{"rendered":"<p>La municipalit\u00e9 a d\u00e9cid\u00e9 de concourir pour la premi\u00e8re fois \u00e0 la labellisation des villes et villages fleuris pour tenter de d\u00e9crocher le c\u00e9l\u00e8bre label. Mais le chemin qui permet&#8230; <a href=\"http:\/\/commune-loffre.fr\/index.php\/2018\/06\/14\/label-des-villes-et-villages-fleuris\/\">Read more &raquo;<\/a><\/p>\n","protected":false},"author":1,"featured_media":3456,"comment_status":"closed","ping_status":"closed","sticky":false,"template":"","format":"standard","meta":{"footnotes":""},"categories":[3,9,10],"tags":[],"_links":{"self":[{"href":"http:\/\/commune-loffre.fr\/index.php\/wp-json\/wp\/v2\/posts\/3455"}],"collection":[{"href":"http:\/\/commune-loffre.fr\/index.php\/wp-json\/wp\/v2\/posts"}],"about":[{"href":"http:\/\/commune-loffre.fr\/index.php\/wp-json\/wp\/v2\/types\/post"}],"author":[{"embeddable":true,"href":"http:\/\/commune-loffre.fr\/index.php\/wp-json\/wp\/v2\/users\/1"}],"replies":[{"embeddable":true,"href":"http:\/\/commune-loffre.fr\/index.php\/wp-json\/wp\/v2\/comments?post=3455"}],"version-history":[{"count":1,"href":"http:\/\/commune-loffre.fr\/index.php\/wp-json\/wp\/v2\/posts\/3455\/revisions"}],"predecessor-version":[{"id":3457,"href":"http:\/\/commune-loffre.fr\/index.php\/wp-json\/wp\/v2\/posts\/3455\/revisions\/3457"}],"wp:featuredmedia":[{"embeddable":true,"href":"http:\/\/commune-loffre.fr\/index.php\/wp-json\/wp\/v2\/media\/3456"}],"wp:attachment":[{"href":"http:\/\/commune-loffre.fr\/index.php\/wp-json\/wp\/v2\/media?parent=3455"}],"wp:term":[{"taxonomy":"category","embeddable":true,"href":"http:\/\/commune-loffre.fr\/index.php\/wp-json\/wp\/v2\/categories?post=3455"},{"taxonomy":"post_tag","embeddable":true,"href":"http:\/\/commune-loffre.fr\/index.php\/wp-json\/wp\/v2\/tags?post=3455"}],"curies":[{"name":"wp","href":"https:\/\/api.w.org\/{rel}","templated":true}]}}