{"id":3423,"date":"2018-05-28T08:19:32","date_gmt":"2018-05-28T07:19:32","guid":{"rendered":"http:\/\/commune-loffre.fr\/?p=3423"},"modified":"2018-05-28T08:19:37","modified_gmt":"2018-05-28T07:19:37","slug":"une-animation-originale-pour-nos-enfants-inscrits-a-la-restauration-scolaire","status":"publish","type":"post","link":"http:\/\/commune-loffre.fr\/index.php\/2018\/05\/28\/une-animation-originale-pour-nos-enfants-inscrits-a-la-restauration-scolaire\/","title":{"rendered":"Une animation originale pour nos enfants inscrits \u00e0 la restauration scolaire"},"content":{"rendered":"<p>En cette fin d\u2019ann\u00e9e scolaire, sous l\u2019impulsion dynamique de Marie H\u00e9l\u00e8ne DUPUIS et sous une m\u00e9t\u00e9o cl\u00e9mente, l\u2019\u00e9quipe d\u2019encadrement a emmen\u00e9 les enfants qui fr\u00e9quentent la cantine dans la participation \u00e0 un concours visant \u00e0 fabriquer un TOTEM porte-menu.<\/p>\n\n\t\t<style type=\"text\/css\">\n\t\t\t#gallery-1 {\n\t\t\t\tmargin: auto;\n\t\t\t}\n\t\t\t#gallery-1 .gallery-item {\n\t\t\t\tfloat: left;\n\t\t\t\tmargin-top: 10px;\n\t\t\t\ttext-align: center;\n\t\t\t\twidth: 25%;\n\t\t\t}\n\t\t\t#gallery-1 img {\n\t\t\t\tborder: 2px solid #cfcfcf;\n\t\t\t}\n\t\t\t#gallery-1 .gallery-caption {\n\t\t\t\tmargin-left: 0;\n\t\t\t}\n\t\t\t\/* see gallery_shortcode() in wp-includes\/media.php *\/\n\t\t<\/style>\n\t\t<div id='gallery-1' class='gallery galleryid-3423 gallery-columns-4 gallery-size-medium'><dl class='gallery-item'>\n\t\t\t<dt class='gallery-icon portrait'>\n\t\t\t\t<a href='http:\/\/commune-loffre.fr\/index.php\/2018\/05\/28\/une-animation-originale-pour-nos-enfants-inscrits-a-la-restauration-scolaire\/img_0172-1-copie\/'><img loading=\"lazy\" decoding=\"async\" width=\"225\" height=\"300\" src=\"http:\/\/commune-loffre.fr\/wp-content\/uploads\/2018\/05\/IMG_0172-1-copie-225x300.jpg\" class=\"attachment-medium size-medium\" alt=\"\" srcset=\"http:\/\/commune-loffre.fr\/wp-content\/uploads\/2018\/05\/IMG_0172-1-copie-225x300.jpg 225w, http:\/\/commune-loffre.fr\/wp-content\/uploads\/2018\/05\/IMG_0172-1-copie.jpg 450w\" sizes=\"(max-width: 225px) 100vw, 225px\" \/><\/a>\n\t\t\t<\/dt><\/dl><dl class='gallery-item'>\n\t\t\t<dt class='gallery-icon landscape'>\n\t\t\t\t<a href='http:\/\/commune-loffre.fr\/index.php\/2018\/05\/28\/une-animation-originale-pour-nos-enfants-inscrits-a-la-restauration-scolaire\/img_0178-1-copie\/'><img loading=\"lazy\" decoding=\"async\" width=\"300\" height=\"225\" src=\"http:\/\/commune-loffre.fr\/wp-content\/uploads\/2018\/05\/IMG_0178-1-copie-300x225.jpg\" class=\"attachment-medium size-medium\" alt=\"\" srcset=\"http:\/\/commune-loffre.fr\/wp-content\/uploads\/2018\/05\/IMG_0178-1-copie-300x225.jpg 300w, http:\/\/commune-loffre.fr\/wp-content\/uploads\/2018\/05\/IMG_0178-1-copie-768x576.jpg 768w, http:\/\/commune-loffre.fr\/wp-content\/uploads\/2018\/05\/IMG_0178-1-copie-624x468.jpg 624w, http:\/\/commune-loffre.fr\/wp-content\/uploads\/2018\/05\/IMG_0178-1-copie-240x180.jpg 240w, http:\/\/commune-loffre.fr\/wp-content\/uploads\/2018\/05\/IMG_0178-1-copie.jpg 800w\" sizes=\"(max-width: 300px) 100vw, 300px\" \/><\/a>\n\t\t\t<\/dt><\/dl><dl class='gallery-item'>\n\t\t\t<dt class='gallery-icon portrait'>\n\t\t\t\t<a href='http:\/\/commune-loffre.fr\/index.php\/2018\/05\/28\/une-animation-originale-pour-nos-enfants-inscrits-a-la-restauration-scolaire\/img_1209-copie\/'><img loading=\"lazy\" decoding=\"async\" width=\"169\" height=\"300\" src=\"http:\/\/commune-loffre.fr\/wp-content\/uploads\/2018\/05\/IMG_1209-copie-169x300.jpg\" class=\"attachment-medium size-medium\" alt=\"\" srcset=\"http:\/\/commune-loffre.fr\/wp-content\/uploads\/2018\/05\/IMG_1209-copie-169x300.jpg 169w, http:\/\/commune-loffre.fr\/wp-content\/uploads\/2018\/05\/IMG_1209-copie.jpg 338w\" sizes=\"(max-width: 169px) 100vw, 169px\" \/><\/a>\n\t\t\t<\/dt><\/dl><dl class='gallery-item'>\n\t\t\t<dt class='gallery-icon landscape'>\n\t\t\t\t<a href='http:\/\/commune-loffre.fr\/index.php\/2018\/05\/28\/une-animation-originale-pour-nos-enfants-inscrits-a-la-restauration-scolaire\/img_1210-copie\/'><img loading=\"lazy\" decoding=\"async\" width=\"300\" height=\"169\" src=\"http:\/\/commune-loffre.fr\/wp-content\/uploads\/2018\/05\/IMG_1210-copie-300x169.jpg\" class=\"attachment-medium size-medium\" alt=\"\" srcset=\"http:\/\/commune-loffre.fr\/wp-content\/uploads\/2018\/05\/IMG_1210-copie-300x169.jpg 300w, http:\/\/commune-loffre.fr\/wp-content\/uploads\/2018\/05\/IMG_1210-copie-768x432.jpg 768w, http:\/\/commune-loffre.fr\/wp-content\/uploads\/2018\/05\/IMG_1210-copie-624x351.jpg 624w, http:\/\/commune-loffre.fr\/wp-content\/uploads\/2018\/05\/IMG_1210-copie.jpg 800w\" sizes=\"(max-width: 300px) 100vw, 300px\" \/><\/a>\n\t\t\t<\/dt><\/dl><br style=\"clear: both\" \/>\n\t\t<\/div>\n\n<p>Et c\u2019est ainsi que gr\u00e2ce \u00e0 la participation de tous les enfants est n\u00e9 ce g\u00e9ant Chef-Cuistot de 2.70 m de haut et 1.25 m de large<\/p>\n","protected":false},"excerpt":{"rendered":"<p>En cette fin d\u2019ann\u00e9e scolaire, sous l\u2019impulsion dynamique de Marie H\u00e9l\u00e8ne DUPUIS et sous une m\u00e9t\u00e9o cl\u00e9mente, l\u2019\u00e9quipe d\u2019encadrement a emmen\u00e9 les enfants qui fr\u00e9quentent la cantine dans la participation&#8230; <a href=\"http:\/\/commune-loffre.fr\/index.php\/2018\/05\/28\/une-animation-originale-pour-nos-enfants-inscrits-a-la-restauration-scolaire\/\">Read more &raquo;<\/a><\/p>\n","protected":false},"author":1,"featured_media":3425,"comment_status":"closed","ping_status":"closed","sticky":false,"template":"","format":"standard","meta":{"footnotes":""},"categories":[4],"tags":[],"_links":{"self":[{"href":"http:\/\/commune-loffre.fr\/index.php\/wp-json\/wp\/v2\/posts\/3423"}],"collection":[{"href":"http:\/\/commune-loffre.fr\/index.php\/wp-json\/wp\/v2\/posts"}],"about":[{"href":"http:\/\/commune-loffre.fr\/index.php\/wp-json\/wp\/v2\/types\/post"}],"author":[{"embeddable":true,"href":"http:\/\/commune-loffre.fr\/index.php\/wp-json\/wp\/v2\/users\/1"}],"replies":[{"embeddable":true,"href":"http:\/\/commune-loffre.fr\/index.php\/wp-json\/wp\/v2\/comments?post=3423"}],"version-history":[{"count":1,"href":"http:\/\/commune-loffre.fr\/index.php\/wp-json\/wp\/v2\/posts\/3423\/revisions"}],"predecessor-version":[{"id":3428,"href":"http:\/\/commune-loffre.fr\/index.php\/wp-json\/wp\/v2\/posts\/3423\/revisions\/3428"}],"wp:featuredmedia":[{"embeddable":true,"href":"http:\/\/commune-loffre.fr\/index.php\/wp-json\/wp\/v2\/media\/3425"}],"wp:attachment":[{"href":"http:\/\/commune-loffre.fr\/index.php\/wp-json\/wp\/v2\/media?parent=3423"}],"wp:term":[{"taxonomy":"category","embeddable":true,"href":"http:\/\/commune-loffre.fr\/index.php\/wp-json\/wp\/v2\/categories?post=3423"},{"taxonomy":"post_tag","embeddable":true,"href":"http:\/\/commune-loffre.fr\/index.php\/wp-json\/wp\/v2\/tags?post=3423"}],"curies":[{"name":"wp","href":"https:\/\/api.w.org\/{rel}","templated":true}]}}