{"id":3336,"date":"2018-04-23T19:30:06","date_gmt":"2018-04-23T18:30:06","guid":{"rendered":"http:\/\/commune-loffre.fr\/?p=3336"},"modified":"2018-04-23T19:30:06","modified_gmt":"2018-04-23T18:30:06","slug":"apres-midi-champetre-pour-les-enfants-des-classes-primaires-de-lecole-h-matisse","status":"publish","type":"post","link":"http:\/\/commune-loffre.fr\/index.php\/2018\/04\/23\/apres-midi-champetre-pour-les-enfants-des-classes-primaires-de-lecole-h-matisse\/","title":{"rendered":"Apr\u00e8s midi champ\u00eatre pour les enfants des classes primaires de l&rsquo;\u00e9cole H.Matisse"},"content":{"rendered":"<p>Dans le cadre du projet p\u00e9dagogique de l\u2019\u00e9cole autour de \u00ab\u00a0l\u2019environnement\u00a0\u00bb conjointement \u00e0 l\u2019action de la brigade verte loffrienne, les enfants de l\u2019\u00e9cole participent \u00e0 l\u2019embellissement et au fleurissement du village.<\/p>\n\n\t\t<style type=\"text\/css\">\n\t\t\t#gallery-1 {\n\t\t\t\tmargin: auto;\n\t\t\t}\n\t\t\t#gallery-1 .gallery-item {\n\t\t\t\tfloat: left;\n\t\t\t\tmargin-top: 10px;\n\t\t\t\ttext-align: center;\n\t\t\t\twidth: 16%;\n\t\t\t}\n\t\t\t#gallery-1 img {\n\t\t\t\tborder: 2px solid #cfcfcf;\n\t\t\t}\n\t\t\t#gallery-1 .gallery-caption {\n\t\t\t\tmargin-left: 0;\n\t\t\t}\n\t\t\t\/* see gallery_shortcode() in wp-includes\/media.php *\/\n\t\t<\/style>\n\t\t<div id='gallery-1' class='gallery galleryid-3336 gallery-columns-6 gallery-size-thumbnail'><dl class='gallery-item'>\n\t\t\t<dt class='gallery-icon landscape'>\n\t\t\t\t<a href='http:\/\/commune-loffre.fr\/index.php\/2018\/04\/23\/apres-midi-champetre-pour-les-enfants-des-classes-primaires-de-lecole-h-matisse\/005-copie\/'><img loading=\"lazy\" decoding=\"async\" width=\"150\" height=\"150\" src=\"http:\/\/commune-loffre.fr\/wp-content\/uploads\/2018\/04\/005-copie-150x150.jpg\" class=\"attachment-thumbnail size-thumbnail\" alt=\"\" srcset=\"http:\/\/commune-loffre.fr\/wp-content\/uploads\/2018\/04\/005-copie-150x150.jpg 150w, http:\/\/commune-loffre.fr\/wp-content\/uploads\/2018\/04\/005-copie-180x180.jpg 180w, http:\/\/commune-loffre.fr\/wp-content\/uploads\/2018\/04\/005-copie-60x60.jpg 60w\" sizes=\"(max-width: 150px) 100vw, 150px\" \/><\/a>\n\t\t\t<\/dt><\/dl><dl class='gallery-item'>\n\t\t\t<dt class='gallery-icon landscape'>\n\t\t\t\t<a href='http:\/\/commune-loffre.fr\/index.php\/2018\/04\/23\/apres-midi-champetre-pour-les-enfants-des-classes-primaires-de-lecole-h-matisse\/013-copie\/'><img loading=\"lazy\" decoding=\"async\" width=\"150\" height=\"150\" src=\"http:\/\/commune-loffre.fr\/wp-content\/uploads\/2018\/04\/013-copie-150x150.jpg\" class=\"attachment-thumbnail size-thumbnail\" alt=\"\" srcset=\"http:\/\/commune-loffre.fr\/wp-content\/uploads\/2018\/04\/013-copie-150x150.jpg 150w, http:\/\/commune-loffre.fr\/wp-content\/uploads\/2018\/04\/013-copie-180x180.jpg 180w, http:\/\/commune-loffre.fr\/wp-content\/uploads\/2018\/04\/013-copie-60x60.jpg 60w\" sizes=\"(max-width: 150px) 100vw, 150px\" \/><\/a>\n\t\t\t<\/dt><\/dl><dl class='gallery-item'>\n\t\t\t<dt class='gallery-icon landscape'>\n\t\t\t\t<a href='http:\/\/commune-loffre.fr\/index.php\/2018\/04\/23\/apres-midi-champetre-pour-les-enfants-des-classes-primaires-de-lecole-h-matisse\/017-copie-2\/'><img loading=\"lazy\" decoding=\"async\" width=\"150\" height=\"150\" src=\"http:\/\/commune-loffre.fr\/wp-content\/uploads\/2018\/04\/017-copie-150x150.jpg\" class=\"attachment-thumbnail size-thumbnail\" alt=\"\" srcset=\"http:\/\/commune-loffre.fr\/wp-content\/uploads\/2018\/04\/017-copie-150x150.jpg 150w, http:\/\/commune-loffre.fr\/wp-content\/uploads\/2018\/04\/017-copie-180x180.jpg 180w, http:\/\/commune-loffre.fr\/wp-content\/uploads\/2018\/04\/017-copie-60x60.jpg 60w\" sizes=\"(max-width: 150px) 100vw, 150px\" \/><\/a>\n\t\t\t<\/dt><\/dl><dl class='gallery-item'>\n\t\t\t<dt class='gallery-icon landscape'>\n\t\t\t\t<a href='http:\/\/commune-loffre.fr\/index.php\/2018\/04\/23\/apres-midi-champetre-pour-les-enfants-des-classes-primaires-de-lecole-h-matisse\/img_1139-copie\/'><img loading=\"lazy\" decoding=\"async\" width=\"150\" height=\"150\" src=\"http:\/\/commune-loffre.fr\/wp-content\/uploads\/2018\/04\/IMG_1139-copie-150x150.jpg\" class=\"attachment-thumbnail size-thumbnail\" alt=\"\" srcset=\"http:\/\/commune-loffre.fr\/wp-content\/uploads\/2018\/04\/IMG_1139-copie-150x150.jpg 150w, http:\/\/commune-loffre.fr\/wp-content\/uploads\/2018\/04\/IMG_1139-copie-180x180.jpg 180w, http:\/\/commune-loffre.fr\/wp-content\/uploads\/2018\/04\/IMG_1139-copie-60x60.jpg 60w\" sizes=\"(max-width: 150px) 100vw, 150px\" \/><\/a>\n\t\t\t<\/dt><\/dl><dl class='gallery-item'>\n\t\t\t<dt class='gallery-icon landscape'>\n\t\t\t\t<a href='http:\/\/commune-loffre.fr\/index.php\/2018\/04\/23\/apres-midi-champetre-pour-les-enfants-des-classes-primaires-de-lecole-h-matisse\/img_1142-copie\/'><img loading=\"lazy\" decoding=\"async\" width=\"150\" height=\"150\" src=\"http:\/\/commune-loffre.fr\/wp-content\/uploads\/2018\/04\/IMG_1142-copie-150x150.jpg\" class=\"attachment-thumbnail size-thumbnail\" alt=\"\" srcset=\"http:\/\/commune-loffre.fr\/wp-content\/uploads\/2018\/04\/IMG_1142-copie-150x150.jpg 150w, http:\/\/commune-loffre.fr\/wp-content\/uploads\/2018\/04\/IMG_1142-copie-180x180.jpg 180w, http:\/\/commune-loffre.fr\/wp-content\/uploads\/2018\/04\/IMG_1142-copie-60x60.jpg 60w\" sizes=\"(max-width: 150px) 100vw, 150px\" \/><\/a>\n\t\t\t<\/dt><\/dl><dl class='gallery-item'>\n\t\t\t<dt class='gallery-icon landscape'>\n\t\t\t\t<a href='http:\/\/commune-loffre.fr\/index.php\/2018\/04\/23\/apres-midi-champetre-pour-les-enfants-des-classes-primaires-de-lecole-h-matisse\/img_1143-copie\/'><img loading=\"lazy\" decoding=\"async\" width=\"150\" height=\"150\" src=\"http:\/\/commune-loffre.fr\/wp-content\/uploads\/2018\/04\/IMG_1143-copie-150x150.jpg\" class=\"attachment-thumbnail size-thumbnail\" alt=\"\" srcset=\"http:\/\/commune-loffre.fr\/wp-content\/uploads\/2018\/04\/IMG_1143-copie-150x150.jpg 150w, http:\/\/commune-loffre.fr\/wp-content\/uploads\/2018\/04\/IMG_1143-copie-180x180.jpg 180w, http:\/\/commune-loffre.fr\/wp-content\/uploads\/2018\/04\/IMG_1143-copie-60x60.jpg 60w\" sizes=\"(max-width: 150px) 100vw, 150px\" \/><\/a>\n\t\t\t<\/dt><\/dl><br style=\"clear: both\" \/>\n\t\t<\/div>\n\n<p>Apr\u00e8s une 1<sup>\u00e8re<\/sup> sortie le 14 d\u00e9cembre pour la plantation d\u2019une haie et de 6 arbres fruitiers, les enfants ont\u00a0 poursuivi et confirm\u00e9 leur formation en jardinage. Ils se sont dirig\u00e9s ce vendredi 20 avril, vers la rue de Lewarde afin de semer de la jach\u00e8re fleurie fournie par la CCCO et planter des bulbes de jonquilles offerts\u00a0 par la brigade verte loffrienne. Les 44 \u00e9l\u00e8ves encadr\u00e9s par leurs enseignants, des membres du Conseil Municipal, des mamans de l\u2019APE , des membres actifs de la \u00ab\u00a0brigade verte loffrienne\u00a0\u00bb et l\u2019Association \u00ab\u00a0SOS nature douaisis\u00a0\u00bb, \u00a0ont sem\u00e9 et plant\u00e9 avec beaucoup d\u2019enthousiasme, de bonne humeur et d\u2019\u00e9nergie sous une m\u00e9t\u00e9o ensoleill\u00e9e tr\u00e8s g\u00e9n\u00e9reuse. Le service technique avait pr\u00e9alablement pr\u00e9par\u00e9 la terre et la municipalit\u00e9 a offert \u00e0 tous ces jardiniers en herbe une boisson et une collation \u00e0 l\u2019issue de la sortie.<\/p>\n","protected":false},"excerpt":{"rendered":"<p>Dans le cadre du projet p\u00e9dagogique de l\u2019\u00e9cole autour de \u00ab\u00a0l\u2019environnement\u00a0\u00bb conjointement \u00e0 l\u2019action de la brigade verte loffrienne, les enfants de l\u2019\u00e9cole participent \u00e0 l\u2019embellissement et au fleurissement du&#8230; <a href=\"http:\/\/commune-loffre.fr\/index.php\/2018\/04\/23\/apres-midi-champetre-pour-les-enfants-des-classes-primaires-de-lecole-h-matisse\/\">Read more &raquo;<\/a><\/p>\n","protected":false},"author":1,"featured_media":0,"comment_status":"closed","ping_status":"closed","sticky":false,"template":"","format":"standard","meta":{"footnotes":""},"categories":[18,9],"tags":[],"_links":{"self":[{"href":"http:\/\/commune-loffre.fr\/index.php\/wp-json\/wp\/v2\/posts\/3336"}],"collection":[{"href":"http:\/\/commune-loffre.fr\/index.php\/wp-json\/wp\/v2\/posts"}],"about":[{"href":"http:\/\/commune-loffre.fr\/index.php\/wp-json\/wp\/v2\/types\/post"}],"author":[{"embeddable":true,"href":"http:\/\/commune-loffre.fr\/index.php\/wp-json\/wp\/v2\/users\/1"}],"replies":[{"embeddable":true,"href":"http:\/\/commune-loffre.fr\/index.php\/wp-json\/wp\/v2\/comments?post=3336"}],"version-history":[{"count":1,"href":"http:\/\/commune-loffre.fr\/index.php\/wp-json\/wp\/v2\/posts\/3336\/revisions"}],"predecessor-version":[{"id":3343,"href":"http:\/\/commune-loffre.fr\/index.php\/wp-json\/wp\/v2\/posts\/3336\/revisions\/3343"}],"wp:attachment":[{"href":"http:\/\/commune-loffre.fr\/index.php\/wp-json\/wp\/v2\/media?parent=3336"}],"wp:term":[{"taxonomy":"category","embeddable":true,"href":"http:\/\/commune-loffre.fr\/index.php\/wp-json\/wp\/v2\/categories?post=3336"},{"taxonomy":"post_tag","embeddable":true,"href":"http:\/\/commune-loffre.fr\/index.php\/wp-json\/wp\/v2\/tags?post=3336"}],"curies":[{"name":"wp","href":"https:\/\/api.w.org\/{rel}","templated":true}]}}