{"id":3331,"date":"2018-04-18T21:55:31","date_gmt":"2018-04-18T20:55:31","guid":{"rendered":"http:\/\/commune-loffre.fr\/?p=3331"},"modified":"2018-04-18T21:55:31","modified_gmt":"2018-04-18T20:55:31","slug":"assemblee-generale-des-randonneurs-de-loffre-2","status":"publish","type":"post","link":"http:\/\/commune-loffre.fr\/index.php\/2018\/04\/18\/assemblee-generale-des-randonneurs-de-loffre-2\/","title":{"rendered":"Assembl\u00e9e G\u00e9n\u00e9rale des Randonneurs de Loffre"},"content":{"rendered":"<p>Le Club des Randonneurs de Loffre tenait ce lundi 26 mars 2018 son assembl\u00e9e g\u00e9n\u00e9rale, o\u00f9 fut reconduit \u00e0 leur poste l&rsquo;ensemble du bureau dans une ambiance amicale et chaleureuse.<\/p>\n\n\t\t<style type=\"text\/css\">\n\t\t\t#gallery-1 {\n\t\t\t\tmargin: auto;\n\t\t\t}\n\t\t\t#gallery-1 .gallery-item {\n\t\t\t\tfloat: left;\n\t\t\t\tmargin-top: 10px;\n\t\t\t\ttext-align: center;\n\t\t\t\twidth: 50%;\n\t\t\t}\n\t\t\t#gallery-1 img {\n\t\t\t\tborder: 2px solid #cfcfcf;\n\t\t\t}\n\t\t\t#gallery-1 .gallery-caption {\n\t\t\t\tmargin-left: 0;\n\t\t\t}\n\t\t\t\/* see gallery_shortcode() in wp-includes\/media.php *\/\n\t\t<\/style>\n\t\t<div id='gallery-1' class='gallery galleryid-3331 gallery-columns-2 gallery-size-medium'><dl class='gallery-item'>\n\t\t\t<dt class='gallery-icon landscape'>\n\t\t\t\t<a href='http:\/\/commune-loffre.fr\/index.php\/2018\/04\/18\/assemblee-generale-des-randonneurs-de-loffre-2\/img_20180326_161818\/'><img loading=\"lazy\" decoding=\"async\" width=\"300\" height=\"225\" src=\"http:\/\/commune-loffre.fr\/wp-content\/uploads\/2018\/04\/IMG_20180326_161818-300x225.jpg\" class=\"attachment-medium size-medium\" alt=\"\" srcset=\"http:\/\/commune-loffre.fr\/wp-content\/uploads\/2018\/04\/IMG_20180326_161818-300x225.jpg 300w, http:\/\/commune-loffre.fr\/wp-content\/uploads\/2018\/04\/IMG_20180326_161818-768x576.jpg 768w, http:\/\/commune-loffre.fr\/wp-content\/uploads\/2018\/04\/IMG_20180326_161818-1024x768.jpg 1024w, http:\/\/commune-loffre.fr\/wp-content\/uploads\/2018\/04\/IMG_20180326_161818-624x468.jpg 624w, http:\/\/commune-loffre.fr\/wp-content\/uploads\/2018\/04\/IMG_20180326_161818-240x180.jpg 240w, http:\/\/commune-loffre.fr\/wp-content\/uploads\/2018\/04\/IMG_20180326_161818.jpg 1224w\" sizes=\"(max-width: 300px) 100vw, 300px\" \/><\/a>\n\t\t\t<\/dt><\/dl><dl class='gallery-item'>\n\t\t\t<dt class='gallery-icon landscape'>\n\t\t\t\t<a href='http:\/\/commune-loffre.fr\/index.php\/2018\/04\/18\/assemblee-generale-des-randonneurs-de-loffre-2\/p1030792\/'><img loading=\"lazy\" decoding=\"async\" width=\"300\" height=\"225\" src=\"http:\/\/commune-loffre.fr\/wp-content\/uploads\/2018\/04\/P1030792-300x225.jpg\" class=\"attachment-medium size-medium\" alt=\"\" srcset=\"http:\/\/commune-loffre.fr\/wp-content\/uploads\/2018\/04\/P1030792-300x225.jpg 300w, http:\/\/commune-loffre.fr\/wp-content\/uploads\/2018\/04\/P1030792-768x576.jpg 768w, http:\/\/commune-loffre.fr\/wp-content\/uploads\/2018\/04\/P1030792-1024x768.jpg 1024w, http:\/\/commune-loffre.fr\/wp-content\/uploads\/2018\/04\/P1030792-624x468.jpg 624w, http:\/\/commune-loffre.fr\/wp-content\/uploads\/2018\/04\/P1030792-240x180.jpg 240w\" sizes=\"(max-width: 300px) 100vw, 300px\" \/><\/a>\n\t\t\t<\/dt><\/dl><br style=\"clear: both\" \/>\n\t\t<\/div>\n\n<p>Le Pr\u00e9sident en titre, Marc DELAGNEAU a remis en cette occasion \u00e0 Maria BIANCO le dipl\u00f4me la nommant Pr\u00e9sidente d&rsquo;honneur du Club pour son activit\u00e9 depuis sa cr\u00e9ation.<\/p>\n","protected":false},"excerpt":{"rendered":"<p>Le Club des Randonneurs de Loffre tenait ce lundi 26 mars 2018 son assembl\u00e9e g\u00e9n\u00e9rale, o\u00f9 fut reconduit \u00e0 leur poste l&rsquo;ensemble du bureau dans une ambiance amicale et chaleureuse&#8230;. <a href=\"http:\/\/commune-loffre.fr\/index.php\/2018\/04\/18\/assemblee-generale-des-randonneurs-de-loffre-2\/\">Read more &raquo;<\/a><\/p>\n","protected":false},"author":1,"featured_media":3332,"comment_status":"closed","ping_status":"closed","sticky":false,"template":"","format":"standard","meta":{"footnotes":""},"categories":[3,15],"tags":[],"_links":{"self":[{"href":"http:\/\/commune-loffre.fr\/index.php\/wp-json\/wp\/v2\/posts\/3331"}],"collection":[{"href":"http:\/\/commune-loffre.fr\/index.php\/wp-json\/wp\/v2\/posts"}],"about":[{"href":"http:\/\/commune-loffre.fr\/index.php\/wp-json\/wp\/v2\/types\/post"}],"author":[{"embeddable":true,"href":"http:\/\/commune-loffre.fr\/index.php\/wp-json\/wp\/v2\/users\/1"}],"replies":[{"embeddable":true,"href":"http:\/\/commune-loffre.fr\/index.php\/wp-json\/wp\/v2\/comments?post=3331"}],"version-history":[{"count":1,"href":"http:\/\/commune-loffre.fr\/index.php\/wp-json\/wp\/v2\/posts\/3331\/revisions"}],"predecessor-version":[{"id":3334,"href":"http:\/\/commune-loffre.fr\/index.php\/wp-json\/wp\/v2\/posts\/3331\/revisions\/3334"}],"wp:featuredmedia":[{"embeddable":true,"href":"http:\/\/commune-loffre.fr\/index.php\/wp-json\/wp\/v2\/media\/3332"}],"wp:attachment":[{"href":"http:\/\/commune-loffre.fr\/index.php\/wp-json\/wp\/v2\/media?parent=3331"}],"wp:term":[{"taxonomy":"category","embeddable":true,"href":"http:\/\/commune-loffre.fr\/index.php\/wp-json\/wp\/v2\/categories?post=3331"},{"taxonomy":"post_tag","embeddable":true,"href":"http:\/\/commune-loffre.fr\/index.php\/wp-json\/wp\/v2\/tags?post=3331"}],"curies":[{"name":"wp","href":"https:\/\/api.w.org\/{rel}","templated":true}]}}