{"id":3323,"date":"2018-04-15T16:31:11","date_gmt":"2018-04-15T15:31:11","guid":{"rendered":"http:\/\/commune-loffre.fr\/?p=3323"},"modified":"2018-04-15T16:33:42","modified_gmt":"2018-04-15T15:33:42","slug":"sortie-au-theatre-pour-la-ronde-des-livres","status":"publish","type":"post","link":"http:\/\/commune-loffre.fr\/index.php\/2018\/04\/15\/sortie-au-theatre-pour-la-ronde-des-livres\/","title":{"rendered":"Sortie au th\u00e9\u00e2tre pour la Ronde des livres"},"content":{"rendered":"<p><em>Jeudi 12 avril, sortie collective au th\u00e9\u00e2tre \u00ab\u00a0la rose des vents\u00a0\u00bb de Villeneuve d\u2019Ascq\u00a0pour des adh\u00e9rents de l\u2019Association \u00ab\u00a0La Ronde des livres\u00a0\u00bb.<\/em><\/p>\n\n\t\t<style type=\"text\/css\">\n\t\t\t#gallery-1 {\n\t\t\t\tmargin: auto;\n\t\t\t}\n\t\t\t#gallery-1 .gallery-item {\n\t\t\t\tfloat: left;\n\t\t\t\tmargin-top: 10px;\n\t\t\t\ttext-align: center;\n\t\t\t\twidth: 50%;\n\t\t\t}\n\t\t\t#gallery-1 img {\n\t\t\t\tborder: 2px solid #cfcfcf;\n\t\t\t}\n\t\t\t#gallery-1 .gallery-caption {\n\t\t\t\tmargin-left: 0;\n\t\t\t}\n\t\t\t\/* see gallery_shortcode() in wp-includes\/media.php *\/\n\t\t<\/style>\n\t\t<div id='gallery-1' class='gallery galleryid-3323 gallery-columns-2 gallery-size-medium'><dl class='gallery-item'>\n\t\t\t<dt class='gallery-icon portrait'>\n\t\t\t\t<a href='http:\/\/commune-loffre.fr\/index.php\/2018\/04\/15\/sortie-au-theatre-pour-la-ronde-des-livres\/img_1109-copie\/'><img loading=\"lazy\" decoding=\"async\" width=\"225\" height=\"300\" src=\"http:\/\/commune-loffre.fr\/wp-content\/uploads\/2018\/04\/IMG_1109-copie-225x300.jpg\" class=\"attachment-medium size-medium\" alt=\"\" srcset=\"http:\/\/commune-loffre.fr\/wp-content\/uploads\/2018\/04\/IMG_1109-copie-225x300.jpg 225w, http:\/\/commune-loffre.fr\/wp-content\/uploads\/2018\/04\/IMG_1109-copie.jpg 450w\" sizes=\"(max-width: 225px) 100vw, 225px\" \/><\/a>\n\t\t\t<\/dt><\/dl><dl class='gallery-item'>\n\t\t\t<dt class='gallery-icon landscape'>\n\t\t\t\t<a href='http:\/\/commune-loffre.fr\/index.php\/2018\/04\/15\/sortie-au-theatre-pour-la-ronde-des-livres\/img_1110-copie\/'><img loading=\"lazy\" decoding=\"async\" width=\"300\" height=\"169\" src=\"http:\/\/commune-loffre.fr\/wp-content\/uploads\/2018\/04\/IMG_1110-copie-300x169.jpg\" class=\"attachment-medium size-medium\" alt=\"\" srcset=\"http:\/\/commune-loffre.fr\/wp-content\/uploads\/2018\/04\/IMG_1110-copie-300x169.jpg 300w, http:\/\/commune-loffre.fr\/wp-content\/uploads\/2018\/04\/IMG_1110-copie-768x432.jpg 768w, http:\/\/commune-loffre.fr\/wp-content\/uploads\/2018\/04\/IMG_1110-copie-624x351.jpg 624w, http:\/\/commune-loffre.fr\/wp-content\/uploads\/2018\/04\/IMG_1110-copie.jpg 800w\" sizes=\"(max-width: 300px) 100vw, 300px\" \/><\/a>\n\t\t\t<\/dt><\/dl><br style=\"clear: both\" \/>\n\t\t<\/div>\n\n<p><em>Par cette adaptation du roman de Philippe Claudel \u00ab\u00a0la petite fille de Monsieur Linh\u00a0\u00bb, le metteur en sc\u00e8ne aborde le th\u00e8me des r\u00e9fugi\u00e9s sur un versant humaniste et surtout po\u00e9tique. Une interpr\u00e9tation puissante et bouleversante, un beau moment partag\u00e9 par les participants.\u00a0<\/em><\/p>\n","protected":false},"excerpt":{"rendered":"<p>Jeudi 12 avril, sortie collective au th\u00e9\u00e2tre \u00ab\u00a0la rose des vents\u00a0\u00bb de Villeneuve d\u2019Ascq\u00a0pour des adh\u00e9rents de l\u2019Association \u00ab\u00a0La Ronde des livres\u00a0\u00bb. Par cette adaptation du roman de Philippe Claudel&#8230; <a href=\"http:\/\/commune-loffre.fr\/index.php\/2018\/04\/15\/sortie-au-theatre-pour-la-ronde-des-livres\/\">Read more &raquo;<\/a><\/p>\n","protected":false},"author":1,"featured_media":3325,"comment_status":"closed","ping_status":"closed","sticky":false,"template":"","format":"standard","meta":{"footnotes":""},"categories":[3,18],"tags":[],"_links":{"self":[{"href":"http:\/\/commune-loffre.fr\/index.php\/wp-json\/wp\/v2\/posts\/3323"}],"collection":[{"href":"http:\/\/commune-loffre.fr\/index.php\/wp-json\/wp\/v2\/posts"}],"about":[{"href":"http:\/\/commune-loffre.fr\/index.php\/wp-json\/wp\/v2\/types\/post"}],"author":[{"embeddable":true,"href":"http:\/\/commune-loffre.fr\/index.php\/wp-json\/wp\/v2\/users\/1"}],"replies":[{"embeddable":true,"href":"http:\/\/commune-loffre.fr\/index.php\/wp-json\/wp\/v2\/comments?post=3323"}],"version-history":[{"count":1,"href":"http:\/\/commune-loffre.fr\/index.php\/wp-json\/wp\/v2\/posts\/3323\/revisions"}],"predecessor-version":[{"id":3326,"href":"http:\/\/commune-loffre.fr\/index.php\/wp-json\/wp\/v2\/posts\/3323\/revisions\/3326"}],"wp:featuredmedia":[{"embeddable":true,"href":"http:\/\/commune-loffre.fr\/index.php\/wp-json\/wp\/v2\/media\/3325"}],"wp:attachment":[{"href":"http:\/\/commune-loffre.fr\/index.php\/wp-json\/wp\/v2\/media?parent=3323"}],"wp:term":[{"taxonomy":"category","embeddable":true,"href":"http:\/\/commune-loffre.fr\/index.php\/wp-json\/wp\/v2\/categories?post=3323"},{"taxonomy":"post_tag","embeddable":true,"href":"http:\/\/commune-loffre.fr\/index.php\/wp-json\/wp\/v2\/tags?post=3323"}],"curies":[{"name":"wp","href":"https:\/\/api.w.org\/{rel}","templated":true}]}}