{"id":3314,"date":"2018-04-10T08:17:28","date_gmt":"2018-04-10T07:17:28","guid":{"rendered":"http:\/\/commune-loffre.fr\/?p=3314"},"modified":"2018-04-10T08:18:16","modified_gmt":"2018-04-10T07:18:16","slug":"atelier-printanier-specialites-du-terroir-2","status":"publish","type":"post","link":"http:\/\/commune-loffre.fr\/index.php\/2018\/04\/10\/atelier-printanier-specialites-du-terroir-2\/","title":{"rendered":"Atelier printanier \/ Sp\u00e9cialit\u00e9s du Terroir"},"content":{"rendered":"<p>Le samedi 7 avril matin \u00e0 la salle polyvalente s\u2019est d\u00e9roul\u00e9 le premier atelier des saveurs \u00e0 l\u2019initiative de Maria BIANCO et Jean-Claude GOTELAERE.<\/p>\n\n\t\t<style type=\"text\/css\">\n\t\t\t#gallery-1 {\n\t\t\t\tmargin: auto;\n\t\t\t}\n\t\t\t#gallery-1 .gallery-item {\n\t\t\t\tfloat: left;\n\t\t\t\tmargin-top: 10px;\n\t\t\t\ttext-align: center;\n\t\t\t\twidth: 33%;\n\t\t\t}\n\t\t\t#gallery-1 img {\n\t\t\t\tborder: 2px solid #cfcfcf;\n\t\t\t}\n\t\t\t#gallery-1 .gallery-caption {\n\t\t\t\tmargin-left: 0;\n\t\t\t}\n\t\t\t\/* see gallery_shortcode() in wp-includes\/media.php *\/\n\t\t<\/style>\n\t\t<div id='gallery-1' class='gallery galleryid-3314 gallery-columns-3 gallery-size-thumbnail'><dl class='gallery-item'>\n\t\t\t<dt class='gallery-icon landscape'>\n\t\t\t\t<a href='http:\/\/commune-loffre.fr\/index.php\/2018\/04\/10\/atelier-printanier-specialites-du-terroir-2\/30222190_10212632773877372_5881232429334659072_o-copie\/'><img loading=\"lazy\" decoding=\"async\" width=\"150\" height=\"150\" src=\"http:\/\/commune-loffre.fr\/wp-content\/uploads\/2018\/04\/30222190_10212632773877372_5881232429334659072_o-copie-150x150.jpg\" class=\"attachment-thumbnail size-thumbnail\" alt=\"\" srcset=\"http:\/\/commune-loffre.fr\/wp-content\/uploads\/2018\/04\/30222190_10212632773877372_5881232429334659072_o-copie-150x150.jpg 150w, http:\/\/commune-loffre.fr\/wp-content\/uploads\/2018\/04\/30222190_10212632773877372_5881232429334659072_o-copie-180x180.jpg 180w, http:\/\/commune-loffre.fr\/wp-content\/uploads\/2018\/04\/30222190_10212632773877372_5881232429334659072_o-copie-60x60.jpg 60w\" sizes=\"(max-width: 150px) 100vw, 150px\" \/><\/a>\n\t\t\t<\/dt><\/dl><dl class='gallery-item'>\n\t\t\t<dt class='gallery-icon landscape'>\n\t\t\t\t<a href='http:\/\/commune-loffre.fr\/index.php\/2018\/04\/10\/atelier-printanier-specialites-du-terroir-2\/30226708_10212632775917423_4995053480713388032_o-copie\/'><img loading=\"lazy\" decoding=\"async\" width=\"150\" height=\"150\" src=\"http:\/\/commune-loffre.fr\/wp-content\/uploads\/2018\/04\/30226708_10212632775917423_4995053480713388032_o-copie-150x150.jpg\" class=\"attachment-thumbnail size-thumbnail\" alt=\"\" srcset=\"http:\/\/commune-loffre.fr\/wp-content\/uploads\/2018\/04\/30226708_10212632775917423_4995053480713388032_o-copie-150x150.jpg 150w, http:\/\/commune-loffre.fr\/wp-content\/uploads\/2018\/04\/30226708_10212632775917423_4995053480713388032_o-copie-180x180.jpg 180w, http:\/\/commune-loffre.fr\/wp-content\/uploads\/2018\/04\/30226708_10212632775917423_4995053480713388032_o-copie-60x60.jpg 60w\" sizes=\"(max-width: 150px) 100vw, 150px\" \/><\/a>\n\t\t\t<\/dt><\/dl><dl class='gallery-item'>\n\t\t\t<dt class='gallery-icon landscape'>\n\t\t\t\t<a href='http:\/\/commune-loffre.fr\/index.php\/2018\/04\/10\/atelier-printanier-specialites-du-terroir-2\/olympus-digital-camera-759\/'><img loading=\"lazy\" decoding=\"async\" width=\"150\" height=\"150\" src=\"http:\/\/commune-loffre.fr\/wp-content\/uploads\/2018\/04\/P1010002-copie-150x150.jpg\" class=\"attachment-thumbnail size-thumbnail\" alt=\"\" srcset=\"http:\/\/commune-loffre.fr\/wp-content\/uploads\/2018\/04\/P1010002-copie-150x150.jpg 150w, http:\/\/commune-loffre.fr\/wp-content\/uploads\/2018\/04\/P1010002-copie-180x180.jpg 180w, http:\/\/commune-loffre.fr\/wp-content\/uploads\/2018\/04\/P1010002-copie-60x60.jpg 60w\" sizes=\"(max-width: 150px) 100vw, 150px\" \/><\/a>\n\t\t\t<\/dt><\/dl><br style=\"clear: both\" \/>\n\t\t<\/div>\n\n<p>Ce projet participatif r\u00e9alis\u00e9 par les b\u00e9n\u00e9voles (Ren\u00e9e, Jacqueline, Jeannine, Ghislaine, Sylvie, Anne-Sophie) avec le soutien de la municipalit\u00e9 a \u00e9t\u00e9 l\u2019occasion de cuisiner un veau mijot\u00e9 aux l\u00e9gumes de printemps, des bouch\u00e9es \u00e0 la reine et un g\u00e2teau pour dessert. Les plats ont \u00e9t\u00e9 vendus au profit du T\u00c9L\u00c9THON.<\/p>\n","protected":false},"excerpt":{"rendered":"<p>Le samedi 7 avril matin \u00e0 la salle polyvalente s\u2019est d\u00e9roul\u00e9 le premier atelier des saveurs \u00e0 l\u2019initiative de Maria BIANCO et Jean-Claude GOTELAERE. Ce projet participatif r\u00e9alis\u00e9 par les&#8230; <a href=\"http:\/\/commune-loffre.fr\/index.php\/2018\/04\/10\/atelier-printanier-specialites-du-terroir-2\/\">Read more &raquo;<\/a><\/p>\n","protected":false},"author":1,"featured_media":3317,"comment_status":"closed","ping_status":"closed","sticky":false,"template":"","format":"standard","meta":{"footnotes":""},"categories":[3,18],"tags":[],"_links":{"self":[{"href":"http:\/\/commune-loffre.fr\/index.php\/wp-json\/wp\/v2\/posts\/3314"}],"collection":[{"href":"http:\/\/commune-loffre.fr\/index.php\/wp-json\/wp\/v2\/posts"}],"about":[{"href":"http:\/\/commune-loffre.fr\/index.php\/wp-json\/wp\/v2\/types\/post"}],"author":[{"embeddable":true,"href":"http:\/\/commune-loffre.fr\/index.php\/wp-json\/wp\/v2\/users\/1"}],"replies":[{"embeddable":true,"href":"http:\/\/commune-loffre.fr\/index.php\/wp-json\/wp\/v2\/comments?post=3314"}],"version-history":[{"count":1,"href":"http:\/\/commune-loffre.fr\/index.php\/wp-json\/wp\/v2\/posts\/3314\/revisions"}],"predecessor-version":[{"id":3318,"href":"http:\/\/commune-loffre.fr\/index.php\/wp-json\/wp\/v2\/posts\/3314\/revisions\/3318"}],"wp:featuredmedia":[{"embeddable":true,"href":"http:\/\/commune-loffre.fr\/index.php\/wp-json\/wp\/v2\/media\/3317"}],"wp:attachment":[{"href":"http:\/\/commune-loffre.fr\/index.php\/wp-json\/wp\/v2\/media?parent=3314"}],"wp:term":[{"taxonomy":"category","embeddable":true,"href":"http:\/\/commune-loffre.fr\/index.php\/wp-json\/wp\/v2\/categories?post=3314"},{"taxonomy":"post_tag","embeddable":true,"href":"http:\/\/commune-loffre.fr\/index.php\/wp-json\/wp\/v2\/tags?post=3314"}],"curies":[{"name":"wp","href":"https:\/\/api.w.org\/{rel}","templated":true}]}}