{"id":3239,"date":"2018-03-18T14:12:31","date_gmt":"2018-03-18T13:12:31","guid":{"rendered":"http:\/\/commune-loffre.fr\/?p=3239"},"modified":"2018-03-18T14:12:31","modified_gmt":"2018-03-18T13:12:31","slug":"3239","status":"publish","type":"post","link":"http:\/\/commune-loffre.fr\/index.php\/2018\/03\/18\/3239\/","title":{"rendered":""},"content":{"rendered":"<p>L\u2019assembl\u00e9e g\u00e9n\u00e9rale des Anciens Combattants de Loffre s\u2019est d\u00e9roul\u00e9e le Dimanche 4 Mars \u00e0 la Salle polyvalente sous la pr\u00e9sidence de Monsieur Jean-Marie CH\u0152UR.<\/p>\n\n\t\t<style type=\"text\/css\">\n\t\t\t#gallery-1 {\n\t\t\t\tmargin: auto;\n\t\t\t}\n\t\t\t#gallery-1 .gallery-item {\n\t\t\t\tfloat: left;\n\t\t\t\tmargin-top: 10px;\n\t\t\t\ttext-align: center;\n\t\t\t\twidth: 25%;\n\t\t\t}\n\t\t\t#gallery-1 img {\n\t\t\t\tborder: 2px solid #cfcfcf;\n\t\t\t}\n\t\t\t#gallery-1 .gallery-caption {\n\t\t\t\tmargin-left: 0;\n\t\t\t}\n\t\t\t\/* see gallery_shortcode() in wp-includes\/media.php *\/\n\t\t<\/style>\n\t\t<div id='gallery-1' class='gallery galleryid-3239 gallery-columns-4 gallery-size-medium'><dl class='gallery-item'>\n\t\t\t<dt class='gallery-icon landscape'>\n\t\t\t\t<a href='http:\/\/commune-loffre.fr\/index.php\/2018\/03\/18\/3239\/img_5119\/'><img loading=\"lazy\" decoding=\"async\" width=\"300\" height=\"225\" src=\"http:\/\/commune-loffre.fr\/wp-content\/uploads\/2018\/03\/IMG_5119-300x225.jpg\" class=\"attachment-medium size-medium\" alt=\"\" srcset=\"http:\/\/commune-loffre.fr\/wp-content\/uploads\/2018\/03\/IMG_5119-300x225.jpg 300w, http:\/\/commune-loffre.fr\/wp-content\/uploads\/2018\/03\/IMG_5119-768x576.jpg 768w, http:\/\/commune-loffre.fr\/wp-content\/uploads\/2018\/03\/IMG_5119-1024x768.jpg 1024w, http:\/\/commune-loffre.fr\/wp-content\/uploads\/2018\/03\/IMG_5119-624x468.jpg 624w, http:\/\/commune-loffre.fr\/wp-content\/uploads\/2018\/03\/IMG_5119-240x180.jpg 240w, http:\/\/commune-loffre.fr\/wp-content\/uploads\/2018\/03\/IMG_5119.jpg 2048w\" sizes=\"(max-width: 300px) 100vw, 300px\" \/><\/a>\n\t\t\t<\/dt><\/dl><dl class='gallery-item'>\n\t\t\t<dt class='gallery-icon landscape'>\n\t\t\t\t<a href='http:\/\/commune-loffre.fr\/index.php\/2018\/03\/18\/3239\/img_5117\/'><img loading=\"lazy\" decoding=\"async\" width=\"300\" height=\"225\" src=\"http:\/\/commune-loffre.fr\/wp-content\/uploads\/2018\/03\/IMG_5117-300x225.jpg\" class=\"attachment-medium size-medium\" alt=\"\" srcset=\"http:\/\/commune-loffre.fr\/wp-content\/uploads\/2018\/03\/IMG_5117-300x225.jpg 300w, http:\/\/commune-loffre.fr\/wp-content\/uploads\/2018\/03\/IMG_5117-768x576.jpg 768w, http:\/\/commune-loffre.fr\/wp-content\/uploads\/2018\/03\/IMG_5117-1024x768.jpg 1024w, http:\/\/commune-loffre.fr\/wp-content\/uploads\/2018\/03\/IMG_5117-624x468.jpg 624w, http:\/\/commune-loffre.fr\/wp-content\/uploads\/2018\/03\/IMG_5117-240x180.jpg 240w, http:\/\/commune-loffre.fr\/wp-content\/uploads\/2018\/03\/IMG_5117.jpg 2048w\" sizes=\"(max-width: 300px) 100vw, 300px\" \/><\/a>\n\t\t\t<\/dt><\/dl><dl class='gallery-item'>\n\t\t\t<dt class='gallery-icon landscape'>\n\t\t\t\t<a href='http:\/\/commune-loffre.fr\/index.php\/2018\/03\/18\/3239\/img_5116\/'><img loading=\"lazy\" decoding=\"async\" width=\"300\" height=\"225\" src=\"http:\/\/commune-loffre.fr\/wp-content\/uploads\/2018\/03\/IMG_5116-300x225.jpg\" class=\"attachment-medium size-medium\" alt=\"\" srcset=\"http:\/\/commune-loffre.fr\/wp-content\/uploads\/2018\/03\/IMG_5116-300x225.jpg 300w, http:\/\/commune-loffre.fr\/wp-content\/uploads\/2018\/03\/IMG_5116-768x576.jpg 768w, http:\/\/commune-loffre.fr\/wp-content\/uploads\/2018\/03\/IMG_5116-1024x768.jpg 1024w, http:\/\/commune-loffre.fr\/wp-content\/uploads\/2018\/03\/IMG_5116-624x468.jpg 624w, http:\/\/commune-loffre.fr\/wp-content\/uploads\/2018\/03\/IMG_5116-240x180.jpg 240w, http:\/\/commune-loffre.fr\/wp-content\/uploads\/2018\/03\/IMG_5116.jpg 2048w\" sizes=\"(max-width: 300px) 100vw, 300px\" \/><\/a>\n\t\t\t<\/dt><\/dl><dl class='gallery-item'>\n\t\t\t<dt class='gallery-icon landscape'>\n\t\t\t\t<a href='http:\/\/commune-loffre.fr\/index.php\/2018\/03\/18\/3239\/img_5114\/'><img loading=\"lazy\" decoding=\"async\" width=\"300\" height=\"225\" src=\"http:\/\/commune-loffre.fr\/wp-content\/uploads\/2018\/03\/IMG_5114-300x225.jpg\" class=\"attachment-medium size-medium\" alt=\"\" srcset=\"http:\/\/commune-loffre.fr\/wp-content\/uploads\/2018\/03\/IMG_5114-300x225.jpg 300w, http:\/\/commune-loffre.fr\/wp-content\/uploads\/2018\/03\/IMG_5114-768x576.jpg 768w, http:\/\/commune-loffre.fr\/wp-content\/uploads\/2018\/03\/IMG_5114-1024x768.jpg 1024w, http:\/\/commune-loffre.fr\/wp-content\/uploads\/2018\/03\/IMG_5114-624x468.jpg 624w, http:\/\/commune-loffre.fr\/wp-content\/uploads\/2018\/03\/IMG_5114-240x180.jpg 240w, http:\/\/commune-loffre.fr\/wp-content\/uploads\/2018\/03\/IMG_5114.jpg 2048w\" sizes=\"(max-width: 300px) 100vw, 300px\" \/><\/a>\n\t\t\t<\/dt><\/dl><br style=\"clear: both\" \/>\n\t\t<\/div>\n\n<p>Assistaient \u00e9galement, Monsieur le Maire, Monsieur Jean Paul FONTAINE Maire de Lallaing et Conseiller R\u00e9gional, le conseiller d\u00e9partemental Monsieur Charles BEAUCHAMP et le d\u00e9put\u00e9 Monsieur Alain BRUNEEL. Apr\u00e8s avoir entendu l\u2019allocution de Monsieur le Maire, les rapports d\u2019activit\u00e9s, financier et moral ont \u00e9t\u00e9 approuv\u00e9s par les adh\u00e9rents. Ceux-ci ont \u00e9galement pris connaissance du calendrier pr\u00e9visionnel des activit\u00e9s de l\u2019ann\u00e9e 2018. A la suite de l\u2019assembl\u00e9e, quarante-six personnes ont profit\u00e9 d\u2019un moment de convivialit\u00e9 autour d\u2019un repas.<\/p>\n","protected":false},"excerpt":{"rendered":"<p>L\u2019assembl\u00e9e g\u00e9n\u00e9rale des Anciens Combattants de Loffre s\u2019est d\u00e9roul\u00e9e le Dimanche 4 Mars \u00e0 la Salle polyvalente sous la pr\u00e9sidence de Monsieur Jean-Marie CH\u0152UR. Assistaient \u00e9galement, Monsieur le Maire, Monsieur&#8230; <a href=\"http:\/\/commune-loffre.fr\/index.php\/2018\/03\/18\/3239\/\">Read more &raquo;<\/a><\/p>\n","protected":false},"author":1,"featured_media":3243,"comment_status":"closed","ping_status":"closed","sticky":false,"template":"","format":"standard","meta":{"footnotes":""},"categories":[3],"tags":[],"_links":{"self":[{"href":"http:\/\/commune-loffre.fr\/index.php\/wp-json\/wp\/v2\/posts\/3239"}],"collection":[{"href":"http:\/\/commune-loffre.fr\/index.php\/wp-json\/wp\/v2\/posts"}],"about":[{"href":"http:\/\/commune-loffre.fr\/index.php\/wp-json\/wp\/v2\/types\/post"}],"author":[{"embeddable":true,"href":"http:\/\/commune-loffre.fr\/index.php\/wp-json\/wp\/v2\/users\/1"}],"replies":[{"embeddable":true,"href":"http:\/\/commune-loffre.fr\/index.php\/wp-json\/wp\/v2\/comments?post=3239"}],"version-history":[{"count":1,"href":"http:\/\/commune-loffre.fr\/index.php\/wp-json\/wp\/v2\/posts\/3239\/revisions"}],"predecessor-version":[{"id":3244,"href":"http:\/\/commune-loffre.fr\/index.php\/wp-json\/wp\/v2\/posts\/3239\/revisions\/3244"}],"wp:featuredmedia":[{"embeddable":true,"href":"http:\/\/commune-loffre.fr\/index.php\/wp-json\/wp\/v2\/media\/3243"}],"wp:attachment":[{"href":"http:\/\/commune-loffre.fr\/index.php\/wp-json\/wp\/v2\/media?parent=3239"}],"wp:term":[{"taxonomy":"category","embeddable":true,"href":"http:\/\/commune-loffre.fr\/index.php\/wp-json\/wp\/v2\/categories?post=3239"},{"taxonomy":"post_tag","embeddable":true,"href":"http:\/\/commune-loffre.fr\/index.php\/wp-json\/wp\/v2\/tags?post=3239"}],"curies":[{"name":"wp","href":"https:\/\/api.w.org\/{rel}","templated":true}]}}