{"id":317,"date":"2016-05-08T13:56:58","date_gmt":"2016-05-08T12:56:58","guid":{"rendered":"http:\/\/commune-loffre.fr\/?p=317"},"modified":"2016-05-10T18:05:09","modified_gmt":"2016-05-10T17:05:09","slug":"voyage-a-notre-dame-de-lorette-pour-des-eleves-de-lecole-henri-matisse","status":"publish","type":"post","link":"http:\/\/commune-loffre.fr\/index.php\/2016\/05\/08\/voyage-a-notre-dame-de-lorette-pour-des-eleves-de-lecole-henri-matisse\/","title":{"rendered":"Voyage \u00e0 Notre-Dame-de-Lorette pour des \u00e9l\u00e8ves de l\u2019\u00e9cole Henri Matisse"},"content":{"rendered":"<p><a href=\"http:\/\/commune-loffre.fr\/index.php\/galerie\/\">Les photos..<\/a><\/p>\n<p>Dans une p\u00e9riode o\u00f9 la Nation a comm\u00e9mor\u00e9 en 2014 le centenaire du d\u00e9but de la premi\u00e8re guerre mondiale et prochainement, le 29 mai, le centenaire de la bataille de Verdun, les \u00e9l\u00e8ves de l\u2019\u00e9cole primaire de Roucourt et les classes, pour l\u2019\u00e9cole de Loffre, de Monsieur DUFOSSEZ se sont rendus, le Mardi 03 mai 2016, sous une m\u00e9t\u00e9o cl\u00e9mente, dans la r\u00e9gion Arrageoise sur le site de Notre-Dame-de-Lorette pour y d\u00e9couvrir l\u2019Anneau de la M\u00e9moire, la Carri\u00e8re Wellington, les champs de bataille et les tranch\u00e9es de Vimy ainsi que le grandiose monument Canadien.<\/p>\n<p>Ce d\u00e9placement a \u00e9t\u00e9 organis\u00e9 \u00e0 l\u2019initiative du Souvenir Fran\u00e7ais du Douaisis repr\u00e9sent\u00e9s par le capitaine HALLUIN et Monsieur CH\u0152UR et s\u2019inscrit dans la continuit\u00e9 des expositions organis\u00e9es par la commune sur le parcours de poilus Loffriens morts pour la France. La participation \u00e0 ce voyage n&rsquo;est revenue qu&rsquo;\u00e0 5\u20ac par \u00e9l\u00e8ve \u00e0 la commune de LOFFRE pour le transport, la plus importante part \u00e9tant prise en charge par le Souvenir Fran\u00e7ais (frais de guides et entr\u00e9es au mus\u00e9e d&rsquo;ARRAS). Messieurs BOUREL et CH\u0152UR respectivement Pr\u00e9sident et Tr\u00e9sorier des Anciens Combattants de Loffre ont accompagn\u00e9 les \u00e9l\u00e8ves, ainsi que le capitaine HALLUIN.<\/p>\n<p>Les \u00e9l\u00e8ves et accompagnants ont pu d\u00e9couvrir le M\u00e9morial international de Notre-Dame-de-Lorette (L&rsquo;Anneau de la M\u00e9moire), qui a \u00e9t\u00e9 inaugur\u00e9 par le Pr\u00e9sident Fran\u00e7ois HOLLANDE en pr\u00e9sence de nombreux chefs de gouvernement le 11 novembre 2014.<\/p>\n<p>Etabli au sommet du plateau de Notre-Dame-de-Lorette sur la commune d\u2019Ablain-Saint-Nazaire, au sud-est de la N\u00e9cropole nationale fran\u00e7aise, c\u2019est l\u2019un des plus grands m\u00e9moriaux au monde, puisqu\u2019il r\u00e9unit pr\u00e8s de 580 000 noms, pr\u00e9sent\u00e9s par ordre alphab\u00e9tique, sans distinction de nationalit\u00e9s, amis et ennemis d\u2019hier m\u00e9lang\u00e9s.<\/p>\n<p>Le laur\u00e9at du concours, l\u2019architecte Philippe Prost, a con\u00e7u un monument magnifique en forme d\u2019ellipse, \u00e0 la fois respectueux et puissant, o\u00f9 figurent 579 606 noms de soldats tomb\u00e9s sur le sol du Nord-Pas de Calais (Flandre fran\u00e7aise et Artois).<\/p>\n<p>Les \u00e9l\u00e8ves ont \u00e9galement d\u00e9couvert les origines de la carri\u00e8re de Wellington qui permit aux soldats alli\u00e9s de surprendre l\u2019arm\u00e9e allemande mais aussi les pr\u00e9paratifs de cette bataille d\u2019Arras et la vie des soldats en attente de partir au combat.<\/p>\n<p>\u00ab\u00a0Lors de la conf\u00e9rence interalli\u00e9e du 16 Novembre 1916 \u00e0 Chantilly, Fran\u00e7ais et Britanniques d\u00e9cident d\u2019une action commune pour rompre les lignes allemandes. Le G\u00e9n\u00e9ral Robert NIVELLE, \u00e0 la t\u00eate des forces fran\u00e7aises, est convaincu pouvoir y parvenir en lan\u00e7ant au printemps 1917 une attaque sur le Chemin des Dames dans l\u2019Aisne. Il obtient du Field Marshall Douglas HAIG que les troupes britanniques lancent une offensive de diversion plus au nord. Par sa situation sur le Front, Arras est choisie comme point de d\u00e9part de cette offensive.<\/p>\n<p>Dans le but de concentrer le plus d\u2019hommes aux plus pr\u00e8s des lignes allemandes sans \u00e9veiller la m\u00e9fiance de l\u2019ennemi, l\u2019arm\u00e9e britannique fait am\u00e9nager par les tunneliers n\u00e9o-z\u00e9landais les anciennes carri\u00e8res de craie de la ville, les \u00ab boves \u00bb. Deux vastes r\u00e9seaux souterrains sont ainsi organis\u00e9s. Sous le quartier Saint-Sauveur, les Ecossais et les Anglais donnent aux carri\u00e8res les noms de Glasgow, Manchester ou Liverpool. Sous le quartier Ronville, les N\u00e9o-Z\u00e9landais quant \u00e0 eux pr\u00e9f\u00e8rent Wellington, Auckland ou encore Nelson. Le 9 avril 1917, \u00e0 5h30 heure anglaise, apr\u00e8s une \u00e9norme explosion, 24 000 hommes surgissent de dessous terre et surprennent les premi\u00e8res lignes allemandes. Au m\u00eame moment, les Canadiens se lancent \u00e0 l\u2019assaut de la cr\u00eate de Vimy.\u00a0(Source\u00a0: www.cheminsdem\u00e9moire-nordpasdecalais.fr)\u00a0\u00bb<\/p>\n<p>&nbsp;<\/p>\n<p>&nbsp;<\/p>\n","protected":false},"excerpt":{"rendered":"<p>Les photos.. Dans une p\u00e9riode o\u00f9 la Nation a comm\u00e9mor\u00e9 en 2014 le centenaire du d\u00e9but de la premi\u00e8re guerre mondiale et prochainement, le 29 mai, le centenaire de la&#8230; <a href=\"http:\/\/commune-loffre.fr\/index.php\/2016\/05\/08\/voyage-a-notre-dame-de-lorette-pour-des-eleves-de-lecole-henri-matisse\/\">Read more &raquo;<\/a><\/p>\n","protected":false},"author":1,"featured_media":0,"comment_status":"closed","ping_status":"closed","sticky":false,"template":"","format":"standard","meta":{"footnotes":""},"categories":[4],"tags":[],"_links":{"self":[{"href":"http:\/\/commune-loffre.fr\/index.php\/wp-json\/wp\/v2\/posts\/317"}],"collection":[{"href":"http:\/\/commune-loffre.fr\/index.php\/wp-json\/wp\/v2\/posts"}],"about":[{"href":"http:\/\/commune-loffre.fr\/index.php\/wp-json\/wp\/v2\/types\/post"}],"author":[{"embeddable":true,"href":"http:\/\/commune-loffre.fr\/index.php\/wp-json\/wp\/v2\/users\/1"}],"replies":[{"embeddable":true,"href":"http:\/\/commune-loffre.fr\/index.php\/wp-json\/wp\/v2\/comments?post=317"}],"version-history":[{"count":12,"href":"http:\/\/commune-loffre.fr\/index.php\/wp-json\/wp\/v2\/posts\/317\/revisions"}],"predecessor-version":[{"id":355,"href":"http:\/\/commune-loffre.fr\/index.php\/wp-json\/wp\/v2\/posts\/317\/revisions\/355"}],"wp:attachment":[{"href":"http:\/\/commune-loffre.fr\/index.php\/wp-json\/wp\/v2\/media?parent=317"}],"wp:term":[{"taxonomy":"category","embeddable":true,"href":"http:\/\/commune-loffre.fr\/index.php\/wp-json\/wp\/v2\/categories?post=317"},{"taxonomy":"post_tag","embeddable":true,"href":"http:\/\/commune-loffre.fr\/index.php\/wp-json\/wp\/v2\/tags?post=317"}],"curies":[{"name":"wp","href":"https:\/\/api.w.org\/{rel}","templated":true}]}}