{"id":3108,"date":"2018-02-05T10:19:06","date_gmt":"2018-02-05T09:19:06","guid":{"rendered":"http:\/\/commune-loffre.fr\/?p=3108"},"modified":"2018-02-05T10:19:06","modified_gmt":"2018-02-05T09:19:06","slug":"ceremonie-des-voeux-2","status":"publish","type":"post","link":"http:\/\/commune-loffre.fr\/index.php\/2018\/02\/05\/ceremonie-des-voeux-2\/","title":{"rendered":"C\u00e9r\u00e9monie des V\u0153ux"},"content":{"rendered":"<p>Monsieur le Maire et son \u00e9quipe municipale avaient invit\u00e9 les habitants de notre commune \u00e0 la c\u00e9r\u00e9monie des v\u0153ux le samedi 27 janvier 2018 \u00e0 18 heures \u00e0 la salle polyvalente. De nombreux habitants, responsables d\u2019associations du village, repr\u00e9sentants d\u2019entreprises et \u00e9lus avaient r\u00e9pondu pr\u00e9sents \u00e0 cette invitation. Ainsi figuraient entre autres dans l\u2019assistance, Monsieur Alain Bruneel, D\u00e9put\u00e9 de notre circonscription, Monsieur Alain Beauchamp et Madame Maryline Lucas, conseillers D\u00e9partementaux, Monsieur Fr\u00e9d\u00e9ric Delannoy, Pr\u00e9sident de la communaut\u00e9 de communes C\u0153ur d\u2019Ostrevent et de nombreux maires de communes adh\u00e9rentes \u00e0 C\u0153ur d\u2019Ostrevent.<\/p>\n\n\t\t<style type=\"text\/css\">\n\t\t\t#gallery-1 {\n\t\t\t\tmargin: auto;\n\t\t\t}\n\t\t\t#gallery-1 .gallery-item {\n\t\t\t\tfloat: left;\n\t\t\t\tmargin-top: 10px;\n\t\t\t\ttext-align: center;\n\t\t\t\twidth: 12%;\n\t\t\t}\n\t\t\t#gallery-1 img {\n\t\t\t\tborder: 2px solid #cfcfcf;\n\t\t\t}\n\t\t\t#gallery-1 .gallery-caption {\n\t\t\t\tmargin-left: 0;\n\t\t\t}\n\t\t\t\/* see gallery_shortcode() in wp-includes\/media.php *\/\n\t\t<\/style>\n\t\t<div id='gallery-1' class='gallery galleryid-3108 gallery-columns-8 gallery-size-thumbnail'><dl class='gallery-item'>\n\t\t\t<dt class='gallery-icon landscape'>\n\t\t\t\t<a href='http:\/\/commune-loffre.fr\/index.php\/2018\/02\/05\/ceremonie-des-voeux-2\/p1010012-copie-8\/'><img loading=\"lazy\" decoding=\"async\" width=\"150\" height=\"150\" src=\"http:\/\/commune-loffre.fr\/wp-content\/uploads\/2018\/02\/P1010012-copie-1-150x150.jpg\" class=\"attachment-thumbnail size-thumbnail\" alt=\"\" srcset=\"http:\/\/commune-loffre.fr\/wp-content\/uploads\/2018\/02\/P1010012-copie-1-150x150.jpg 150w, http:\/\/commune-loffre.fr\/wp-content\/uploads\/2018\/02\/P1010012-copie-1-180x180.jpg 180w, http:\/\/commune-loffre.fr\/wp-content\/uploads\/2018\/02\/P1010012-copie-1-60x60.jpg 60w\" sizes=\"(max-width: 150px) 100vw, 150px\" \/><\/a>\n\t\t\t<\/dt><\/dl><dl class='gallery-item'>\n\t\t\t<dt class='gallery-icon portrait'>\n\t\t\t\t<a href='http:\/\/commune-loffre.fr\/index.php\/2018\/02\/05\/ceremonie-des-voeux-2\/p1010011-copie-11\/'><img loading=\"lazy\" decoding=\"async\" width=\"150\" height=\"150\" src=\"http:\/\/commune-loffre.fr\/wp-content\/uploads\/2018\/02\/P1010011-copie-1-150x150.jpg\" class=\"attachment-thumbnail size-thumbnail\" alt=\"\" srcset=\"http:\/\/commune-loffre.fr\/wp-content\/uploads\/2018\/02\/P1010011-copie-1-150x150.jpg 150w, http:\/\/commune-loffre.fr\/wp-content\/uploads\/2018\/02\/P1010011-copie-1-180x180.jpg 180w, http:\/\/commune-loffre.fr\/wp-content\/uploads\/2018\/02\/P1010011-copie-1-60x60.jpg 60w\" sizes=\"(max-width: 150px) 100vw, 150px\" \/><\/a>\n\t\t\t<\/dt><\/dl><dl class='gallery-item'>\n\t\t\t<dt class='gallery-icon landscape'>\n\t\t\t\t<a href='http:\/\/commune-loffre.fr\/index.php\/2018\/02\/05\/ceremonie-des-voeux-2\/p1010010-copie-11\/'><img loading=\"lazy\" decoding=\"async\" width=\"150\" height=\"150\" src=\"http:\/\/commune-loffre.fr\/wp-content\/uploads\/2018\/02\/P1010010-copie-1-150x150.jpg\" class=\"attachment-thumbnail size-thumbnail\" alt=\"\" srcset=\"http:\/\/commune-loffre.fr\/wp-content\/uploads\/2018\/02\/P1010010-copie-1-150x150.jpg 150w, http:\/\/commune-loffre.fr\/wp-content\/uploads\/2018\/02\/P1010010-copie-1-180x180.jpg 180w, http:\/\/commune-loffre.fr\/wp-content\/uploads\/2018\/02\/P1010010-copie-1-60x60.jpg 60w\" sizes=\"(max-width: 150px) 100vw, 150px\" \/><\/a>\n\t\t\t<\/dt><\/dl><dl class='gallery-item'>\n\t\t\t<dt class='gallery-icon portrait'>\n\t\t\t\t<a href='http:\/\/commune-loffre.fr\/index.php\/2018\/02\/05\/ceremonie-des-voeux-2\/p1010009-copie-10\/'><img loading=\"lazy\" decoding=\"async\" width=\"150\" height=\"150\" src=\"http:\/\/commune-loffre.fr\/wp-content\/uploads\/2018\/02\/P1010009-copie-1-150x150.jpg\" class=\"attachment-thumbnail size-thumbnail\" alt=\"\" srcset=\"http:\/\/commune-loffre.fr\/wp-content\/uploads\/2018\/02\/P1010009-copie-1-150x150.jpg 150w, http:\/\/commune-loffre.fr\/wp-content\/uploads\/2018\/02\/P1010009-copie-1-180x180.jpg 180w, http:\/\/commune-loffre.fr\/wp-content\/uploads\/2018\/02\/P1010009-copie-1-60x60.jpg 60w\" sizes=\"(max-width: 150px) 100vw, 150px\" \/><\/a>\n\t\t\t<\/dt><\/dl><dl class='gallery-item'>\n\t\t\t<dt class='gallery-icon landscape'>\n\t\t\t\t<a href='http:\/\/commune-loffre.fr\/index.php\/2018\/02\/05\/ceremonie-des-voeux-2\/p1010008-copie-11\/'><img loading=\"lazy\" decoding=\"async\" width=\"150\" height=\"150\" src=\"http:\/\/commune-loffre.fr\/wp-content\/uploads\/2018\/02\/P1010008-copie-1-150x150.jpg\" class=\"attachment-thumbnail size-thumbnail\" alt=\"\" srcset=\"http:\/\/commune-loffre.fr\/wp-content\/uploads\/2018\/02\/P1010008-copie-1-150x150.jpg 150w, http:\/\/commune-loffre.fr\/wp-content\/uploads\/2018\/02\/P1010008-copie-1-180x180.jpg 180w, http:\/\/commune-loffre.fr\/wp-content\/uploads\/2018\/02\/P1010008-copie-1-60x60.jpg 60w\" sizes=\"(max-width: 150px) 100vw, 150px\" \/><\/a>\n\t\t\t<\/dt><\/dl><dl class='gallery-item'>\n\t\t\t<dt class='gallery-icon landscape'>\n\t\t\t\t<a href='http:\/\/commune-loffre.fr\/index.php\/2018\/02\/05\/ceremonie-des-voeux-2\/p1010007-copie-11\/'><img loading=\"lazy\" decoding=\"async\" width=\"150\" height=\"150\" src=\"http:\/\/commune-loffre.fr\/wp-content\/uploads\/2018\/02\/P1010007-copie-1-150x150.jpg\" class=\"attachment-thumbnail size-thumbnail\" alt=\"\" srcset=\"http:\/\/commune-loffre.fr\/wp-content\/uploads\/2018\/02\/P1010007-copie-1-150x150.jpg 150w, http:\/\/commune-loffre.fr\/wp-content\/uploads\/2018\/02\/P1010007-copie-1-180x180.jpg 180w, http:\/\/commune-loffre.fr\/wp-content\/uploads\/2018\/02\/P1010007-copie-1-60x60.jpg 60w\" sizes=\"(max-width: 150px) 100vw, 150px\" \/><\/a>\n\t\t\t<\/dt><\/dl><dl class='gallery-item'>\n\t\t\t<dt class='gallery-icon landscape'>\n\t\t\t\t<a href='http:\/\/commune-loffre.fr\/index.php\/2018\/02\/05\/ceremonie-des-voeux-2\/p1010006-copie-11\/'><img loading=\"lazy\" decoding=\"async\" width=\"150\" height=\"150\" src=\"http:\/\/commune-loffre.fr\/wp-content\/uploads\/2018\/02\/P1010006-copie-1-150x150.jpg\" class=\"attachment-thumbnail size-thumbnail\" alt=\"\" srcset=\"http:\/\/commune-loffre.fr\/wp-content\/uploads\/2018\/02\/P1010006-copie-1-150x150.jpg 150w, http:\/\/commune-loffre.fr\/wp-content\/uploads\/2018\/02\/P1010006-copie-1-180x180.jpg 180w, http:\/\/commune-loffre.fr\/wp-content\/uploads\/2018\/02\/P1010006-copie-1-60x60.jpg 60w\" sizes=\"(max-width: 150px) 100vw, 150px\" \/><\/a>\n\t\t\t<\/dt><\/dl><dl class='gallery-item'>\n\t\t\t<dt class='gallery-icon landscape'>\n\t\t\t\t<a href='http:\/\/commune-loffre.fr\/index.php\/2018\/02\/05\/ceremonie-des-voeux-2\/img_0318-copie-2\/'><img loading=\"lazy\" decoding=\"async\" width=\"150\" height=\"150\" src=\"http:\/\/commune-loffre.fr\/wp-content\/uploads\/2018\/02\/IMG_0318-copie-1-150x150.jpg\" class=\"attachment-thumbnail size-thumbnail\" alt=\"\" srcset=\"http:\/\/commune-loffre.fr\/wp-content\/uploads\/2018\/02\/IMG_0318-copie-1-150x150.jpg 150w, http:\/\/commune-loffre.fr\/wp-content\/uploads\/2018\/02\/IMG_0318-copie-1-180x180.jpg 180w, http:\/\/commune-loffre.fr\/wp-content\/uploads\/2018\/02\/IMG_0318-copie-1-60x60.jpg 60w\" sizes=\"(max-width: 150px) 100vw, 150px\" \/><\/a>\n\t\t\t<\/dt><\/dl><br style=\"clear: both\" \/><dl class='gallery-item'>\n\t\t\t<dt class='gallery-icon landscape'>\n\t\t\t\t<a href='http:\/\/commune-loffre.fr\/index.php\/2018\/02\/05\/ceremonie-des-voeux-2\/img_0329-copie-2\/'><img loading=\"lazy\" decoding=\"async\" width=\"150\" height=\"150\" src=\"http:\/\/commune-loffre.fr\/wp-content\/uploads\/2018\/02\/IMG_0329-copie-1-150x150.jpg\" class=\"attachment-thumbnail size-thumbnail\" alt=\"\" srcset=\"http:\/\/commune-loffre.fr\/wp-content\/uploads\/2018\/02\/IMG_0329-copie-1-150x150.jpg 150w, http:\/\/commune-loffre.fr\/wp-content\/uploads\/2018\/02\/IMG_0329-copie-1-180x180.jpg 180w, http:\/\/commune-loffre.fr\/wp-content\/uploads\/2018\/02\/IMG_0329-copie-1-60x60.jpg 60w\" sizes=\"(max-width: 150px) 100vw, 150px\" \/><\/a>\n\t\t\t<\/dt><\/dl><dl class='gallery-item'>\n\t\t\t<dt class='gallery-icon landscape'>\n\t\t\t\t<a href='http:\/\/commune-loffre.fr\/index.php\/2018\/02\/05\/ceremonie-des-voeux-2\/p1010001-copie-8\/'><img loading=\"lazy\" decoding=\"async\" width=\"150\" height=\"150\" src=\"http:\/\/commune-loffre.fr\/wp-content\/uploads\/2018\/02\/P1010001-copie-1-150x150.jpg\" class=\"attachment-thumbnail size-thumbnail\" alt=\"\" srcset=\"http:\/\/commune-loffre.fr\/wp-content\/uploads\/2018\/02\/P1010001-copie-1-150x150.jpg 150w, http:\/\/commune-loffre.fr\/wp-content\/uploads\/2018\/02\/P1010001-copie-1-180x180.jpg 180w, http:\/\/commune-loffre.fr\/wp-content\/uploads\/2018\/02\/P1010001-copie-1-60x60.jpg 60w\" sizes=\"(max-width: 150px) 100vw, 150px\" \/><\/a>\n\t\t\t<\/dt><\/dl><dl class='gallery-item'>\n\t\t\t<dt class='gallery-icon portrait'>\n\t\t\t\t<a href='http:\/\/commune-loffre.fr\/index.php\/2018\/02\/05\/ceremonie-des-voeux-2\/p1010002-copie-9\/'><img loading=\"lazy\" decoding=\"async\" width=\"150\" height=\"150\" src=\"http:\/\/commune-loffre.fr\/wp-content\/uploads\/2018\/02\/P1010002-copie-1-150x150.jpg\" class=\"attachment-thumbnail size-thumbnail\" alt=\"\" srcset=\"http:\/\/commune-loffre.fr\/wp-content\/uploads\/2018\/02\/P1010002-copie-1-150x150.jpg 150w, http:\/\/commune-loffre.fr\/wp-content\/uploads\/2018\/02\/P1010002-copie-1-180x180.jpg 180w, http:\/\/commune-loffre.fr\/wp-content\/uploads\/2018\/02\/P1010002-copie-1-60x60.jpg 60w\" sizes=\"(max-width: 150px) 100vw, 150px\" \/><\/a>\n\t\t\t<\/dt><\/dl><dl class='gallery-item'>\n\t\t\t<dt class='gallery-icon landscape'>\n\t\t\t\t<a href='http:\/\/commune-loffre.fr\/index.php\/2018\/02\/05\/ceremonie-des-voeux-2\/p1010003-copie-10\/'><img loading=\"lazy\" decoding=\"async\" width=\"150\" height=\"150\" src=\"http:\/\/commune-loffre.fr\/wp-content\/uploads\/2018\/02\/P1010003-copie-1-150x150.jpg\" class=\"attachment-thumbnail size-thumbnail\" alt=\"\" srcset=\"http:\/\/commune-loffre.fr\/wp-content\/uploads\/2018\/02\/P1010003-copie-1-150x150.jpg 150w, http:\/\/commune-loffre.fr\/wp-content\/uploads\/2018\/02\/P1010003-copie-1-180x180.jpg 180w, http:\/\/commune-loffre.fr\/wp-content\/uploads\/2018\/02\/P1010003-copie-1-60x60.jpg 60w\" sizes=\"(max-width: 150px) 100vw, 150px\" \/><\/a>\n\t\t\t<\/dt><\/dl><dl class='gallery-item'>\n\t\t\t<dt class='gallery-icon landscape'>\n\t\t\t\t<a href='http:\/\/commune-loffre.fr\/index.php\/2018\/02\/05\/ceremonie-des-voeux-2\/p1010004-copie-10\/'><img loading=\"lazy\" decoding=\"async\" width=\"150\" height=\"150\" src=\"http:\/\/commune-loffre.fr\/wp-content\/uploads\/2018\/02\/P1010004-copie-1-150x150.jpg\" class=\"attachment-thumbnail size-thumbnail\" alt=\"\" srcset=\"http:\/\/commune-loffre.fr\/wp-content\/uploads\/2018\/02\/P1010004-copie-1-150x150.jpg 150w, http:\/\/commune-loffre.fr\/wp-content\/uploads\/2018\/02\/P1010004-copie-1-180x180.jpg 180w, http:\/\/commune-loffre.fr\/wp-content\/uploads\/2018\/02\/P1010004-copie-1-60x60.jpg 60w\" sizes=\"(max-width: 150px) 100vw, 150px\" \/><\/a>\n\t\t\t<\/dt><\/dl><dl class='gallery-item'>\n\t\t\t<dt class='gallery-icon landscape'>\n\t\t\t\t<a href='http:\/\/commune-loffre.fr\/index.php\/2018\/02\/05\/ceremonie-des-voeux-2\/p1010005-copie-8\/'><img loading=\"lazy\" decoding=\"async\" width=\"150\" height=\"150\" src=\"http:\/\/commune-loffre.fr\/wp-content\/uploads\/2018\/02\/P1010005-copie-1-150x150.jpg\" class=\"attachment-thumbnail size-thumbnail\" alt=\"\" srcset=\"http:\/\/commune-loffre.fr\/wp-content\/uploads\/2018\/02\/P1010005-copie-1-150x150.jpg 150w, http:\/\/commune-loffre.fr\/wp-content\/uploads\/2018\/02\/P1010005-copie-1-180x180.jpg 180w, http:\/\/commune-loffre.fr\/wp-content\/uploads\/2018\/02\/P1010005-copie-1-60x60.jpg 60w\" sizes=\"(max-width: 150px) 100vw, 150px\" \/><\/a>\n\t\t\t<\/dt><\/dl><dl class='gallery-item'>\n\t\t\t<dt class='gallery-icon landscape'>\n\t\t\t\t<a href='http:\/\/commune-loffre.fr\/index.php\/2018\/02\/05\/ceremonie-des-voeux-2\/img_0314-copie-2\/'><img loading=\"lazy\" decoding=\"async\" width=\"150\" height=\"150\" src=\"http:\/\/commune-loffre.fr\/wp-content\/uploads\/2018\/02\/IMG_0314-copie-1-150x150.jpg\" class=\"attachment-thumbnail size-thumbnail\" alt=\"\" srcset=\"http:\/\/commune-loffre.fr\/wp-content\/uploads\/2018\/02\/IMG_0314-copie-1-150x150.jpg 150w, http:\/\/commune-loffre.fr\/wp-content\/uploads\/2018\/02\/IMG_0314-copie-1-180x180.jpg 180w, http:\/\/commune-loffre.fr\/wp-content\/uploads\/2018\/02\/IMG_0314-copie-1-60x60.jpg 60w\" sizes=\"(max-width: 150px) 100vw, 150px\" \/><\/a>\n\t\t\t<\/dt><\/dl><dl class='gallery-item'>\n\t\t\t<dt class='gallery-icon landscape'>\n\t\t\t\t<a href='http:\/\/commune-loffre.fr\/index.php\/2018\/02\/05\/ceremonie-des-voeux-2\/img_0311-copie-2\/'><img loading=\"lazy\" decoding=\"async\" width=\"150\" height=\"150\" src=\"http:\/\/commune-loffre.fr\/wp-content\/uploads\/2018\/02\/IMG_0311-copie-1-150x150.jpg\" class=\"attachment-thumbnail size-thumbnail\" alt=\"\" srcset=\"http:\/\/commune-loffre.fr\/wp-content\/uploads\/2018\/02\/IMG_0311-copie-1-150x150.jpg 150w, http:\/\/commune-loffre.fr\/wp-content\/uploads\/2018\/02\/IMG_0311-copie-1-180x180.jpg 180w, http:\/\/commune-loffre.fr\/wp-content\/uploads\/2018\/02\/IMG_0311-copie-1-60x60.jpg 60w\" sizes=\"(max-width: 150px) 100vw, 150px\" \/><\/a>\n\t\t\t<\/dt><\/dl><br style=\"clear: both\" \/>\n\t\t<\/div>\n\n<p>Monsieur le maire les remercia de leur pr\u00e9sence et souhaita \u00e0 l\u2019ensemble de la population une tr\u00e8s bonne ann\u00e9e 2018.<\/p>\n<p>Il remercia \u00e9galement Monsieur Fr\u00e9d\u00e9ric Delannoy, Pr\u00e9sident de C\u0153ur d\u2019Ostrevent, pour le soutien de la communaut\u00e9 de communes dans la r\u00e9alisation de projets r\u00e9alis\u00e9s en 2017 et notamment dans l\u2019installation du sentier botanique et d\u2019am\u00e9nagements paysagers dans le cadre du dispositif \u00ab\u00a0Plantons le D\u00e9cor\u00a0\u00bb. Monsieur le Maire rappela que la communaut\u00e9 de communes \u00e9tait un partenaire incontournable pour notre collectivit\u00e9. \u00a0En effet, pour donner suite \u00e0 plusieurs demandes, la communaut\u00e9 de communes exerce dor\u00e9navant la comp\u00e9tence en mati\u00e8re d\u2019\u00e9lectrification rurale. De ce fait, elle prendra en charge la partie enfouissement du r\u00e9seau \u00e9lectrique et par d\u00e9l\u00e9gation de ma\u00eetrise d\u2019ouvrage de la commune l\u2019effacement des r\u00e9seaux t\u00e9l\u00e9phoniques et d\u2019\u00e9clairage public ainsi que la r\u00e9fection des trottoirs et voiries apr\u00e8s travaux.<\/p>\n<p>Puis Monsieur le Maire rappela la disparition tragique, au cours de l\u2019ann\u00e9e 2017, de Monsieur Michel Mazy, conseiller municipal et Monsieur Fran\u00e7ois Hudry, Pr\u00e9sident du club de football de Loffre.<\/p>\n<p>Avant de retracer l\u2019ann\u00e9e \u00e9coul\u00e9e, Monsieur le Maire souligna la tr\u00e8s bonne sant\u00e9 des finances communales. Ainsi, il proposera prochainement au conseil municipal de ne pas augmenter les taux d\u2019imposition des taxes directes locales pour 2018 et de garder les taux actuels de 19,11 % pour la taxe d\u2019habitation, de 22,06 % pour la taxe fonci\u00e8re sur le b\u00e2ti et 60,52 % sur le non b\u00e2ti.<\/p>\n<p>Monsieur le Maire rappela les travaux r\u00e9alis\u00e9s dans le village au cours de l\u2019ann\u00e9e pass\u00e9e dont notamment la mise aux normes des passages pi\u00e9tons, travaux subventionn\u00e9s \u00e0 hauteur de 75%, le fleurissement du village, les travaux de peinture et d\u2019am\u00e9nagement d\u2019un bureau \u00e0 la mairie, la pose de potelet bois le long du CD 35 vers Lewarde.<\/p>\n<p>Pour 2018 Monsieur le Maire \u00e9num\u00e9ra les travaux qui seront r\u00e9alis\u00e9s dont les plus importants seront les travaux d\u2019effacement des derniers r\u00e9seaux \u00e9lectriques a\u00e9riens pr\u00e9sents dans le village et repr\u00e9sentant 1.600 km d\u2019art\u00e8re avec \u00e9galement la mise en place de nouveaux cand\u00e9labres \u00e0 LED.<\/p>\n<p>Avant de laisser la parole \u00e0 Madame Sylvie Larivi\u00e8re, Monsieur le Maire remercia le conseil municipal, le personnel communal, le personnel scolaire et l\u2019ensemble des associations loffriennes pour leurs engagements et investissements pour notre commune.<\/p>\n<p>Madame Larivi\u00e8re d\u00e9clina son intervention autour de trois items\u00a0:<\/p>\n<h1>\u00fc\u00a0 La solidarit\u00e9<\/h1>\n<h1>\u00fc\u00a0 La culture<\/h1>\n<h1>\u00fc\u00a0 L\u2019\u00e9ducation et le lien social<\/h1>\n<p>Au niveau de la solidarit\u00e9 Madame Larivi\u00e8re rappela l\u2019\u00e9lan de g\u00e9n\u00e9rosit\u00e9\u00a0des habitants et des associations pour le T\u00e9l\u00e9thon. Pour les a\u00een\u00e9s pour 2018, la poursuite des activit\u00e9s physiques adapt\u00e9es, des ateliers m\u00e9moire ainsi que la semaine bleue. Pour cette nouvelle ann\u00e9e, un projet est en cours d\u2019\u00e9tude avec l\u2019animatrice des ateliers pour les importer au domicile des personnes qui ne peuvent plus se d\u00e9placer.<\/p>\n<p>A propos de la culture, Madame Larivi\u00e8re, souligna l\u2019importance du soutien de la communaut\u00e9 de communes de C\u0153ur d\u2019Ostrevent dans le cadre du \u00ab\u00a0projet culturel communal\u00a0\u00bb<\/p>\n<p>Pour l\u2019\u00e9ducation et le lien social, Madame Larivi\u00e8re pr\u00e9cisa que la rentr\u00e9e scolaire 2017 \/ 2018 a vu le retour aux 4 jours de classe et la disparition des TAP et que les effectifs de l\u2019\u00e9cole sont de 67 \u00e9l\u00e8ves pour 3 classes. Madame Larivi\u00e8re remercia \u00e9galement les associations du village pour leur dynamisme et investissement.<\/p>\n<p>Pour terminer, Madame Larivi\u00e8re informa le public que les couleurs de notre village avaient \u00e9t\u00e9 mises \u00e0 l\u2019honneur au travers du titre de championne de France junior de SAMBO remport\u00e9 par Mademoiselle Elodie Coquart. Madame Larivi\u00e8re, Monsieur le Maire et le conseil Municipal ont adress\u00e9 leurs f\u00e9licitations \u00e0 Elodie pour son titre de championne de France de SAMBO.<\/p>\n<p>La c\u00e9r\u00e9monie s\u2019est achev\u00e9e autour d\u2019un moment de convivialit\u00e9 offert par la municipalit\u00e9.<\/p>\n","protected":false},"excerpt":{"rendered":"<p>Monsieur le Maire et son \u00e9quipe municipale avaient invit\u00e9 les habitants de notre commune \u00e0 la c\u00e9r\u00e9monie des v\u0153ux le samedi 27 janvier 2018 \u00e0 18 heures \u00e0 la salle&#8230; <a href=\"http:\/\/commune-loffre.fr\/index.php\/2018\/02\/05\/ceremonie-des-voeux-2\/\">Read more &raquo;<\/a><\/p>\n","protected":false},"author":1,"featured_media":3125,"comment_status":"closed","ping_status":"closed","sticky":false,"template":"","format":"standard","meta":{"footnotes":""},"categories":[10,7],"tags":[],"_links":{"self":[{"href":"http:\/\/commune-loffre.fr\/index.php\/wp-json\/wp\/v2\/posts\/3108"}],"collection":[{"href":"http:\/\/commune-loffre.fr\/index.php\/wp-json\/wp\/v2\/posts"}],"about":[{"href":"http:\/\/commune-loffre.fr\/index.php\/wp-json\/wp\/v2\/types\/post"}],"author":[{"embeddable":true,"href":"http:\/\/commune-loffre.fr\/index.php\/wp-json\/wp\/v2\/users\/1"}],"replies":[{"embeddable":true,"href":"http:\/\/commune-loffre.fr\/index.php\/wp-json\/wp\/v2\/comments?post=3108"}],"version-history":[{"count":1,"href":"http:\/\/commune-loffre.fr\/index.php\/wp-json\/wp\/v2\/posts\/3108\/revisions"}],"predecessor-version":[{"id":3141,"href":"http:\/\/commune-loffre.fr\/index.php\/wp-json\/wp\/v2\/posts\/3108\/revisions\/3141"}],"wp:featuredmedia":[{"embeddable":true,"href":"http:\/\/commune-loffre.fr\/index.php\/wp-json\/wp\/v2\/media\/3125"}],"wp:attachment":[{"href":"http:\/\/commune-loffre.fr\/index.php\/wp-json\/wp\/v2\/media?parent=3108"}],"wp:term":[{"taxonomy":"category","embeddable":true,"href":"http:\/\/commune-loffre.fr\/index.php\/wp-json\/wp\/v2\/categories?post=3108"},{"taxonomy":"post_tag","embeddable":true,"href":"http:\/\/commune-loffre.fr\/index.php\/wp-json\/wp\/v2\/tags?post=3108"}],"curies":[{"name":"wp","href":"https:\/\/api.w.org\/{rel}","templated":true}]}}