{"id":3102,"date":"2018-02-05T10:10:45","date_gmt":"2018-02-05T09:10:45","guid":{"rendered":"http:\/\/commune-loffre.fr\/?p=3102"},"modified":"2018-02-05T10:10:45","modified_gmt":"2018-02-05T09:10:45","slug":"rencontre-vers-lemploi","status":"publish","type":"post","link":"http:\/\/commune-loffre.fr\/index.php\/2018\/02\/05\/rencontre-vers-lemploi\/","title":{"rendered":"Rencontre Vers l&rsquo;Emploi"},"content":{"rendered":"<p style=\"text-align: left;\">Dans le cadre de son animation territoriale, le PLIE du Douaisis organise des Rencontres Vers l\u2019Emploi sur des secteurs d\u2019activit\u00e9s offrant de r\u00e9elles perspectives d\u2019acc\u00e8s \u00e0 l\u2019emploi pour les publics qui en sont \u00e9loign\u00e9s.<br \/>\nLa prochaine REVE th\u00e9matique Transport \u2013 Logistique r\u00e9alis\u00e9e, en partenariat avec La Mission Locale du Douaisis, L\u2019AFTRAL organisme de formation,\u00a0<strong> le Groupement d\u2019Employeurs du TRANSPORT pour l\u2019Insertion et la Qualification<\/strong> se tiendra le :<\/p>\n<p style=\"text-align: center;\"><span style=\"color: #ff0000;\"><strong>Vendredi 9 F\u00e9vrier 2018<\/strong><\/span><br \/>\n<strong>9H00 pr\u00e9cise<\/strong><br \/>\n<strong>PLIE du Douaisis<\/strong><br \/>\n<strong>130 Boulevard Delebecque<\/strong><br \/>\n<strong>59500 DOUAI<\/strong><\/p>\n<p style=\"text-align: left;\">Les participants doivent pr\u00e9voir la matin\u00e9e ( \/ la journ\u00e9e si les personnes souhaitent \u00eatre re\u00e7u en entretien individuel) et se munir d\u2019un CV r\u00e9actualis\u00e9, papier et crayon.<\/p>\n\n\t\t<style type=\"text\/css\">\n\t\t\t#gallery-1 {\n\t\t\t\tmargin: auto;\n\t\t\t}\n\t\t\t#gallery-1 .gallery-item {\n\t\t\t\tfloat: left;\n\t\t\t\tmargin-top: 10px;\n\t\t\t\ttext-align: center;\n\t\t\t\twidth: 25%;\n\t\t\t}\n\t\t\t#gallery-1 img {\n\t\t\t\tborder: 2px solid #cfcfcf;\n\t\t\t}\n\t\t\t#gallery-1 .gallery-caption {\n\t\t\t\tmargin-left: 0;\n\t\t\t}\n\t\t\t\/* see gallery_shortcode() in wp-includes\/media.php *\/\n\t\t<\/style>\n\t\t<div id='gallery-1' class='gallery galleryid-3102 gallery-columns-4 gallery-size-medium'><dl class='gallery-item'>\n\t\t\t<dt class='gallery-icon landscape'>\n\t\t\t\t<a href='http:\/\/commune-loffre.fr\/index.php\/2018\/02\/05\/rencontre-vers-lemploi\/image001-3\/'><img loading=\"lazy\" decoding=\"async\" width=\"108\" height=\"61\" src=\"http:\/\/commune-loffre.fr\/wp-content\/uploads\/2018\/02\/image001.jpg\" class=\"attachment-medium size-medium\" alt=\"\" \/><\/a>\n\t\t\t<\/dt><\/dl><dl class='gallery-item'>\n\t\t\t<dt class='gallery-icon landscape'>\n\t\t\t\t<a href='http:\/\/commune-loffre.fr\/index.php\/2018\/02\/05\/rencontre-vers-lemploi\/image002\/'><img loading=\"lazy\" decoding=\"async\" width=\"130\" height=\"76\" src=\"http:\/\/commune-loffre.fr\/wp-content\/uploads\/2018\/02\/image002.png\" class=\"attachment-medium size-medium\" alt=\"\" \/><\/a>\n\t\t\t<\/dt><\/dl><dl class='gallery-item'>\n\t\t\t<dt class='gallery-icon landscape'>\n\t\t\t\t<a href='http:\/\/commune-loffre.fr\/index.php\/2018\/02\/05\/rencontre-vers-lemploi\/image003\/'><img loading=\"lazy\" decoding=\"async\" width=\"189\" height=\"76\" src=\"http:\/\/commune-loffre.fr\/wp-content\/uploads\/2018\/02\/image003.png\" class=\"attachment-medium size-medium\" alt=\"\" \/><\/a>\n\t\t\t<\/dt><\/dl><dl class='gallery-item'>\n\t\t\t<dt class='gallery-icon landscape'>\n\t\t\t\t<a href='http:\/\/commune-loffre.fr\/index.php\/2018\/02\/05\/rencontre-vers-lemploi\/image004\/'><img loading=\"lazy\" decoding=\"async\" width=\"85\" height=\"76\" src=\"http:\/\/commune-loffre.fr\/wp-content\/uploads\/2018\/02\/image004.png\" class=\"attachment-medium size-medium\" alt=\"\" \/><\/a>\n\t\t\t<\/dt><\/dl><br style=\"clear: both\" \/>\n\t\t<\/div>\n\n","protected":false},"excerpt":{"rendered":"<p>Dans le cadre de son animation territoriale, le PLIE du Douaisis organise des Rencontres Vers l\u2019Emploi sur des secteurs d\u2019activit\u00e9s offrant de r\u00e9elles perspectives d\u2019acc\u00e8s \u00e0 l\u2019emploi pour les publics&#8230; <a href=\"http:\/\/commune-loffre.fr\/index.php\/2018\/02\/05\/rencontre-vers-lemploi\/\">Read more &raquo;<\/a><\/p>\n","protected":false},"author":1,"featured_media":3104,"comment_status":"closed","ping_status":"closed","sticky":false,"template":"","format":"standard","meta":{"footnotes":""},"categories":[8],"tags":[],"_links":{"self":[{"href":"http:\/\/commune-loffre.fr\/index.php\/wp-json\/wp\/v2\/posts\/3102"}],"collection":[{"href":"http:\/\/commune-loffre.fr\/index.php\/wp-json\/wp\/v2\/posts"}],"about":[{"href":"http:\/\/commune-loffre.fr\/index.php\/wp-json\/wp\/v2\/types\/post"}],"author":[{"embeddable":true,"href":"http:\/\/commune-loffre.fr\/index.php\/wp-json\/wp\/v2\/users\/1"}],"replies":[{"embeddable":true,"href":"http:\/\/commune-loffre.fr\/index.php\/wp-json\/wp\/v2\/comments?post=3102"}],"version-history":[{"count":1,"href":"http:\/\/commune-loffre.fr\/index.php\/wp-json\/wp\/v2\/posts\/3102\/revisions"}],"predecessor-version":[{"id":3107,"href":"http:\/\/commune-loffre.fr\/index.php\/wp-json\/wp\/v2\/posts\/3102\/revisions\/3107"}],"wp:featuredmedia":[{"embeddable":true,"href":"http:\/\/commune-loffre.fr\/index.php\/wp-json\/wp\/v2\/media\/3104"}],"wp:attachment":[{"href":"http:\/\/commune-loffre.fr\/index.php\/wp-json\/wp\/v2\/media?parent=3102"}],"wp:term":[{"taxonomy":"category","embeddable":true,"href":"http:\/\/commune-loffre.fr\/index.php\/wp-json\/wp\/v2\/categories?post=3102"},{"taxonomy":"post_tag","embeddable":true,"href":"http:\/\/commune-loffre.fr\/index.php\/wp-json\/wp\/v2\/tags?post=3102"}],"curies":[{"name":"wp","href":"https:\/\/api.w.org\/{rel}","templated":true}]}}