{"id":3084,"date":"2018-01-28T20:37:25","date_gmt":"2018-01-28T19:37:25","guid":{"rendered":"http:\/\/commune-loffre.fr\/?p=3084"},"modified":"2018-01-28T20:37:47","modified_gmt":"2018-01-28T19:37:47","slug":"semis-de-la-jachere-fleurie","status":"publish","type":"post","link":"http:\/\/commune-loffre.fr\/index.php\/2018\/01\/28\/semis-de-la-jachere-fleurie\/","title":{"rendered":"Semis de la jach\u00e8re fleurie"},"content":{"rendered":"<p>Nous vous donnons rendez vous le vendredi 20 avril \u00e0 14h rue de Lewarde, \u00e0 Loffre, pour les semis de la jach\u00e8re fleurie.<\/p>\n<p>Avec la participation des enfants,des enseignants, SOS Nature, de C\u0153ur d&rsquo;Ostrevent, du personnel communal, de la Brigade Verte et des conseils municipaux.<\/p>\n","protected":false},"excerpt":{"rendered":"<p>Nous vous donnons rendez vous le vendredi 20 avril \u00e0 14h rue de Lewarde, \u00e0 Loffre, pour les semis de la jach\u00e8re fleurie. Avec la participation des enfants,des enseignants, SOS&#8230; <a href=\"http:\/\/commune-loffre.fr\/index.php\/2018\/01\/28\/semis-de-la-jachere-fleurie\/\">Read more &raquo;<\/a><\/p>\n","protected":false},"author":1,"featured_media":3086,"comment_status":"closed","ping_status":"closed","sticky":false,"template":"","format":"standard","meta":{"footnotes":""},"categories":[3,18,9],"tags":[],"_links":{"self":[{"href":"http:\/\/commune-loffre.fr\/index.php\/wp-json\/wp\/v2\/posts\/3084"}],"collection":[{"href":"http:\/\/commune-loffre.fr\/index.php\/wp-json\/wp\/v2\/posts"}],"about":[{"href":"http:\/\/commune-loffre.fr\/index.php\/wp-json\/wp\/v2\/types\/post"}],"author":[{"embeddable":true,"href":"http:\/\/commune-loffre.fr\/index.php\/wp-json\/wp\/v2\/users\/1"}],"replies":[{"embeddable":true,"href":"http:\/\/commune-loffre.fr\/index.php\/wp-json\/wp\/v2\/comments?post=3084"}],"version-history":[{"count":1,"href":"http:\/\/commune-loffre.fr\/index.php\/wp-json\/wp\/v2\/posts\/3084\/revisions"}],"predecessor-version":[{"id":3085,"href":"http:\/\/commune-loffre.fr\/index.php\/wp-json\/wp\/v2\/posts\/3084\/revisions\/3085"}],"wp:featuredmedia":[{"embeddable":true,"href":"http:\/\/commune-loffre.fr\/index.php\/wp-json\/wp\/v2\/media\/3086"}],"wp:attachment":[{"href":"http:\/\/commune-loffre.fr\/index.php\/wp-json\/wp\/v2\/media?parent=3084"}],"wp:term":[{"taxonomy":"category","embeddable":true,"href":"http:\/\/commune-loffre.fr\/index.php\/wp-json\/wp\/v2\/categories?post=3084"},{"taxonomy":"post_tag","embeddable":true,"href":"http:\/\/commune-loffre.fr\/index.php\/wp-json\/wp\/v2\/tags?post=3084"}],"curies":[{"name":"wp","href":"https:\/\/api.w.org\/{rel}","templated":true}]}}