{"id":3044,"date":"2018-01-04T22:00:56","date_gmt":"2018-01-04T21:00:56","guid":{"rendered":"http:\/\/commune-loffre.fr\/?p=3044"},"modified":"2018-01-04T22:00:56","modified_gmt":"2018-01-04T21:00:56","slug":"voeux-du-maire","status":"publish","type":"post","link":"http:\/\/commune-loffre.fr\/index.php\/2018\/01\/04\/voeux-du-maire\/","title":{"rendered":"V\u0153ux du Maire"},"content":{"rendered":"<p>Ch\u00e8res Loffriennes, Chers Loffriens,<\/p>\n<p>Le conseil municipal et moi-m\u00eame avons le plaisir de vous convier \u00e0 la traditionnelle c\u00e9r\u00e9monie des v\u0153ux du Maire qui se d\u00e9roulera le Samedi 27 janvier 2018 \u00e0 18h Salle polyvalente<\/p>\n<p>Dans l&rsquo;attente du plaisir de vous rencontrer, recevez ch\u00e8res concitoyennes, chers concitoyens, l&rsquo;expression de mes meilleurs salutations. Eric GOUY, Maire.<\/p>\n","protected":false},"excerpt":{"rendered":"<p>Ch\u00e8res Loffriennes, Chers Loffriens, Le conseil municipal et moi-m\u00eame avons le plaisir de vous convier \u00e0 la traditionnelle c\u00e9r\u00e9monie des v\u0153ux du Maire qui se d\u00e9roulera le Samedi 27 janvier&#8230; <a href=\"http:\/\/commune-loffre.fr\/index.php\/2018\/01\/04\/voeux-du-maire\/\">Read more &raquo;<\/a><\/p>\n","protected":false},"author":1,"featured_media":0,"comment_status":"closed","ping_status":"closed","sticky":false,"template":"","format":"standard","meta":{"footnotes":""},"categories":[10,7],"tags":[],"_links":{"self":[{"href":"http:\/\/commune-loffre.fr\/index.php\/wp-json\/wp\/v2\/posts\/3044"}],"collection":[{"href":"http:\/\/commune-loffre.fr\/index.php\/wp-json\/wp\/v2\/posts"}],"about":[{"href":"http:\/\/commune-loffre.fr\/index.php\/wp-json\/wp\/v2\/types\/post"}],"author":[{"embeddable":true,"href":"http:\/\/commune-loffre.fr\/index.php\/wp-json\/wp\/v2\/users\/1"}],"replies":[{"embeddable":true,"href":"http:\/\/commune-loffre.fr\/index.php\/wp-json\/wp\/v2\/comments?post=3044"}],"version-history":[{"count":1,"href":"http:\/\/commune-loffre.fr\/index.php\/wp-json\/wp\/v2\/posts\/3044\/revisions"}],"predecessor-version":[{"id":3045,"href":"http:\/\/commune-loffre.fr\/index.php\/wp-json\/wp\/v2\/posts\/3044\/revisions\/3045"}],"wp:attachment":[{"href":"http:\/\/commune-loffre.fr\/index.php\/wp-json\/wp\/v2\/media?parent=3044"}],"wp:term":[{"taxonomy":"category","embeddable":true,"href":"http:\/\/commune-loffre.fr\/index.php\/wp-json\/wp\/v2\/categories?post=3044"},{"taxonomy":"post_tag","embeddable":true,"href":"http:\/\/commune-loffre.fr\/index.php\/wp-json\/wp\/v2\/tags?post=3044"}],"curies":[{"name":"wp","href":"https:\/\/api.w.org\/{rel}","templated":true}]}}