{"id":2768,"date":"2017-11-24T08:50:29","date_gmt":"2017-11-24T07:50:29","guid":{"rendered":"http:\/\/commune-loffre.fr\/?p=2768"},"modified":"2017-11-24T08:48:09","modified_gmt":"2017-11-24T07:48:09","slug":"lucas-ariana-timothee-et-clemence","status":"publish","type":"post","link":"http:\/\/commune-loffre.fr\/index.php\/2017\/11\/24\/lucas-ariana-timothee-et-clemence\/","title":{"rendered":"Inauguration du Sentier Botanique"},"content":{"rendered":"<p>Nous vous donnons rendez vous le Jeudi 14 D\u00e9cembre, \u00e0 13h30 rue de Lewarde \u00e0 Loffre, pour la plantation des arbres fruitiers pour honorer Lucas, Ariana, Timoth\u00e9e et Cl\u00e9m\u00e9nce n\u00e9s dans la commune en 2016.<\/p>\n<p>Le Maire, les membres du conseil municipal et la Brigade Verte Loffrienne.<\/p>\n\n\t\t<style type=\"text\/css\">\n\t\t\t#gallery-1 {\n\t\t\t\tmargin: auto;\n\t\t\t}\n\t\t\t#gallery-1 .gallery-item {\n\t\t\t\tfloat: left;\n\t\t\t\tmargin-top: 10px;\n\t\t\t\ttext-align: center;\n\t\t\t\twidth: 50%;\n\t\t\t}\n\t\t\t#gallery-1 img {\n\t\t\t\tborder: 2px solid #cfcfcf;\n\t\t\t}\n\t\t\t#gallery-1 .gallery-caption {\n\t\t\t\tmargin-left: 0;\n\t\t\t}\n\t\t\t\/* see gallery_shortcode() in wp-includes\/media.php *\/\n\t\t<\/style>\n\t\t<div id='gallery-1' class='gallery galleryid-2768 gallery-columns-2 gallery-size-medium'><dl class='gallery-item'>\n\t\t\t<dt class='gallery-icon landscape'>\n\t\t\t\t<a href='http:\/\/commune-loffre.fr\/index.php\/2017\/11\/24\/lucas-ariana-timothee-et-clemence\/invitation-1\/'><img loading=\"lazy\" decoding=\"async\" width=\"300\" height=\"192\" src=\"http:\/\/commune-loffre.fr\/wp-content\/uploads\/2017\/11\/INVITATION-1-300x192.png\" class=\"attachment-medium size-medium\" alt=\"\" srcset=\"http:\/\/commune-loffre.fr\/wp-content\/uploads\/2017\/11\/INVITATION-1-300x192.png 300w, http:\/\/commune-loffre.fr\/wp-content\/uploads\/2017\/11\/INVITATION-1-768x491.png 768w, http:\/\/commune-loffre.fr\/wp-content\/uploads\/2017\/11\/INVITATION-1-1024x655.png 1024w, http:\/\/commune-loffre.fr\/wp-content\/uploads\/2017\/11\/INVITATION-1-624x399.png 624w, http:\/\/commune-loffre.fr\/wp-content\/uploads\/2017\/11\/INVITATION-1.png 1220w\" sizes=\"(max-width: 300px) 100vw, 300px\" \/><\/a>\n\t\t\t<\/dt><\/dl><dl class='gallery-item'>\n\t\t\t<dt class='gallery-icon portrait'>\n\t\t\t\t<a href='http:\/\/commune-loffre.fr\/index.php\/2017\/11\/24\/lucas-ariana-timothee-et-clemence\/botanique\/'><img loading=\"lazy\" decoding=\"async\" width=\"223\" height=\"300\" src=\"http:\/\/commune-loffre.fr\/wp-content\/uploads\/2017\/11\/BOTANIQUE-223x300.png\" class=\"attachment-medium size-medium\" alt=\"\" srcset=\"http:\/\/commune-loffre.fr\/wp-content\/uploads\/2017\/11\/BOTANIQUE-223x300.png 223w, http:\/\/commune-loffre.fr\/wp-content\/uploads\/2017\/11\/BOTANIQUE-768x1034.png 768w, http:\/\/commune-loffre.fr\/wp-content\/uploads\/2017\/11\/BOTANIQUE-760x1024.png 760w, http:\/\/commune-loffre.fr\/wp-content\/uploads\/2017\/11\/BOTANIQUE-624x840.png 624w, http:\/\/commune-loffre.fr\/wp-content\/uploads\/2017\/11\/BOTANIQUE.png 811w\" sizes=\"(max-width: 223px) 100vw, 223px\" \/><\/a>\n\t\t\t<\/dt><\/dl><br style=\"clear: both\" \/>\n\t\t<\/div>\n\n","protected":false},"excerpt":{"rendered":"<p>Nous vous donnons rendez vous le Jeudi 14 D\u00e9cembre, \u00e0 13h30 rue de Lewarde \u00e0 Loffre, pour la plantation des arbres fruitiers pour honorer Lucas, Ariana, Timoth\u00e9e et Cl\u00e9m\u00e9nce n\u00e9s&#8230; <a href=\"http:\/\/commune-loffre.fr\/index.php\/2017\/11\/24\/lucas-ariana-timothee-et-clemence\/\">Read more &raquo;<\/a><\/p>\n","protected":false},"author":1,"featured_media":2803,"comment_status":"closed","ping_status":"closed","sticky":false,"template":"","format":"standard","meta":{"footnotes":""},"categories":[9,10],"tags":[],"_links":{"self":[{"href":"http:\/\/commune-loffre.fr\/index.php\/wp-json\/wp\/v2\/posts\/2768"}],"collection":[{"href":"http:\/\/commune-loffre.fr\/index.php\/wp-json\/wp\/v2\/posts"}],"about":[{"href":"http:\/\/commune-loffre.fr\/index.php\/wp-json\/wp\/v2\/types\/post"}],"author":[{"embeddable":true,"href":"http:\/\/commune-loffre.fr\/index.php\/wp-json\/wp\/v2\/users\/1"}],"replies":[{"embeddable":true,"href":"http:\/\/commune-loffre.fr\/index.php\/wp-json\/wp\/v2\/comments?post=2768"}],"version-history":[{"count":3,"href":"http:\/\/commune-loffre.fr\/index.php\/wp-json\/wp\/v2\/posts\/2768\/revisions"}],"predecessor-version":[{"id":2804,"href":"http:\/\/commune-loffre.fr\/index.php\/wp-json\/wp\/v2\/posts\/2768\/revisions\/2804"}],"wp:featuredmedia":[{"embeddable":true,"href":"http:\/\/commune-loffre.fr\/index.php\/wp-json\/wp\/v2\/media\/2803"}],"wp:attachment":[{"href":"http:\/\/commune-loffre.fr\/index.php\/wp-json\/wp\/v2\/media?parent=2768"}],"wp:term":[{"taxonomy":"category","embeddable":true,"href":"http:\/\/commune-loffre.fr\/index.php\/wp-json\/wp\/v2\/categories?post=2768"},{"taxonomy":"post_tag","embeddable":true,"href":"http:\/\/commune-loffre.fr\/index.php\/wp-json\/wp\/v2\/tags?post=2768"}],"curies":[{"name":"wp","href":"https:\/\/api.w.org\/{rel}","templated":true}]}}