{"id":2696,"date":"2017-11-14T08:51:07","date_gmt":"2017-11-14T07:51:07","guid":{"rendered":"http:\/\/commune-loffre.fr\/?p=2696"},"modified":"2017-11-14T08:51:07","modified_gmt":"2017-11-14T07:51:07","slug":"remise-doutils-a-la-brigade-verte","status":"publish","type":"post","link":"http:\/\/commune-loffre.fr\/index.php\/2017\/11\/14\/remise-doutils-a-la-brigade-verte\/","title":{"rendered":"Remise d&rsquo;outils \u00e0 la Brigade Verte"},"content":{"rendered":"<p>Le 07 Novembre \u00e0 18 h 30 a \u00e9t\u00e9 aussi l\u2019occasion pour Monsieur le Maire et le conseil municipal de mettre \u00e0 l\u2019honneur la brigade verte.<\/p>\n\n\t\t<style type=\"text\/css\">\n\t\t\t#gallery-1 {\n\t\t\t\tmargin: auto;\n\t\t\t}\n\t\t\t#gallery-1 .gallery-item {\n\t\t\t\tfloat: left;\n\t\t\t\tmargin-top: 10px;\n\t\t\t\ttext-align: center;\n\t\t\t\twidth: 20%;\n\t\t\t}\n\t\t\t#gallery-1 img {\n\t\t\t\tborder: 2px solid #cfcfcf;\n\t\t\t}\n\t\t\t#gallery-1 .gallery-caption {\n\t\t\t\tmargin-left: 0;\n\t\t\t}\n\t\t\t\/* see gallery_shortcode() in wp-includes\/media.php *\/\n\t\t<\/style>\n\t\t<div id='gallery-1' class='gallery galleryid-2696 gallery-columns-5 gallery-size-thumbnail'><dl class='gallery-item'>\n\t\t\t<dt class='gallery-icon portrait'>\n\t\t\t\t<a href='http:\/\/commune-loffre.fr\/index.php\/2017\/11\/14\/remise-doutils-a-la-brigade-verte\/p1010008-copie-6\/'><img loading=\"lazy\" decoding=\"async\" width=\"150\" height=\"150\" src=\"http:\/\/commune-loffre.fr\/wp-content\/uploads\/2017\/11\/P1010008-copie-2-150x150.jpg\" class=\"attachment-thumbnail size-thumbnail\" alt=\"\" srcset=\"http:\/\/commune-loffre.fr\/wp-content\/uploads\/2017\/11\/P1010008-copie-2-150x150.jpg 150w, http:\/\/commune-loffre.fr\/wp-content\/uploads\/2017\/11\/P1010008-copie-2-180x180.jpg 180w, http:\/\/commune-loffre.fr\/wp-content\/uploads\/2017\/11\/P1010008-copie-2-60x60.jpg 60w\" sizes=\"(max-width: 150px) 100vw, 150px\" \/><\/a>\n\t\t\t<\/dt><\/dl><dl class='gallery-item'>\n\t\t\t<dt class='gallery-icon landscape'>\n\t\t\t\t<a href='http:\/\/commune-loffre.fr\/index.php\/2017\/11\/14\/remise-doutils-a-la-brigade-verte\/p1010009-copie-6\/'><img loading=\"lazy\" decoding=\"async\" width=\"150\" height=\"150\" src=\"http:\/\/commune-loffre.fr\/wp-content\/uploads\/2017\/11\/P1010009-copie-2-150x150.jpg\" class=\"attachment-thumbnail size-thumbnail\" alt=\"\" srcset=\"http:\/\/commune-loffre.fr\/wp-content\/uploads\/2017\/11\/P1010009-copie-2-150x150.jpg 150w, http:\/\/commune-loffre.fr\/wp-content\/uploads\/2017\/11\/P1010009-copie-2-180x180.jpg 180w, http:\/\/commune-loffre.fr\/wp-content\/uploads\/2017\/11\/P1010009-copie-2-60x60.jpg 60w\" sizes=\"(max-width: 150px) 100vw, 150px\" \/><\/a>\n\t\t\t<\/dt><\/dl><dl class='gallery-item'>\n\t\t\t<dt class='gallery-icon landscape'>\n\t\t\t\t<a href='http:\/\/commune-loffre.fr\/index.php\/2017\/11\/14\/remise-doutils-a-la-brigade-verte\/p1010010-copie-6\/'><img loading=\"lazy\" decoding=\"async\" width=\"150\" height=\"150\" src=\"http:\/\/commune-loffre.fr\/wp-content\/uploads\/2017\/11\/P1010010-copie-2-150x150.jpg\" class=\"attachment-thumbnail size-thumbnail\" alt=\"\" srcset=\"http:\/\/commune-loffre.fr\/wp-content\/uploads\/2017\/11\/P1010010-copie-2-150x150.jpg 150w, http:\/\/commune-loffre.fr\/wp-content\/uploads\/2017\/11\/P1010010-copie-2-180x180.jpg 180w, http:\/\/commune-loffre.fr\/wp-content\/uploads\/2017\/11\/P1010010-copie-2-60x60.jpg 60w\" sizes=\"(max-width: 150px) 100vw, 150px\" \/><\/a>\n\t\t\t<\/dt><\/dl><dl class='gallery-item'>\n\t\t\t<dt class='gallery-icon landscape'>\n\t\t\t\t<a href='http:\/\/commune-loffre.fr\/index.php\/2017\/11\/14\/remise-doutils-a-la-brigade-verte\/p1010011-copie-6\/'><img loading=\"lazy\" decoding=\"async\" width=\"150\" height=\"150\" src=\"http:\/\/commune-loffre.fr\/wp-content\/uploads\/2017\/11\/P1010011-copie-2-150x150.jpg\" class=\"attachment-thumbnail size-thumbnail\" alt=\"\" srcset=\"http:\/\/commune-loffre.fr\/wp-content\/uploads\/2017\/11\/P1010011-copie-2-150x150.jpg 150w, http:\/\/commune-loffre.fr\/wp-content\/uploads\/2017\/11\/P1010011-copie-2-180x180.jpg 180w, http:\/\/commune-loffre.fr\/wp-content\/uploads\/2017\/11\/P1010011-copie-2-60x60.jpg 60w\" sizes=\"(max-width: 150px) 100vw, 150px\" \/><\/a>\n\t\t\t<\/dt><\/dl><dl class='gallery-item'>\n\t\t\t<dt class='gallery-icon landscape'>\n\t\t\t\t<a href='http:\/\/commune-loffre.fr\/index.php\/2017\/11\/14\/remise-doutils-a-la-brigade-verte\/p1010012-copie-5\/'><img loading=\"lazy\" decoding=\"async\" width=\"150\" height=\"150\" src=\"http:\/\/commune-loffre.fr\/wp-content\/uploads\/2017\/11\/P1010012-copie-2-150x150.jpg\" class=\"attachment-thumbnail size-thumbnail\" alt=\"\" srcset=\"http:\/\/commune-loffre.fr\/wp-content\/uploads\/2017\/11\/P1010012-copie-2-150x150.jpg 150w, http:\/\/commune-loffre.fr\/wp-content\/uploads\/2017\/11\/P1010012-copie-2-180x180.jpg 180w, http:\/\/commune-loffre.fr\/wp-content\/uploads\/2017\/11\/P1010012-copie-2-60x60.jpg 60w\" sizes=\"(max-width: 150px) 100vw, 150px\" \/><\/a>\n\t\t\t<\/dt><\/dl><br style=\"clear: both\" \/>\n\t\t<\/div>\n\n<p>Mais qu\u2019est-ce que cette brigade verte\u00a0? \u00a0C\u2019est tout simplement le nom qui est venu \u00e0 l\u2019esprit de Monsieur le Maire d\u00e8s qu\u2019il a eu connaissance qu\u2019une \u00e9quipe compos\u00e9e d\u2019hommes et de femmes,\u00a0 donnant de leur temps pour nettoyer notre village.<\/p>\n<p>Pendant que certains d\u00e9barrassent les foss\u00e9s de tous les d\u00e9chets provenant d\u2019incivilit\u00e9s d\u2019automobilistes et autres, d\u2019autres nettoient, d\u00e9sherbent, embellissent et font m\u00eame des projets d\u2019am\u00e9nagement paysager qui verront bient\u00f4t le jour.<\/p>\n<p>Cette brigade verte est providentielle pour une petite commune. En effet, depuis la loi Labb\u00e9 et le z\u00e9ro phytosanitaire dans l\u2019espace public, les employ\u00e9s communaux sont astreints \u00e0 des d\u00e9sherbages m\u00e9caniques n\u00e9cessitant une fr\u00e9quence beaucoup plus importante par rapport aux deux passages de d\u00e9sherbants annuels. Le nettoyage de la commune r\u00e9alis\u00e9 par les b\u00e9n\u00e9voles de la brigade verte facilite grandement la t\u00e2che de nos employ\u00e9s. D\u2019ailleurs les uns sont compl\u00e9mentaires des autres. Les services techniques ramassent les sacs de d\u00e9chets de la brigade verte apr\u00e8s leur passage.<\/p>\n<p>Dans beaucoup d\u2019autres communes, un nettoyage de printemps est organis\u00e9 une fois par an, mais chez nous et gr\u00e2ce \u00e0 la brigade verte le nettoyage est hebdomadaire et nous permet \u00e0 nous Loffriens d\u2019avoir un cadre de vie de qualit\u00e9 et une commune toujours propre.<\/p>\n<p>Monsieur le Maire et son conseil municipal adressent leurs f\u00e9licitations pour ce b\u00e9n\u00e9volat et cette \u00e9cocitoyennet\u00e9 que nous voulons encourager.<\/p>\n<p>C\u2019est pour ces raisons que le conseil municipal a remis quelques outils, gants et sacs pour les aider dans leurs activit\u00e9s.<\/p>\n","protected":false},"excerpt":{"rendered":"<p>Le 07 Novembre \u00e0 18 h 30 a \u00e9t\u00e9 aussi l\u2019occasion pour Monsieur le Maire et le conseil municipal de mettre \u00e0 l\u2019honneur la brigade verte. Mais qu\u2019est-ce que cette&#8230; <a href=\"http:\/\/commune-loffre.fr\/index.php\/2017\/11\/14\/remise-doutils-a-la-brigade-verte\/\">Read more &raquo;<\/a><\/p>\n","protected":false},"author":1,"featured_media":2698,"comment_status":"closed","ping_status":"closed","sticky":false,"template":"","format":"standard","meta":{"footnotes":""},"categories":[3,9],"tags":[],"_links":{"self":[{"href":"http:\/\/commune-loffre.fr\/index.php\/wp-json\/wp\/v2\/posts\/2696"}],"collection":[{"href":"http:\/\/commune-loffre.fr\/index.php\/wp-json\/wp\/v2\/posts"}],"about":[{"href":"http:\/\/commune-loffre.fr\/index.php\/wp-json\/wp\/v2\/types\/post"}],"author":[{"embeddable":true,"href":"http:\/\/commune-loffre.fr\/index.php\/wp-json\/wp\/v2\/users\/1"}],"replies":[{"embeddable":true,"href":"http:\/\/commune-loffre.fr\/index.php\/wp-json\/wp\/v2\/comments?post=2696"}],"version-history":[{"count":1,"href":"http:\/\/commune-loffre.fr\/index.php\/wp-json\/wp\/v2\/posts\/2696\/revisions"}],"predecessor-version":[{"id":2702,"href":"http:\/\/commune-loffre.fr\/index.php\/wp-json\/wp\/v2\/posts\/2696\/revisions\/2702"}],"wp:featuredmedia":[{"embeddable":true,"href":"http:\/\/commune-loffre.fr\/index.php\/wp-json\/wp\/v2\/media\/2698"}],"wp:attachment":[{"href":"http:\/\/commune-loffre.fr\/index.php\/wp-json\/wp\/v2\/media?parent=2696"}],"wp:term":[{"taxonomy":"category","embeddable":true,"href":"http:\/\/commune-loffre.fr\/index.php\/wp-json\/wp\/v2\/categories?post=2696"},{"taxonomy":"post_tag","embeddable":true,"href":"http:\/\/commune-loffre.fr\/index.php\/wp-json\/wp\/v2\/tags?post=2696"}],"curies":[{"name":"wp","href":"https:\/\/api.w.org\/{rel}","templated":true}]}}