{"id":2691,"date":"2017-11-07T08:47:18","date_gmt":"2017-11-07T07:47:18","guid":{"rendered":"http:\/\/commune-loffre.fr\/?p=2691"},"modified":"2017-11-07T08:47:18","modified_gmt":"2017-11-07T07:47:18","slug":"exposition","status":"publish","type":"post","link":"http:\/\/commune-loffre.fr\/index.php\/2017\/11\/07\/exposition\/","title":{"rendered":"Exposition"},"content":{"rendered":"<p><strong>\u00ab Parcours des Poilus Loffriens morts pour la France \u00bb<\/strong><br \/>\nPour cette exposition 2017, vous pourrez suivre le parcours de Monsieur LERICHE Marcel,\u00a0 POILU Loffrien, puis d\u00e9couvrir les tr\u00e8s int\u00e9ressantes recherches sur les th\u00e8mes :<br \/>\n\uf0d8\u00a0\u00a0 \u00a0La tr\u00eave de no\u00ebl 1914,<br \/>\n\uf0d8\u00a0\u00a0 \u00a0L\u2019entr\u00e9e en guerre des ETATS UNIS en avril 1917<br \/>\nAinsi que les travaux des enfants de l\u2019\u00e9cole H. Matisse de LOFFRE<br \/>\nMonsieur GOUY, Maire de LOFFRE et le Conseil Municipal,<br \/>\nMonsieur Jean-Marc DUBOIS, Pr\u00e9sident de la Soci\u00e9t\u00e9 d\u2019Histoire Locale du Mont-Tilleul de Villers au Tertre,<br \/>\nMonsieur CHOEUR, Pr\u00e9sident de l\u2019Association des Anciens Combattants de LOFFRE,<br \/>\nont le plaisir de vous inviter \u00e0 d\u00e9couvrir cette exposition<br \/>\nA la salle polyvalente Petite Rue \u00e0 LOFFRE<\/p>\n","protected":false},"excerpt":{"rendered":"<p>\u00ab Parcours des Poilus Loffriens morts pour la France \u00bb Pour cette exposition 2017, vous pourrez suivre le parcours de Monsieur LERICHE Marcel,\u00a0 POILU Loffrien, puis d\u00e9couvrir les tr\u00e8s int\u00e9ressantes&#8230; <a href=\"http:\/\/commune-loffre.fr\/index.php\/2017\/11\/07\/exposition\/\">Read more &raquo;<\/a><\/p>\n","protected":false},"author":1,"featured_media":0,"comment_status":"closed","ping_status":"closed","sticky":false,"template":"","format":"standard","meta":{"footnotes":""},"categories":[1],"tags":[],"_links":{"self":[{"href":"http:\/\/commune-loffre.fr\/index.php\/wp-json\/wp\/v2\/posts\/2691"}],"collection":[{"href":"http:\/\/commune-loffre.fr\/index.php\/wp-json\/wp\/v2\/posts"}],"about":[{"href":"http:\/\/commune-loffre.fr\/index.php\/wp-json\/wp\/v2\/types\/post"}],"author":[{"embeddable":true,"href":"http:\/\/commune-loffre.fr\/index.php\/wp-json\/wp\/v2\/users\/1"}],"replies":[{"embeddable":true,"href":"http:\/\/commune-loffre.fr\/index.php\/wp-json\/wp\/v2\/comments?post=2691"}],"version-history":[{"count":1,"href":"http:\/\/commune-loffre.fr\/index.php\/wp-json\/wp\/v2\/posts\/2691\/revisions"}],"predecessor-version":[{"id":2692,"href":"http:\/\/commune-loffre.fr\/index.php\/wp-json\/wp\/v2\/posts\/2691\/revisions\/2692"}],"wp:attachment":[{"href":"http:\/\/commune-loffre.fr\/index.php\/wp-json\/wp\/v2\/media?parent=2691"}],"wp:term":[{"taxonomy":"category","embeddable":true,"href":"http:\/\/commune-loffre.fr\/index.php\/wp-json\/wp\/v2\/categories?post=2691"},{"taxonomy":"post_tag","embeddable":true,"href":"http:\/\/commune-loffre.fr\/index.php\/wp-json\/wp\/v2\/tags?post=2691"}],"curies":[{"name":"wp","href":"https:\/\/api.w.org\/{rel}","templated":true}]}}