{"id":2635,"date":"2017-11-02T10:10:03","date_gmt":"2017-11-02T09:10:03","guid":{"rendered":"http:\/\/commune-loffre.fr\/?p=2635"},"modified":"2017-11-02T10:14:28","modified_gmt":"2017-11-02T09:14:28","slug":"projet-dun-sentier-botanique-a-loffre","status":"publish","type":"post","link":"http:\/\/commune-loffre.fr\/index.php\/2017\/11\/02\/projet-dun-sentier-botanique-a-loffre\/","title":{"rendered":"Projet d&rsquo;un sentier botanique \u00e0 Loffre"},"content":{"rendered":"<p>Aussi loin que remontent mes souvenirs, je vois encore des magnifiques champs couverts de violettes qui entouraient mon petit hameau natal \u00ab COSTA DI RUSTIGAZZO \u00bb dans le PIACENTINO en EMILIA ROMAGANA en Italie .<br \/>\nJ\u2019ai voulu retrouver \u00e0 LOFFRE , un peu de la campagne de mon enfance.<br \/>\nIl y a une quinzaine d\u2019ann\u00e9es, en me promenant autour du village, j\u2019ai \u00e9t\u00e9 s\u00e9duite par le chemin des sabli\u00e8res. Cet endroit privil\u00e9gi\u00e9 m\u2019a tout de suite plu. Il \u00e9tait plein de ronciers, j\u2019ai commenc\u00e9 par nettoyer la terre, ensuite j\u2019 y ai plant\u00e9 : perce-neiges, jacinthes des bois, an\u00e9mones sauvages, muguet, violettes, quantit\u00e9 de fleurs des bois et beaucoup d\u2019autres vari\u00e9t\u00e9s \u2026<\/p>\n<p>La sabli\u00e8re, qui se trouvait en contrebas, \u00e9tait pleine de d\u00e9tritus, je ne pouvais laisser cet endroit entour\u00e9 de d\u00e9chets. J\u2019ai alors commenc\u00e9 le travail de nettoyage du secteur aid\u00e9e par des amis et des jeunes et les membres d\u2019une famille roumaine de la commune ainsi que du personnel du service technique venu en renfort. Il fallait porter en d\u00e9chetterie tous les d\u00e9tritus .( Anecdote : j y \u2019ai m\u00eame trouv\u00e9 une robe de mari\u00e9e, avec tous les accessoires !\u2026) . Pour le nettoyage du village ,un ancien adjoint m\u2019a conseill\u00e9 de me promener utile . Voici ce qu\u2019il m\u2019a dit : \u00ab c\u2019est bien de se promener, mais tant qu\u2019\u00e0 faire autant le faire utilement, ramasse les d\u00e9chets en te promenant \u00bb ,depuis je le fais .<\/p>\n<p>Au cours de mes nombreuses promenades dans la rue de LEWARDE, j\u2019ai constat\u00e9 que la topographie de ce chemin m\u00e9ritait d\u2019\u00eatre valoris\u00e9e. Alors m\u2019est venue une id\u00e9e : pourquoi ne pas le transformer en sentier botanique ? J\u2019ai longuement r\u00e9fl\u00e9chi \u2026\u2026\u2026\u2026\u2026et j\u2019ai pens\u00e9 semer des fleurs des champs comme on en trouvait autrefois le long des routes .<br \/>\nPour les arbres c\u2019est \u00e0 BOURGHELLES que j\u2019ai d\u00e9couvert qu\u2019 un arbre est plant\u00e9 pour chaque enfant n\u00e9 dans la commune .L\u00e0-bas c\u2019est une essence qui est choisie . A Loffre j\u2019ai souhait\u00e9 faire autrement ; planter des arbres fruitiers pour que tout le monde puisse profiter de la r\u00e9colte des fruits .Des amies m\u2019ont donn\u00e9 d\u2019autres id\u00e9es comme pr\u00e9voir des losanges potagers etc\u2026<br \/>\nMonsieur le Maire s\u00e9duit par ce projet me soutient activement. SOS NATURE DU DOUAISIS et C\u0152UR D\u2019OSTREVENT sont venus me proposer une aide pr\u00e9cieuse pour la r\u00e9alisation de ce projet. De nombreuses personnes m\u2019ont offert semences et plantations. J\u2019ai m\u00eame ramen\u00e9 d\u2019Italie des semis, un espace sera d\u00e9di\u00e9 \u00e0 mon pays natal.<br \/>\nBient\u00f4t ,LOFFRE aura \u00ab son petit chemin qui sent bon la noisette \u00ab , rendez vous des insectes et des oiseaux , qui , je l\u2019 esp\u00e8re deviendra rapidement lieu de rencontre et de plaisir des Loffriens<br \/>\nLA BRIGADE VERTE LOFFRIENE s\u2019est form\u00e9e, un couple de Montigny en Ostrevent, Jacqueline ,Colette, Cathy, Maria et Herv\u00e9 forment pour l\u2019instant l\u2019\u00e9quipe \u00ab LOFFRE EST LA COMMUNE LA PLUS PROPRE DU SECTEUR \u00bb.<br \/>\nLa prochaine \u00e9tape envisag\u00e9e est la participation au concours des villages fleuris.<\/p>\n<p>Maria BIANCO<\/p>\n<p><a href=\"http:\/\/commune-loffre.fr\/wp-content\/uploads\/2017\/11\/brigade-verte.png\"><img loading=\"lazy\" decoding=\"async\" class=\"alignnone size-medium wp-image-2638\" src=\"http:\/\/commune-loffre.fr\/wp-content\/uploads\/2017\/11\/brigade-verte-300x184.png\" alt=\"brigade verte\" width=\"300\" height=\"184\" srcset=\"http:\/\/commune-loffre.fr\/wp-content\/uploads\/2017\/11\/brigade-verte-300x184.png 300w, http:\/\/commune-loffre.fr\/wp-content\/uploads\/2017\/11\/brigade-verte-768x470.png 768w, http:\/\/commune-loffre.fr\/wp-content\/uploads\/2017\/11\/brigade-verte-1024x627.png 1024w, http:\/\/commune-loffre.fr\/wp-content\/uploads\/2017\/11\/brigade-verte-624x382.png 624w, http:\/\/commune-loffre.fr\/wp-content\/uploads\/2017\/11\/brigade-verte.png 1218w\" sizes=\"(max-width: 300px) 100vw, 300px\" \/><\/a><\/p>\n","protected":false},"excerpt":{"rendered":"<p>Aussi loin que remontent mes souvenirs, je vois encore des magnifiques champs couverts de violettes qui entouraient mon petit hameau natal \u00ab COSTA DI RUSTIGAZZO \u00bb dans le PIACENTINO en&#8230; <a href=\"http:\/\/commune-loffre.fr\/index.php\/2017\/11\/02\/projet-dun-sentier-botanique-a-loffre\/\">Read more &raquo;<\/a><\/p>\n","protected":false},"author":1,"featured_media":2638,"comment_status":"closed","ping_status":"closed","sticky":false,"template":"","format":"standard","meta":{"footnotes":""},"categories":[4,19],"tags":[],"_links":{"self":[{"href":"http:\/\/commune-loffre.fr\/index.php\/wp-json\/wp\/v2\/posts\/2635"}],"collection":[{"href":"http:\/\/commune-loffre.fr\/index.php\/wp-json\/wp\/v2\/posts"}],"about":[{"href":"http:\/\/commune-loffre.fr\/index.php\/wp-json\/wp\/v2\/types\/post"}],"author":[{"embeddable":true,"href":"http:\/\/commune-loffre.fr\/index.php\/wp-json\/wp\/v2\/users\/1"}],"replies":[{"embeddable":true,"href":"http:\/\/commune-loffre.fr\/index.php\/wp-json\/wp\/v2\/comments?post=2635"}],"version-history":[{"count":3,"href":"http:\/\/commune-loffre.fr\/index.php\/wp-json\/wp\/v2\/posts\/2635\/revisions"}],"predecessor-version":[{"id":2639,"href":"http:\/\/commune-loffre.fr\/index.php\/wp-json\/wp\/v2\/posts\/2635\/revisions\/2639"}],"wp:featuredmedia":[{"embeddable":true,"href":"http:\/\/commune-loffre.fr\/index.php\/wp-json\/wp\/v2\/media\/2638"}],"wp:attachment":[{"href":"http:\/\/commune-loffre.fr\/index.php\/wp-json\/wp\/v2\/media?parent=2635"}],"wp:term":[{"taxonomy":"category","embeddable":true,"href":"http:\/\/commune-loffre.fr\/index.php\/wp-json\/wp\/v2\/categories?post=2635"},{"taxonomy":"post_tag","embeddable":true,"href":"http:\/\/commune-loffre.fr\/index.php\/wp-json\/wp\/v2\/tags?post=2635"}],"curies":[{"name":"wp","href":"https:\/\/api.w.org\/{rel}","templated":true}]}}