{"id":2551,"date":"2017-10-10T07:54:03","date_gmt":"2017-10-10T06:54:03","guid":{"rendered":"http:\/\/commune-loffre.fr\/?p=2551"},"modified":"2017-10-15T11:54:23","modified_gmt":"2017-10-15T10:54:23","slug":"aines-et-ecoliers-ont-partage-un-bon-moment","status":"publish","type":"post","link":"http:\/\/commune-loffre.fr\/index.php\/2017\/10\/10\/aines-et-ecoliers-ont-partage-un-bon-moment\/","title":{"rendered":"A\u00een\u00e9s et \u00e9coliers ont partag\u00e9 un bon moment &#8230;."},"content":{"rendered":"<p>Dans le cadre de \u00ab\u00a0La semaine Bleue\u00a0\u00bb, semaine nationale des retrait\u00e9s et personnes \u00e2g\u00e9es, \u00a0la commune de LOFFRE a organis\u00e9 ce mardi 03 octobre \u00ab\u00a0un atelier jeux de m\u00e9moire interg\u00e9n\u00e9rationnel\u00a0\u00bb associant les ain\u00e9s du village et la classe de CE2 CM1 et CM2 de l\u2019\u00e9cole HENRI MATISSE de LOFFRE.<\/p>\n\n\t\t<style type=\"text\/css\">\n\t\t\t#gallery-1 {\n\t\t\t\tmargin: auto;\n\t\t\t}\n\t\t\t#gallery-1 .gallery-item {\n\t\t\t\tfloat: left;\n\t\t\t\tmargin-top: 10px;\n\t\t\t\ttext-align: center;\n\t\t\t\twidth: 14%;\n\t\t\t}\n\t\t\t#gallery-1 img {\n\t\t\t\tborder: 2px solid #cfcfcf;\n\t\t\t}\n\t\t\t#gallery-1 .gallery-caption {\n\t\t\t\tmargin-left: 0;\n\t\t\t}\n\t\t\t\/* see gallery_shortcode() in wp-includes\/media.php *\/\n\t\t<\/style>\n\t\t<div id='gallery-1' class='gallery galleryid-2551 gallery-columns-7 gallery-size-thumbnail'><dl class='gallery-item'>\n\t\t\t<dt class='gallery-icon landscape'>\n\t\t\t\t<a href='http:\/\/commune-loffre.fr\/index.php\/2017\/10\/10\/aines-et-ecoliers-ont-partage-un-bon-moment\/20171003_140657-copie\/'><img loading=\"lazy\" decoding=\"async\" width=\"150\" height=\"150\" src=\"http:\/\/commune-loffre.fr\/wp-content\/uploads\/2017\/10\/20171003_140657-copie-150x150.jpg\" class=\"attachment-thumbnail size-thumbnail\" alt=\"\" srcset=\"http:\/\/commune-loffre.fr\/wp-content\/uploads\/2017\/10\/20171003_140657-copie-150x150.jpg 150w, http:\/\/commune-loffre.fr\/wp-content\/uploads\/2017\/10\/20171003_140657-copie-180x180.jpg 180w, http:\/\/commune-loffre.fr\/wp-content\/uploads\/2017\/10\/20171003_140657-copie-60x60.jpg 60w\" sizes=\"(max-width: 150px) 100vw, 150px\" \/><\/a>\n\t\t\t<\/dt><\/dl><dl class='gallery-item'>\n\t\t\t<dt class='gallery-icon landscape'>\n\t\t\t\t<a href='http:\/\/commune-loffre.fr\/index.php\/2017\/10\/10\/aines-et-ecoliers-ont-partage-un-bon-moment\/20171003_140715-copie\/'><img loading=\"lazy\" decoding=\"async\" width=\"150\" height=\"150\" src=\"http:\/\/commune-loffre.fr\/wp-content\/uploads\/2017\/10\/20171003_140715-copie-150x150.jpg\" class=\"attachment-thumbnail size-thumbnail\" alt=\"\" srcset=\"http:\/\/commune-loffre.fr\/wp-content\/uploads\/2017\/10\/20171003_140715-copie-150x150.jpg 150w, http:\/\/commune-loffre.fr\/wp-content\/uploads\/2017\/10\/20171003_140715-copie-180x180.jpg 180w, http:\/\/commune-loffre.fr\/wp-content\/uploads\/2017\/10\/20171003_140715-copie-60x60.jpg 60w\" sizes=\"(max-width: 150px) 100vw, 150px\" \/><\/a>\n\t\t\t<\/dt><\/dl><dl class='gallery-item'>\n\t\t\t<dt class='gallery-icon landscape'>\n\t\t\t\t<a href='http:\/\/commune-loffre.fr\/index.php\/2017\/10\/10\/aines-et-ecoliers-ont-partage-un-bon-moment\/20171003_140726-copie\/'><img loading=\"lazy\" decoding=\"async\" width=\"150\" height=\"150\" src=\"http:\/\/commune-loffre.fr\/wp-content\/uploads\/2017\/10\/20171003_140726-copie-150x150.jpg\" class=\"attachment-thumbnail size-thumbnail\" alt=\"\" srcset=\"http:\/\/commune-loffre.fr\/wp-content\/uploads\/2017\/10\/20171003_140726-copie-150x150.jpg 150w, http:\/\/commune-loffre.fr\/wp-content\/uploads\/2017\/10\/20171003_140726-copie-180x180.jpg 180w, http:\/\/commune-loffre.fr\/wp-content\/uploads\/2017\/10\/20171003_140726-copie-60x60.jpg 60w\" sizes=\"(max-width: 150px) 100vw, 150px\" \/><\/a>\n\t\t\t<\/dt><\/dl><dl class='gallery-item'>\n\t\t\t<dt class='gallery-icon portrait'>\n\t\t\t\t<a href='http:\/\/commune-loffre.fr\/index.php\/2017\/10\/10\/aines-et-ecoliers-ont-partage-un-bon-moment\/20171003_141026-copie\/'><img loading=\"lazy\" decoding=\"async\" width=\"150\" height=\"150\" src=\"http:\/\/commune-loffre.fr\/wp-content\/uploads\/2017\/10\/20171003_141026-copie-150x150.jpg\" class=\"attachment-thumbnail size-thumbnail\" alt=\"\" srcset=\"http:\/\/commune-loffre.fr\/wp-content\/uploads\/2017\/10\/20171003_141026-copie-150x150.jpg 150w, http:\/\/commune-loffre.fr\/wp-content\/uploads\/2017\/10\/20171003_141026-copie-180x180.jpg 180w, http:\/\/commune-loffre.fr\/wp-content\/uploads\/2017\/10\/20171003_141026-copie-60x60.jpg 60w\" sizes=\"(max-width: 150px) 100vw, 150px\" \/><\/a>\n\t\t\t<\/dt><\/dl><dl class='gallery-item'>\n\t\t\t<dt class='gallery-icon portrait'>\n\t\t\t\t<a href='http:\/\/commune-loffre.fr\/index.php\/2017\/10\/10\/aines-et-ecoliers-ont-partage-un-bon-moment\/20171003_141329-copie\/'><img loading=\"lazy\" decoding=\"async\" width=\"150\" height=\"150\" src=\"http:\/\/commune-loffre.fr\/wp-content\/uploads\/2017\/10\/20171003_141329-copie-150x150.jpg\" class=\"attachment-thumbnail size-thumbnail\" alt=\"\" srcset=\"http:\/\/commune-loffre.fr\/wp-content\/uploads\/2017\/10\/20171003_141329-copie-150x150.jpg 150w, http:\/\/commune-loffre.fr\/wp-content\/uploads\/2017\/10\/20171003_141329-copie-180x180.jpg 180w, http:\/\/commune-loffre.fr\/wp-content\/uploads\/2017\/10\/20171003_141329-copie-60x60.jpg 60w\" sizes=\"(max-width: 150px) 100vw, 150px\" \/><\/a>\n\t\t\t<\/dt><\/dl><dl class='gallery-item'>\n\t\t\t<dt class='gallery-icon portrait'>\n\t\t\t\t<a href='http:\/\/commune-loffre.fr\/index.php\/2017\/10\/10\/aines-et-ecoliers-ont-partage-un-bon-moment\/20171003_141536-copie\/'><img loading=\"lazy\" decoding=\"async\" width=\"150\" height=\"150\" src=\"http:\/\/commune-loffre.fr\/wp-content\/uploads\/2017\/10\/20171003_141536-copie-150x150.jpg\" class=\"attachment-thumbnail size-thumbnail\" alt=\"\" srcset=\"http:\/\/commune-loffre.fr\/wp-content\/uploads\/2017\/10\/20171003_141536-copie-150x150.jpg 150w, http:\/\/commune-loffre.fr\/wp-content\/uploads\/2017\/10\/20171003_141536-copie-180x180.jpg 180w, http:\/\/commune-loffre.fr\/wp-content\/uploads\/2017\/10\/20171003_141536-copie-60x60.jpg 60w\" sizes=\"(max-width: 150px) 100vw, 150px\" \/><\/a>\n\t\t\t<\/dt><\/dl><dl class='gallery-item'>\n\t\t\t<dt class='gallery-icon landscape'>\n\t\t\t\t<a href='http:\/\/commune-loffre.fr\/index.php\/2017\/10\/10\/aines-et-ecoliers-ont-partage-un-bon-moment\/20171003_141944-copie\/'><img loading=\"lazy\" decoding=\"async\" width=\"150\" height=\"150\" src=\"http:\/\/commune-loffre.fr\/wp-content\/uploads\/2017\/10\/20171003_141944-copie-150x150.jpg\" class=\"attachment-thumbnail size-thumbnail\" alt=\"\" srcset=\"http:\/\/commune-loffre.fr\/wp-content\/uploads\/2017\/10\/20171003_141944-copie-150x150.jpg 150w, http:\/\/commune-loffre.fr\/wp-content\/uploads\/2017\/10\/20171003_141944-copie-180x180.jpg 180w, http:\/\/commune-loffre.fr\/wp-content\/uploads\/2017\/10\/20171003_141944-copie-60x60.jpg 60w\" sizes=\"(max-width: 150px) 100vw, 150px\" \/><\/a>\n\t\t\t<\/dt><\/dl><br style=\"clear: both\" \/><dl class='gallery-item'>\n\t\t\t<dt class='gallery-icon portrait'>\n\t\t\t\t<a href='http:\/\/commune-loffre.fr\/index.php\/2017\/10\/10\/aines-et-ecoliers-ont-partage-un-bon-moment\/20171003_142132-copie\/'><img loading=\"lazy\" decoding=\"async\" width=\"150\" height=\"150\" src=\"http:\/\/commune-loffre.fr\/wp-content\/uploads\/2017\/10\/20171003_142132-copie-150x150.jpg\" class=\"attachment-thumbnail size-thumbnail\" alt=\"\" srcset=\"http:\/\/commune-loffre.fr\/wp-content\/uploads\/2017\/10\/20171003_142132-copie-150x150.jpg 150w, http:\/\/commune-loffre.fr\/wp-content\/uploads\/2017\/10\/20171003_142132-copie-180x180.jpg 180w, http:\/\/commune-loffre.fr\/wp-content\/uploads\/2017\/10\/20171003_142132-copie-60x60.jpg 60w\" sizes=\"(max-width: 150px) 100vw, 150px\" \/><\/a>\n\t\t\t<\/dt><\/dl><dl class='gallery-item'>\n\t\t\t<dt class='gallery-icon landscape'>\n\t\t\t\t<a href='http:\/\/commune-loffre.fr\/index.php\/2017\/10\/10\/aines-et-ecoliers-ont-partage-un-bon-moment\/20171003_144848-copie\/'><img loading=\"lazy\" decoding=\"async\" width=\"150\" height=\"150\" src=\"http:\/\/commune-loffre.fr\/wp-content\/uploads\/2017\/10\/20171003_144848-copie-150x150.jpg\" class=\"attachment-thumbnail size-thumbnail\" alt=\"\" srcset=\"http:\/\/commune-loffre.fr\/wp-content\/uploads\/2017\/10\/20171003_144848-copie-150x150.jpg 150w, http:\/\/commune-loffre.fr\/wp-content\/uploads\/2017\/10\/20171003_144848-copie-180x180.jpg 180w, http:\/\/commune-loffre.fr\/wp-content\/uploads\/2017\/10\/20171003_144848-copie-60x60.jpg 60w\" sizes=\"(max-width: 150px) 100vw, 150px\" \/><\/a>\n\t\t\t<\/dt><\/dl><dl class='gallery-item'>\n\t\t\t<dt class='gallery-icon landscape'>\n\t\t\t\t<a href='http:\/\/commune-loffre.fr\/index.php\/2017\/10\/10\/aines-et-ecoliers-ont-partage-un-bon-moment\/20171003_144854-copie\/'><img loading=\"lazy\" decoding=\"async\" width=\"150\" height=\"150\" src=\"http:\/\/commune-loffre.fr\/wp-content\/uploads\/2017\/10\/20171003_144854-copie-150x150.jpg\" class=\"attachment-thumbnail size-thumbnail\" alt=\"\" srcset=\"http:\/\/commune-loffre.fr\/wp-content\/uploads\/2017\/10\/20171003_144854-copie-150x150.jpg 150w, http:\/\/commune-loffre.fr\/wp-content\/uploads\/2017\/10\/20171003_144854-copie-180x180.jpg 180w, http:\/\/commune-loffre.fr\/wp-content\/uploads\/2017\/10\/20171003_144854-copie-60x60.jpg 60w\" sizes=\"(max-width: 150px) 100vw, 150px\" \/><\/a>\n\t\t\t<\/dt><\/dl><dl class='gallery-item'>\n\t\t\t<dt class='gallery-icon landscape'>\n\t\t\t\t<a href='http:\/\/commune-loffre.fr\/index.php\/2017\/10\/10\/aines-et-ecoliers-ont-partage-un-bon-moment\/20171003_144900-copie\/'><img loading=\"lazy\" decoding=\"async\" width=\"150\" height=\"150\" src=\"http:\/\/commune-loffre.fr\/wp-content\/uploads\/2017\/10\/20171003_144900-copie-150x150.jpg\" class=\"attachment-thumbnail size-thumbnail\" alt=\"\" srcset=\"http:\/\/commune-loffre.fr\/wp-content\/uploads\/2017\/10\/20171003_144900-copie-150x150.jpg 150w, http:\/\/commune-loffre.fr\/wp-content\/uploads\/2017\/10\/20171003_144900-copie-180x180.jpg 180w, http:\/\/commune-loffre.fr\/wp-content\/uploads\/2017\/10\/20171003_144900-copie-60x60.jpg 60w\" sizes=\"(max-width: 150px) 100vw, 150px\" \/><\/a>\n\t\t\t<\/dt><\/dl><dl class='gallery-item'>\n\t\t\t<dt class='gallery-icon landscape'>\n\t\t\t\t<a href='http:\/\/commune-loffre.fr\/index.php\/2017\/10\/10\/aines-et-ecoliers-ont-partage-un-bon-moment\/20171003_144905-copie\/'><img loading=\"lazy\" decoding=\"async\" width=\"150\" height=\"150\" src=\"http:\/\/commune-loffre.fr\/wp-content\/uploads\/2017\/10\/20171003_144905-copie-150x150.jpg\" class=\"attachment-thumbnail size-thumbnail\" alt=\"\" srcset=\"http:\/\/commune-loffre.fr\/wp-content\/uploads\/2017\/10\/20171003_144905-copie-150x150.jpg 150w, http:\/\/commune-loffre.fr\/wp-content\/uploads\/2017\/10\/20171003_144905-copie-180x180.jpg 180w, http:\/\/commune-loffre.fr\/wp-content\/uploads\/2017\/10\/20171003_144905-copie-60x60.jpg 60w\" sizes=\"(max-width: 150px) 100vw, 150px\" \/><\/a>\n\t\t\t<\/dt><\/dl><dl class='gallery-item'>\n\t\t\t<dt class='gallery-icon landscape'>\n\t\t\t\t<a href='http:\/\/commune-loffre.fr\/index.php\/2017\/10\/10\/aines-et-ecoliers-ont-partage-un-bon-moment\/20171003_144915-copie\/'><img loading=\"lazy\" decoding=\"async\" width=\"150\" height=\"150\" src=\"http:\/\/commune-loffre.fr\/wp-content\/uploads\/2017\/10\/20171003_144915-copie-150x150.jpg\" class=\"attachment-thumbnail size-thumbnail\" alt=\"\" srcset=\"http:\/\/commune-loffre.fr\/wp-content\/uploads\/2017\/10\/20171003_144915-copie-150x150.jpg 150w, http:\/\/commune-loffre.fr\/wp-content\/uploads\/2017\/10\/20171003_144915-copie-180x180.jpg 180w, http:\/\/commune-loffre.fr\/wp-content\/uploads\/2017\/10\/20171003_144915-copie-60x60.jpg 60w\" sizes=\"(max-width: 150px) 100vw, 150px\" \/><\/a>\n\t\t\t<\/dt><\/dl><dl class='gallery-item'>\n\t\t\t<dt class='gallery-icon portrait'>\n\t\t\t\t<a href='http:\/\/commune-loffre.fr\/index.php\/2017\/10\/10\/aines-et-ecoliers-ont-partage-un-bon-moment\/20171003_144927-copie\/'><img loading=\"lazy\" decoding=\"async\" width=\"150\" height=\"150\" src=\"http:\/\/commune-loffre.fr\/wp-content\/uploads\/2017\/10\/20171003_144927-copie-150x150.jpg\" class=\"attachment-thumbnail size-thumbnail\" alt=\"\" srcset=\"http:\/\/commune-loffre.fr\/wp-content\/uploads\/2017\/10\/20171003_144927-copie-150x150.jpg 150w, http:\/\/commune-loffre.fr\/wp-content\/uploads\/2017\/10\/20171003_144927-copie-180x180.jpg 180w, http:\/\/commune-loffre.fr\/wp-content\/uploads\/2017\/10\/20171003_144927-copie-60x60.jpg 60w\" sizes=\"(max-width: 150px) 100vw, 150px\" \/><\/a>\n\t\t\t<\/dt><\/dl><br style=\"clear: both\" \/><dl class='gallery-item'>\n\t\t\t<dt class='gallery-icon portrait'>\n\t\t\t\t<a href='http:\/\/commune-loffre.fr\/index.php\/2017\/10\/10\/aines-et-ecoliers-ont-partage-un-bon-moment\/20171003_145129-copie\/'><img loading=\"lazy\" decoding=\"async\" width=\"150\" height=\"150\" src=\"http:\/\/commune-loffre.fr\/wp-content\/uploads\/2017\/10\/20171003_145129-copie-150x150.jpg\" class=\"attachment-thumbnail size-thumbnail\" alt=\"\" srcset=\"http:\/\/commune-loffre.fr\/wp-content\/uploads\/2017\/10\/20171003_145129-copie-150x150.jpg 150w, http:\/\/commune-loffre.fr\/wp-content\/uploads\/2017\/10\/20171003_145129-copie-180x180.jpg 180w, http:\/\/commune-loffre.fr\/wp-content\/uploads\/2017\/10\/20171003_145129-copie-60x60.jpg 60w\" sizes=\"(max-width: 150px) 100vw, 150px\" \/><\/a>\n\t\t\t<\/dt><\/dl><dl class='gallery-item'>\n\t\t\t<dt class='gallery-icon landscape'>\n\t\t\t\t<a href='http:\/\/commune-loffre.fr\/index.php\/2017\/10\/10\/aines-et-ecoliers-ont-partage-un-bon-moment\/20171003_145313-copie\/'><img loading=\"lazy\" decoding=\"async\" width=\"150\" height=\"150\" src=\"http:\/\/commune-loffre.fr\/wp-content\/uploads\/2017\/10\/20171003_145313-copie-150x150.jpg\" class=\"attachment-thumbnail size-thumbnail\" alt=\"\" srcset=\"http:\/\/commune-loffre.fr\/wp-content\/uploads\/2017\/10\/20171003_145313-copie-150x150.jpg 150w, http:\/\/commune-loffre.fr\/wp-content\/uploads\/2017\/10\/20171003_145313-copie-180x180.jpg 180w, http:\/\/commune-loffre.fr\/wp-content\/uploads\/2017\/10\/20171003_145313-copie-60x60.jpg 60w\" sizes=\"(max-width: 150px) 100vw, 150px\" \/><\/a>\n\t\t\t<\/dt><\/dl><dl class='gallery-item'>\n\t\t\t<dt class='gallery-icon portrait'>\n\t\t\t\t<a href='http:\/\/commune-loffre.fr\/index.php\/2017\/10\/10\/aines-et-ecoliers-ont-partage-un-bon-moment\/20171003_145549-copie\/'><img loading=\"lazy\" decoding=\"async\" width=\"150\" height=\"150\" src=\"http:\/\/commune-loffre.fr\/wp-content\/uploads\/2017\/10\/20171003_145549-copie-150x150.jpg\" class=\"attachment-thumbnail size-thumbnail\" alt=\"\" srcset=\"http:\/\/commune-loffre.fr\/wp-content\/uploads\/2017\/10\/20171003_145549-copie-150x150.jpg 150w, http:\/\/commune-loffre.fr\/wp-content\/uploads\/2017\/10\/20171003_145549-copie-180x180.jpg 180w, http:\/\/commune-loffre.fr\/wp-content\/uploads\/2017\/10\/20171003_145549-copie-60x60.jpg 60w\" sizes=\"(max-width: 150px) 100vw, 150px\" \/><\/a>\n\t\t\t<\/dt><\/dl><dl class='gallery-item'>\n\t\t\t<dt class='gallery-icon landscape'>\n\t\t\t\t<a href='http:\/\/commune-loffre.fr\/index.php\/2017\/10\/10\/aines-et-ecoliers-ont-partage-un-bon-moment\/20171003_145618-copie\/'><img loading=\"lazy\" decoding=\"async\" width=\"150\" height=\"150\" src=\"http:\/\/commune-loffre.fr\/wp-content\/uploads\/2017\/10\/20171003_145618-copie-150x150.jpg\" class=\"attachment-thumbnail size-thumbnail\" alt=\"\" srcset=\"http:\/\/commune-loffre.fr\/wp-content\/uploads\/2017\/10\/20171003_145618-copie-150x150.jpg 150w, http:\/\/commune-loffre.fr\/wp-content\/uploads\/2017\/10\/20171003_145618-copie-180x180.jpg 180w, http:\/\/commune-loffre.fr\/wp-content\/uploads\/2017\/10\/20171003_145618-copie-60x60.jpg 60w\" sizes=\"(max-width: 150px) 100vw, 150px\" \/><\/a>\n\t\t\t<\/dt><\/dl><dl class='gallery-item'>\n\t\t\t<dt class='gallery-icon landscape'>\n\t\t\t\t<a href='http:\/\/commune-loffre.fr\/index.php\/2017\/10\/10\/aines-et-ecoliers-ont-partage-un-bon-moment\/20171003_145636-copie\/'><img loading=\"lazy\" decoding=\"async\" width=\"150\" height=\"150\" src=\"http:\/\/commune-loffre.fr\/wp-content\/uploads\/2017\/10\/20171003_145636-copie-150x150.jpg\" class=\"attachment-thumbnail size-thumbnail\" alt=\"\" srcset=\"http:\/\/commune-loffre.fr\/wp-content\/uploads\/2017\/10\/20171003_145636-copie-150x150.jpg 150w, http:\/\/commune-loffre.fr\/wp-content\/uploads\/2017\/10\/20171003_145636-copie-180x180.jpg 180w, http:\/\/commune-loffre.fr\/wp-content\/uploads\/2017\/10\/20171003_145636-copie-60x60.jpg 60w\" sizes=\"(max-width: 150px) 100vw, 150px\" \/><\/a>\n\t\t\t<\/dt><\/dl><dl class='gallery-item'>\n\t\t\t<dt class='gallery-icon landscape'>\n\t\t\t\t<a href='http:\/\/commune-loffre.fr\/index.php\/2017\/10\/10\/aines-et-ecoliers-ont-partage-un-bon-moment\/20171003_150440-copie\/'><img loading=\"lazy\" decoding=\"async\" width=\"150\" height=\"150\" src=\"http:\/\/commune-loffre.fr\/wp-content\/uploads\/2017\/10\/20171003_150440-copie-150x150.jpg\" class=\"attachment-thumbnail size-thumbnail\" alt=\"\" srcset=\"http:\/\/commune-loffre.fr\/wp-content\/uploads\/2017\/10\/20171003_150440-copie-150x150.jpg 150w, http:\/\/commune-loffre.fr\/wp-content\/uploads\/2017\/10\/20171003_150440-copie-180x180.jpg 180w, http:\/\/commune-loffre.fr\/wp-content\/uploads\/2017\/10\/20171003_150440-copie-60x60.jpg 60w\" sizes=\"(max-width: 150px) 100vw, 150px\" \/><\/a>\n\t\t\t<\/dt><\/dl>\n\t\t\t<br style='clear: both' \/>\n\t\t<\/div>\n\n<p>L\u2019objectif de cette exp\u00e9rience \u00e9tait de t\u00e9moigner de la capacit\u00e9 \u00e0 faire du lien social dans le village entre les g\u00e9n\u00e9rations. Cet atelier anim\u00e9 par Doroth\u00e9e et Marie H\u00e9l\u00e8ne, animatrices personnel communal, a remport\u00e9 un vif succ\u00e8s aupr\u00e8s des ain\u00e9s comme aupr\u00e8s des enfants qui se sont montr\u00e9s compl\u00e9mentaires dans les activit\u00e9s r\u00e9alis\u00e9es ensemble.\u00a0 Cette initiative s\u2019est r\u00e9v\u00e9l\u00e9e \u00eatre un beau moment de partage et de convivialit\u00e9 visant \u00e0 renforcer les liens entre g\u00e9n\u00e9rations tout en participant au bien-\u00eatre et \u00e0 la reconnaissance de chacun.<\/p>\n<p>&nbsp;<\/p>\n","protected":false},"excerpt":{"rendered":"<p>Dans le cadre de \u00ab\u00a0La semaine Bleue\u00a0\u00bb, semaine nationale des retrait\u00e9s et personnes \u00e2g\u00e9es, \u00a0la commune de LOFFRE a organis\u00e9 ce mardi 03 octobre \u00ab\u00a0un atelier jeux de m\u00e9moire interg\u00e9n\u00e9rationnel\u00a0\u00bb&#8230; <a href=\"http:\/\/commune-loffre.fr\/index.php\/2017\/10\/10\/aines-et-ecoliers-ont-partage-un-bon-moment\/\">Read more &raquo;<\/a><\/p>\n","protected":false},"author":1,"featured_media":2555,"comment_status":"closed","ping_status":"closed","sticky":false,"template":"","format":"standard","meta":{"footnotes":""},"categories":[1,19],"tags":[],"_links":{"self":[{"href":"http:\/\/commune-loffre.fr\/index.php\/wp-json\/wp\/v2\/posts\/2551"}],"collection":[{"href":"http:\/\/commune-loffre.fr\/index.php\/wp-json\/wp\/v2\/posts"}],"about":[{"href":"http:\/\/commune-loffre.fr\/index.php\/wp-json\/wp\/v2\/types\/post"}],"author":[{"embeddable":true,"href":"http:\/\/commune-loffre.fr\/index.php\/wp-json\/wp\/v2\/users\/1"}],"replies":[{"embeddable":true,"href":"http:\/\/commune-loffre.fr\/index.php\/wp-json\/wp\/v2\/comments?post=2551"}],"version-history":[{"count":3,"href":"http:\/\/commune-loffre.fr\/index.php\/wp-json\/wp\/v2\/posts\/2551\/revisions"}],"predecessor-version":[{"id":2597,"href":"http:\/\/commune-loffre.fr\/index.php\/wp-json\/wp\/v2\/posts\/2551\/revisions\/2597"}],"wp:featuredmedia":[{"embeddable":true,"href":"http:\/\/commune-loffre.fr\/index.php\/wp-json\/wp\/v2\/media\/2555"}],"wp:attachment":[{"href":"http:\/\/commune-loffre.fr\/index.php\/wp-json\/wp\/v2\/media?parent=2551"}],"wp:term":[{"taxonomy":"category","embeddable":true,"href":"http:\/\/commune-loffre.fr\/index.php\/wp-json\/wp\/v2\/categories?post=2551"},{"taxonomy":"post_tag","embeddable":true,"href":"http:\/\/commune-loffre.fr\/index.php\/wp-json\/wp\/v2\/tags?post=2551"}],"curies":[{"name":"wp","href":"https:\/\/api.w.org\/{rel}","templated":true}]}}