{"id":2535,"date":"2017-09-29T07:44:38","date_gmt":"2017-09-29T06:44:38","guid":{"rendered":"http:\/\/commune-loffre.fr\/?p=2535"},"modified":"2017-09-29T07:52:34","modified_gmt":"2017-09-29T06:52:34","slug":"octobre-rose","status":"publish","type":"post","link":"http:\/\/commune-loffre.fr\/index.php\/2017\/09\/29\/octobre-rose\/","title":{"rendered":"Octobre rose"},"content":{"rendered":"<p><a href=\"http:\/\/commune-loffre.fr\/wp-content\/uploads\/2017\/09\/image001.jpg\"><img loading=\"lazy\" decoding=\"async\" class=\"alignnone wp-image-2538\" src=\"http:\/\/commune-loffre.fr\/wp-content\/uploads\/2017\/09\/image001-300x58.jpg\" alt=\"image001\" width=\"600\" height=\"116\" srcset=\"http:\/\/commune-loffre.fr\/wp-content\/uploads\/2017\/09\/image001-300x58.jpg 300w, http:\/\/commune-loffre.fr\/wp-content\/uploads\/2017\/09\/image001.jpg 539w\" sizes=\"(max-width: 600px) 100vw, 600px\" \/><\/a> Mesdames, Messieurs,<\/p>\n<p>Comme chaque ann\u00e9e, le mois d\u2019Octobre est un mois de mobilisation contre le Cancer du sein.<br \/>\nUne campagne d\u2019informations \u00e0 destination des femmes de 50 \u00e0 74 ans concern\u00e9es par le d\u00e9pistage organis\u00e9 du cancer du sein sera diffus\u00e9e tout au long du mois.<\/p>\n<p>Par cons\u00e9quent, l\u2019ERC du Douaisis et ses partenaires vous proposeront, <a href=\"http:\/\/commune-loffre.fr\/wp-content\/uploads\/2017\/09\/Cartographie.pdf\">au plus pr\u00e8s de chez vous<\/a>, divers temps d\u2019informations, d\u2019\u00e9changes et d\u2019animations.<br \/>\nNous vous invitons \u00e0 retrouver tous nos temps d\u2019informations sur <a href=\"http:\/\/commune-loffre.fr\/wp-content\/uploads\/2017\/09\/d\u00e9pliant-octobre-rose-2017-VERSION-IMPRIMABLE.pdf\">notre d\u00e9pliant Octobre Rose<\/a> mais aussi sur le <a href=\"http:\/\/commune-loffre.fr\/wp-content\/uploads\/2017\/09\/calendrier-ERC-OCT-2017.pdf\">planning de l\u2019ERC<\/a> en vous laissant guider par le petit logo !<a href=\"http:\/\/commune-loffre.fr\/wp-content\/uploads\/2017\/09\/image012.png\"><img loading=\"lazy\" decoding=\"async\" class=\"alignnone size-full wp-image-2537\" src=\"http:\/\/commune-loffre.fr\/wp-content\/uploads\/2017\/09\/image012.png\" alt=\"image012\" width=\"129\" height=\"25\" \/><\/a><\/p>\n<p>Nous sommes heureux d\u2019int\u00e9grer Peggy POLAK socio-esth\u00e9ticienne, qui succ\u00e9dera \u00e0 Fanny ANGIUS pour l\u2019animation des ateliers beaut\u00e9 et bien-\u00eatre et les rendez-vous en individuel. Nous lui souhaitons la bienvenue !<\/p>\n<p>De plus, nous vous proposerons vos activit\u00e9s pr\u00e9f\u00e9r\u00e9es comme la marche et l\u2019activit\u00e9 physique avec Sol\u00e8ne, les ateliers \u00ab cuisine \u00bb \u00ab petit d\u00e9jeuner \u00bb \u00ab p\u00e2tisserie \u00bb avec Savinie, les divers ateliers beaut\u00e9 et bien-\u00eatre avec Peggy, la sophrologie et QI-GONG par Katia.<\/p>\n<p>Nous vous attendons nombreuses et nombreux \u00e0 l\u2019occasion d\u2019Octobre Rose mais \u00e9galement lors de <a href=\"http:\/\/commune-loffre.fr\/wp-content\/uploads\/2017\/09\/calendrier-ERC-OCT-2017.pdf\">nos ateliers \u00e0 l\u2019ERC !<\/a><\/p>\n<p>Nous vous rappelons \u00e9galement que les places pour le d\u00e9fil\u00e9 sont \u00e0 retirer au Th\u00e9\u00e2tre de Douai (Rue de la Com\u00e9die)\u00e0 partir du 03 Octobre 2017 du Mercredi au Samedi de 14h30 \u00e0 18h30 r\u00e8glement exclusivement par ch\u00e8que \u00e0 l\u2019ordre de \u00ab Plateforme Sant\u00e9 Douaisis \u00bb ou par esp\u00e8ce.<\/p>\n<p>N\u2019h\u00e9sitez pas \u00e0 vous inscrire d\u00e8s maintenant au 03\/27\/97\/97\/97 !<\/p>\n","protected":false},"excerpt":{"rendered":"<p>Mesdames, Messieurs, Comme chaque ann\u00e9e, le mois d\u2019Octobre est un mois de mobilisation contre le Cancer du sein. Une campagne d\u2019informations \u00e0 destination des femmes de 50 \u00e0 74 ans&#8230; <a href=\"http:\/\/commune-loffre.fr\/index.php\/2017\/09\/29\/octobre-rose\/\">Read more &raquo;<\/a><\/p>\n","protected":false},"author":1,"featured_media":2536,"comment_status":"closed","ping_status":"closed","sticky":false,"template":"","format":"standard","meta":{"footnotes":""},"categories":[5],"tags":[],"_links":{"self":[{"href":"http:\/\/commune-loffre.fr\/index.php\/wp-json\/wp\/v2\/posts\/2535"}],"collection":[{"href":"http:\/\/commune-loffre.fr\/index.php\/wp-json\/wp\/v2\/posts"}],"about":[{"href":"http:\/\/commune-loffre.fr\/index.php\/wp-json\/wp\/v2\/types\/post"}],"author":[{"embeddable":true,"href":"http:\/\/commune-loffre.fr\/index.php\/wp-json\/wp\/v2\/users\/1"}],"replies":[{"embeddable":true,"href":"http:\/\/commune-loffre.fr\/index.php\/wp-json\/wp\/v2\/comments?post=2535"}],"version-history":[{"count":8,"href":"http:\/\/commune-loffre.fr\/index.php\/wp-json\/wp\/v2\/posts\/2535\/revisions"}],"predecessor-version":[{"id":2549,"href":"http:\/\/commune-loffre.fr\/index.php\/wp-json\/wp\/v2\/posts\/2535\/revisions\/2549"}],"wp:featuredmedia":[{"embeddable":true,"href":"http:\/\/commune-loffre.fr\/index.php\/wp-json\/wp\/v2\/media\/2536"}],"wp:attachment":[{"href":"http:\/\/commune-loffre.fr\/index.php\/wp-json\/wp\/v2\/media?parent=2535"}],"wp:term":[{"taxonomy":"category","embeddable":true,"href":"http:\/\/commune-loffre.fr\/index.php\/wp-json\/wp\/v2\/categories?post=2535"},{"taxonomy":"post_tag","embeddable":true,"href":"http:\/\/commune-loffre.fr\/index.php\/wp-json\/wp\/v2\/tags?post=2535"}],"curies":[{"name":"wp","href":"https:\/\/api.w.org\/{rel}","templated":true}]}}