{"id":2077,"date":"2017-06-19T14:54:47","date_gmt":"2017-06-19T13:54:47","guid":{"rendered":"http:\/\/commune-loffre.fr\/?p=2077"},"modified":"2017-06-19T14:57:14","modified_gmt":"2017-06-19T13:57:14","slug":"commemoration-de-lappel-du-18-juin-2","status":"publish","type":"post","link":"http:\/\/commune-loffre.fr\/index.php\/2017\/06\/19\/commemoration-de-lappel-du-18-juin-2\/","title":{"rendered":"Comm\u00e9moration de l&rsquo;Appel du 18 juin"},"content":{"rendered":"\n\t\t<style type=\"text\/css\">\n\t\t\t#gallery-1 {\n\t\t\t\tmargin: auto;\n\t\t\t}\n\t\t\t#gallery-1 .gallery-item {\n\t\t\t\tfloat: left;\n\t\t\t\tmargin-top: 10px;\n\t\t\t\ttext-align: center;\n\t\t\t\twidth: 16%;\n\t\t\t}\n\t\t\t#gallery-1 img {\n\t\t\t\tborder: 2px solid #cfcfcf;\n\t\t\t}\n\t\t\t#gallery-1 .gallery-caption {\n\t\t\t\tmargin-left: 0;\n\t\t\t}\n\t\t\t\/* see gallery_shortcode() in wp-includes\/media.php *\/\n\t\t<\/style>\n\t\t<div id='gallery-1' class='gallery galleryid-2077 gallery-columns-6 gallery-size-thumbnail'><dl class='gallery-item'>\n\t\t\t<dt class='gallery-icon landscape'>\n\t\t\t\t<a href='http:\/\/commune-loffre.fr\/index.php\/2017\/06\/19\/commemoration-de-lappel-du-18-juin-2\/p1010019-copie\/'><img loading=\"lazy\" decoding=\"async\" width=\"150\" height=\"150\" src=\"http:\/\/commune-loffre.fr\/wp-content\/uploads\/2017\/06\/P1010019-copie-150x150.jpg\" class=\"attachment-thumbnail size-thumbnail\" alt=\"\" srcset=\"http:\/\/commune-loffre.fr\/wp-content\/uploads\/2017\/06\/P1010019-copie-150x150.jpg 150w, http:\/\/commune-loffre.fr\/wp-content\/uploads\/2017\/06\/P1010019-copie-180x180.jpg 180w, http:\/\/commune-loffre.fr\/wp-content\/uploads\/2017\/06\/P1010019-copie-60x60.jpg 60w\" sizes=\"(max-width: 150px) 100vw, 150px\" \/><\/a>\n\t\t\t<\/dt><\/dl><dl class='gallery-item'>\n\t\t\t<dt class='gallery-icon landscape'>\n\t\t\t\t<a href='http:\/\/commune-loffre.fr\/index.php\/2017\/06\/19\/commemoration-de-lappel-du-18-juin-2\/p1010020-copie\/'><img loading=\"lazy\" decoding=\"async\" width=\"150\" height=\"150\" src=\"http:\/\/commune-loffre.fr\/wp-content\/uploads\/2017\/06\/P1010020-copie-150x150.jpg\" class=\"attachment-thumbnail size-thumbnail\" alt=\"\" srcset=\"http:\/\/commune-loffre.fr\/wp-content\/uploads\/2017\/06\/P1010020-copie-150x150.jpg 150w, http:\/\/commune-loffre.fr\/wp-content\/uploads\/2017\/06\/P1010020-copie-180x180.jpg 180w, http:\/\/commune-loffre.fr\/wp-content\/uploads\/2017\/06\/P1010020-copie-60x60.jpg 60w\" sizes=\"(max-width: 150px) 100vw, 150px\" \/><\/a>\n\t\t\t<\/dt><\/dl><dl class='gallery-item'>\n\t\t\t<dt class='gallery-icon landscape'>\n\t\t\t\t<a href='http:\/\/commune-loffre.fr\/index.php\/2017\/06\/19\/commemoration-de-lappel-du-18-juin-2\/p1010021-copie\/'><img loading=\"lazy\" decoding=\"async\" width=\"150\" height=\"150\" src=\"http:\/\/commune-loffre.fr\/wp-content\/uploads\/2017\/06\/P1010021-copie-150x150.jpg\" class=\"attachment-thumbnail size-thumbnail\" alt=\"\" srcset=\"http:\/\/commune-loffre.fr\/wp-content\/uploads\/2017\/06\/P1010021-copie-150x150.jpg 150w, http:\/\/commune-loffre.fr\/wp-content\/uploads\/2017\/06\/P1010021-copie-180x180.jpg 180w, http:\/\/commune-loffre.fr\/wp-content\/uploads\/2017\/06\/P1010021-copie-60x60.jpg 60w\" sizes=\"(max-width: 150px) 100vw, 150px\" \/><\/a>\n\t\t\t<\/dt><\/dl><dl class='gallery-item'>\n\t\t\t<dt class='gallery-icon landscape'>\n\t\t\t\t<a href='http:\/\/commune-loffre.fr\/index.php\/2017\/06\/19\/commemoration-de-lappel-du-18-juin-2\/p1010022-copie\/'><img loading=\"lazy\" decoding=\"async\" width=\"150\" height=\"150\" src=\"http:\/\/commune-loffre.fr\/wp-content\/uploads\/2017\/06\/P1010022-copie-150x150.jpg\" class=\"attachment-thumbnail size-thumbnail\" alt=\"\" srcset=\"http:\/\/commune-loffre.fr\/wp-content\/uploads\/2017\/06\/P1010022-copie-150x150.jpg 150w, http:\/\/commune-loffre.fr\/wp-content\/uploads\/2017\/06\/P1010022-copie-180x180.jpg 180w, http:\/\/commune-loffre.fr\/wp-content\/uploads\/2017\/06\/P1010022-copie-60x60.jpg 60w\" sizes=\"(max-width: 150px) 100vw, 150px\" \/><\/a>\n\t\t\t<\/dt><\/dl><dl class='gallery-item'>\n\t\t\t<dt class='gallery-icon portrait'>\n\t\t\t\t<a href='http:\/\/commune-loffre.fr\/index.php\/2017\/06\/19\/commemoration-de-lappel-du-18-juin-2\/p1010023-copie\/'><img loading=\"lazy\" decoding=\"async\" width=\"150\" height=\"150\" src=\"http:\/\/commune-loffre.fr\/wp-content\/uploads\/2017\/06\/P1010023-copie-150x150.jpg\" class=\"attachment-thumbnail size-thumbnail\" alt=\"\" srcset=\"http:\/\/commune-loffre.fr\/wp-content\/uploads\/2017\/06\/P1010023-copie-150x150.jpg 150w, http:\/\/commune-loffre.fr\/wp-content\/uploads\/2017\/06\/P1010023-copie-180x180.jpg 180w, http:\/\/commune-loffre.fr\/wp-content\/uploads\/2017\/06\/P1010023-copie-60x60.jpg 60w\" sizes=\"(max-width: 150px) 100vw, 150px\" \/><\/a>\n\t\t\t<\/dt><\/dl><dl class='gallery-item'>\n\t\t\t<dt class='gallery-icon landscape'>\n\t\t\t\t<a href='http:\/\/commune-loffre.fr\/index.php\/2017\/06\/19\/commemoration-de-lappel-du-18-juin-2\/p1010026-copie\/'><img loading=\"lazy\" decoding=\"async\" width=\"150\" height=\"150\" src=\"http:\/\/commune-loffre.fr\/wp-content\/uploads\/2017\/06\/P1010026-copie-150x150.jpg\" class=\"attachment-thumbnail size-thumbnail\" alt=\"\" srcset=\"http:\/\/commune-loffre.fr\/wp-content\/uploads\/2017\/06\/P1010026-copie-150x150.jpg 150w, http:\/\/commune-loffre.fr\/wp-content\/uploads\/2017\/06\/P1010026-copie-180x180.jpg 180w, http:\/\/commune-loffre.fr\/wp-content\/uploads\/2017\/06\/P1010026-copie-60x60.jpg 60w\" sizes=\"(max-width: 150px) 100vw, 150px\" \/><\/a>\n\t\t\t<\/dt><\/dl><br style=\"clear: both\" \/><dl class='gallery-item'>\n\t\t\t<dt class='gallery-icon portrait'>\n\t\t\t\t<a href='http:\/\/commune-loffre.fr\/index.php\/2017\/06\/19\/commemoration-de-lappel-du-18-juin-2\/p1010027-copie\/'><img loading=\"lazy\" decoding=\"async\" width=\"150\" height=\"150\" src=\"http:\/\/commune-loffre.fr\/wp-content\/uploads\/2017\/06\/P1010027-copie-150x150.jpg\" class=\"attachment-thumbnail size-thumbnail\" alt=\"\" srcset=\"http:\/\/commune-loffre.fr\/wp-content\/uploads\/2017\/06\/P1010027-copie-150x150.jpg 150w, http:\/\/commune-loffre.fr\/wp-content\/uploads\/2017\/06\/P1010027-copie-180x180.jpg 180w, http:\/\/commune-loffre.fr\/wp-content\/uploads\/2017\/06\/P1010027-copie-60x60.jpg 60w\" sizes=\"(max-width: 150px) 100vw, 150px\" \/><\/a>\n\t\t\t<\/dt><\/dl><dl class='gallery-item'>\n\t\t\t<dt class='gallery-icon portrait'>\n\t\t\t\t<a href='http:\/\/commune-loffre.fr\/index.php\/2017\/06\/19\/commemoration-de-lappel-du-18-juin-2\/p1010028-copie\/'><img loading=\"lazy\" decoding=\"async\" width=\"150\" height=\"150\" src=\"http:\/\/commune-loffre.fr\/wp-content\/uploads\/2017\/06\/P1010028-copie-150x150.jpg\" class=\"attachment-thumbnail size-thumbnail\" alt=\"\" srcset=\"http:\/\/commune-loffre.fr\/wp-content\/uploads\/2017\/06\/P1010028-copie-150x150.jpg 150w, http:\/\/commune-loffre.fr\/wp-content\/uploads\/2017\/06\/P1010028-copie-180x180.jpg 180w, http:\/\/commune-loffre.fr\/wp-content\/uploads\/2017\/06\/P1010028-copie-60x60.jpg 60w\" sizes=\"(max-width: 150px) 100vw, 150px\" \/><\/a>\n\t\t\t<\/dt><\/dl><dl class='gallery-item'>\n\t\t\t<dt class='gallery-icon landscape'>\n\t\t\t\t<a href='http:\/\/commune-loffre.fr\/index.php\/2017\/06\/19\/commemoration-de-lappel-du-18-juin-2\/p1010029-copie\/'><img loading=\"lazy\" decoding=\"async\" width=\"150\" height=\"150\" src=\"http:\/\/commune-loffre.fr\/wp-content\/uploads\/2017\/06\/P1010029-copie-150x150.jpg\" class=\"attachment-thumbnail size-thumbnail\" alt=\"\" srcset=\"http:\/\/commune-loffre.fr\/wp-content\/uploads\/2017\/06\/P1010029-copie-150x150.jpg 150w, http:\/\/commune-loffre.fr\/wp-content\/uploads\/2017\/06\/P1010029-copie-180x180.jpg 180w, http:\/\/commune-loffre.fr\/wp-content\/uploads\/2017\/06\/P1010029-copie-60x60.jpg 60w\" sizes=\"(max-width: 150px) 100vw, 150px\" \/><\/a>\n\t\t\t<\/dt><\/dl><dl class='gallery-item'>\n\t\t\t<dt class='gallery-icon landscape'>\n\t\t\t\t<a href='http:\/\/commune-loffre.fr\/index.php\/2017\/06\/19\/commemoration-de-lappel-du-18-juin-2\/p1010030-copie\/'><img loading=\"lazy\" decoding=\"async\" width=\"150\" height=\"150\" src=\"http:\/\/commune-loffre.fr\/wp-content\/uploads\/2017\/06\/P1010030-copie-150x150.jpg\" class=\"attachment-thumbnail size-thumbnail\" alt=\"\" srcset=\"http:\/\/commune-loffre.fr\/wp-content\/uploads\/2017\/06\/P1010030-copie-150x150.jpg 150w, http:\/\/commune-loffre.fr\/wp-content\/uploads\/2017\/06\/P1010030-copie-180x180.jpg 180w, http:\/\/commune-loffre.fr\/wp-content\/uploads\/2017\/06\/P1010030-copie-60x60.jpg 60w\" sizes=\"(max-width: 150px) 100vw, 150px\" \/><\/a>\n\t\t\t<\/dt><\/dl><dl class='gallery-item'>\n\t\t\t<dt class='gallery-icon portrait'>\n\t\t\t\t<a href='http:\/\/commune-loffre.fr\/index.php\/2017\/06\/19\/commemoration-de-lappel-du-18-juin-2\/p1010032-copie\/'><img loading=\"lazy\" decoding=\"async\" width=\"150\" height=\"150\" src=\"http:\/\/commune-loffre.fr\/wp-content\/uploads\/2017\/06\/P1010032-copie-150x150.jpg\" class=\"attachment-thumbnail size-thumbnail\" alt=\"\" srcset=\"http:\/\/commune-loffre.fr\/wp-content\/uploads\/2017\/06\/P1010032-copie-150x150.jpg 150w, http:\/\/commune-loffre.fr\/wp-content\/uploads\/2017\/06\/P1010032-copie-180x180.jpg 180w, http:\/\/commune-loffre.fr\/wp-content\/uploads\/2017\/06\/P1010032-copie-60x60.jpg 60w\" sizes=\"(max-width: 150px) 100vw, 150px\" \/><\/a>\n\t\t\t<\/dt><\/dl>\n\t\t\t<br style='clear: both' \/>\n\t\t<\/div>\n\n<p>Le Dimanche 18 Juin 2017 \u00e0 12 heures, Monsieur le Maire, le conseil municipal et les Anciens Combattants de Loffre se sont r\u00e9unis au monument aux Morts afin de comm\u00e9morer le soixante-dix septi\u00e8me anniversaire de l\u2019Appel du G\u00e9n\u00e9ral de Gaulle. Apr\u00e8s le d\u00e9p\u00f4t d\u2019une gerbe par Monsieur le Maire et Monsieur Jean-Marie Ch\u0153ur, Pr\u00e9sident des Anciens Combattants de Loffre, Monsieur le Maire d\u00e9livra le message de Madame Sylvie GOULARD, Ministre des Arm\u00e9es. Ensuite, Monsieur Jean-Marie Ch\u0153ur donna lecture de l\u2019Appel du G\u00e9n\u00e9ral de Gaulle. Apr\u00e8s le respect d\u2019une minute de silence, Monsieur Herv\u00e9 LENAIN interpr\u00e9ta l\u2019Hymne nationale \u00e0 la clarinette. A la suite de cette comm\u00e9moration, le verre de l\u2019amiti\u00e9 fut offert par la municipalit\u00e9.<\/p>\n","protected":false},"excerpt":{"rendered":"<p>Le Dimanche 18 Juin 2017 \u00e0 12 heures, Monsieur le Maire, le conseil municipal et les Anciens Combattants de Loffre se sont r\u00e9unis au monument aux Morts afin de comm\u00e9morer&#8230; <a href=\"http:\/\/commune-loffre.fr\/index.php\/2017\/06\/19\/commemoration-de-lappel-du-18-juin-2\/\">Read more &raquo;<\/a><\/p>\n","protected":false},"author":1,"featured_media":2079,"comment_status":"closed","ping_status":"closed","sticky":false,"template":"","format":"standard","meta":{"footnotes":""},"categories":[3,17],"tags":[],"_links":{"self":[{"href":"http:\/\/commune-loffre.fr\/index.php\/wp-json\/wp\/v2\/posts\/2077"}],"collection":[{"href":"http:\/\/commune-loffre.fr\/index.php\/wp-json\/wp\/v2\/posts"}],"about":[{"href":"http:\/\/commune-loffre.fr\/index.php\/wp-json\/wp\/v2\/types\/post"}],"author":[{"embeddable":true,"href":"http:\/\/commune-loffre.fr\/index.php\/wp-json\/wp\/v2\/users\/1"}],"replies":[{"embeddable":true,"href":"http:\/\/commune-loffre.fr\/index.php\/wp-json\/wp\/v2\/comments?post=2077"}],"version-history":[{"count":1,"href":"http:\/\/commune-loffre.fr\/index.php\/wp-json\/wp\/v2\/posts\/2077\/revisions"}],"predecessor-version":[{"id":2089,"href":"http:\/\/commune-loffre.fr\/index.php\/wp-json\/wp\/v2\/posts\/2077\/revisions\/2089"}],"wp:featuredmedia":[{"embeddable":true,"href":"http:\/\/commune-loffre.fr\/index.php\/wp-json\/wp\/v2\/media\/2079"}],"wp:attachment":[{"href":"http:\/\/commune-loffre.fr\/index.php\/wp-json\/wp\/v2\/media?parent=2077"}],"wp:term":[{"taxonomy":"category","embeddable":true,"href":"http:\/\/commune-loffre.fr\/index.php\/wp-json\/wp\/v2\/categories?post=2077"},{"taxonomy":"post_tag","embeddable":true,"href":"http:\/\/commune-loffre.fr\/index.php\/wp-json\/wp\/v2\/tags?post=2077"}],"curies":[{"name":"wp","href":"https:\/\/api.w.org\/{rel}","templated":true}]}}