{"id":2065,"date":"2017-06-19T14:52:49","date_gmt":"2017-06-19T13:52:49","guid":{"rendered":"http:\/\/commune-loffre.fr\/?p=2065"},"modified":"2017-06-19T14:56:33","modified_gmt":"2017-06-19T13:56:33","slug":"la-fete-de-la-musique","status":"publish","type":"post","link":"http:\/\/commune-loffre.fr\/index.php\/2017\/06\/19\/la-fete-de-la-musique\/","title":{"rendered":"La F\u00eate de la Musique"},"content":{"rendered":"\n\t\t<style type=\"text\/css\">\n\t\t\t#gallery-1 {\n\t\t\t\tmargin: auto;\n\t\t\t}\n\t\t\t#gallery-1 .gallery-item {\n\t\t\t\tfloat: left;\n\t\t\t\tmargin-top: 10px;\n\t\t\t\ttext-align: center;\n\t\t\t\twidth: 20%;\n\t\t\t}\n\t\t\t#gallery-1 img {\n\t\t\t\tborder: 2px solid #cfcfcf;\n\t\t\t}\n\t\t\t#gallery-1 .gallery-caption {\n\t\t\t\tmargin-left: 0;\n\t\t\t}\n\t\t\t\/* see gallery_shortcode() in wp-includes\/media.php *\/\n\t\t<\/style>\n\t\t<div id='gallery-1' class='gallery galleryid-2065 gallery-columns-5 gallery-size-thumbnail'><dl class='gallery-item'>\n\t\t\t<dt class='gallery-icon landscape'>\n\t\t\t\t<a href='http:\/\/commune-loffre.fr\/index.php\/2017\/06\/19\/la-fete-de-la-musique\/p1010001-copie\/'><img loading=\"lazy\" decoding=\"async\" width=\"150\" height=\"150\" src=\"http:\/\/commune-loffre.fr\/wp-content\/uploads\/2017\/06\/P1010001-copie-150x150.jpg\" class=\"attachment-thumbnail size-thumbnail\" alt=\"\" srcset=\"http:\/\/commune-loffre.fr\/wp-content\/uploads\/2017\/06\/P1010001-copie-150x150.jpg 150w, http:\/\/commune-loffre.fr\/wp-content\/uploads\/2017\/06\/P1010001-copie-180x180.jpg 180w, http:\/\/commune-loffre.fr\/wp-content\/uploads\/2017\/06\/P1010001-copie-60x60.jpg 60w\" sizes=\"(max-width: 150px) 100vw, 150px\" \/><\/a>\n\t\t\t<\/dt><\/dl><dl class='gallery-item'>\n\t\t\t<dt class='gallery-icon landscape'>\n\t\t\t\t<a href='http:\/\/commune-loffre.fr\/index.php\/2017\/06\/19\/la-fete-de-la-musique\/p1010002-copie\/'><img loading=\"lazy\" decoding=\"async\" width=\"150\" height=\"150\" src=\"http:\/\/commune-loffre.fr\/wp-content\/uploads\/2017\/06\/P1010002-copie-150x150.jpg\" class=\"attachment-thumbnail size-thumbnail\" alt=\"\" srcset=\"http:\/\/commune-loffre.fr\/wp-content\/uploads\/2017\/06\/P1010002-copie-150x150.jpg 150w, http:\/\/commune-loffre.fr\/wp-content\/uploads\/2017\/06\/P1010002-copie-180x180.jpg 180w, http:\/\/commune-loffre.fr\/wp-content\/uploads\/2017\/06\/P1010002-copie-60x60.jpg 60w\" sizes=\"(max-width: 150px) 100vw, 150px\" \/><\/a>\n\t\t\t<\/dt><\/dl><dl class='gallery-item'>\n\t\t\t<dt class='gallery-icon landscape'>\n\t\t\t\t<a href='http:\/\/commune-loffre.fr\/index.php\/2017\/06\/19\/la-fete-de-la-musique\/p1010003-copie\/'><img loading=\"lazy\" decoding=\"async\" width=\"150\" height=\"150\" src=\"http:\/\/commune-loffre.fr\/wp-content\/uploads\/2017\/06\/P1010003-copie-150x150.jpg\" class=\"attachment-thumbnail size-thumbnail\" alt=\"\" srcset=\"http:\/\/commune-loffre.fr\/wp-content\/uploads\/2017\/06\/P1010003-copie-150x150.jpg 150w, http:\/\/commune-loffre.fr\/wp-content\/uploads\/2017\/06\/P1010003-copie-180x180.jpg 180w, http:\/\/commune-loffre.fr\/wp-content\/uploads\/2017\/06\/P1010003-copie-60x60.jpg 60w\" sizes=\"(max-width: 150px) 100vw, 150px\" \/><\/a>\n\t\t\t<\/dt><\/dl><dl class='gallery-item'>\n\t\t\t<dt class='gallery-icon landscape'>\n\t\t\t\t<a href='http:\/\/commune-loffre.fr\/index.php\/2017\/06\/19\/la-fete-de-la-musique\/p1010004-copie\/'><img loading=\"lazy\" decoding=\"async\" width=\"150\" height=\"150\" src=\"http:\/\/commune-loffre.fr\/wp-content\/uploads\/2017\/06\/P1010004-copie-150x150.jpg\" class=\"attachment-thumbnail size-thumbnail\" alt=\"\" srcset=\"http:\/\/commune-loffre.fr\/wp-content\/uploads\/2017\/06\/P1010004-copie-150x150.jpg 150w, http:\/\/commune-loffre.fr\/wp-content\/uploads\/2017\/06\/P1010004-copie-180x180.jpg 180w, http:\/\/commune-loffre.fr\/wp-content\/uploads\/2017\/06\/P1010004-copie-60x60.jpg 60w\" sizes=\"(max-width: 150px) 100vw, 150px\" \/><\/a>\n\t\t\t<\/dt><\/dl><dl class='gallery-item'>\n\t\t\t<dt class='gallery-icon portrait'>\n\t\t\t\t<a href='http:\/\/commune-loffre.fr\/index.php\/2017\/06\/19\/la-fete-de-la-musique\/p1010006-copie\/'><img loading=\"lazy\" decoding=\"async\" width=\"150\" height=\"150\" src=\"http:\/\/commune-loffre.fr\/wp-content\/uploads\/2017\/06\/P1010006-copie-150x150.jpg\" class=\"attachment-thumbnail size-thumbnail\" alt=\"\" srcset=\"http:\/\/commune-loffre.fr\/wp-content\/uploads\/2017\/06\/P1010006-copie-150x150.jpg 150w, http:\/\/commune-loffre.fr\/wp-content\/uploads\/2017\/06\/P1010006-copie-180x180.jpg 180w, http:\/\/commune-loffre.fr\/wp-content\/uploads\/2017\/06\/P1010006-copie-60x60.jpg 60w\" sizes=\"(max-width: 150px) 100vw, 150px\" \/><\/a>\n\t\t\t<\/dt><\/dl><br style=\"clear: both\" \/><dl class='gallery-item'>\n\t\t\t<dt class='gallery-icon landscape'>\n\t\t\t\t<a href='http:\/\/commune-loffre.fr\/index.php\/2017\/06\/19\/la-fete-de-la-musique\/p1010007-copie\/'><img loading=\"lazy\" decoding=\"async\" width=\"150\" height=\"150\" src=\"http:\/\/commune-loffre.fr\/wp-content\/uploads\/2017\/06\/P1010007-copie-150x150.jpg\" class=\"attachment-thumbnail size-thumbnail\" alt=\"\" srcset=\"http:\/\/commune-loffre.fr\/wp-content\/uploads\/2017\/06\/P1010007-copie-150x150.jpg 150w, http:\/\/commune-loffre.fr\/wp-content\/uploads\/2017\/06\/P1010007-copie-180x180.jpg 180w, http:\/\/commune-loffre.fr\/wp-content\/uploads\/2017\/06\/P1010007-copie-60x60.jpg 60w\" sizes=\"(max-width: 150px) 100vw, 150px\" \/><\/a>\n\t\t\t<\/dt><\/dl><dl class='gallery-item'>\n\t\t\t<dt class='gallery-icon landscape'>\n\t\t\t\t<a href='http:\/\/commune-loffre.fr\/index.php\/2017\/06\/19\/la-fete-de-la-musique\/p1010008-copie\/'><img loading=\"lazy\" decoding=\"async\" width=\"150\" height=\"150\" src=\"http:\/\/commune-loffre.fr\/wp-content\/uploads\/2017\/06\/P1010008-copie-150x150.jpg\" class=\"attachment-thumbnail size-thumbnail\" alt=\"\" srcset=\"http:\/\/commune-loffre.fr\/wp-content\/uploads\/2017\/06\/P1010008-copie-150x150.jpg 150w, http:\/\/commune-loffre.fr\/wp-content\/uploads\/2017\/06\/P1010008-copie-180x180.jpg 180w, http:\/\/commune-loffre.fr\/wp-content\/uploads\/2017\/06\/P1010008-copie-60x60.jpg 60w\" sizes=\"(max-width: 150px) 100vw, 150px\" \/><\/a>\n\t\t\t<\/dt><\/dl><dl class='gallery-item'>\n\t\t\t<dt class='gallery-icon landscape'>\n\t\t\t\t<a href='http:\/\/commune-loffre.fr\/index.php\/2017\/06\/19\/la-fete-de-la-musique\/p1010009-copie\/'><img loading=\"lazy\" decoding=\"async\" width=\"150\" height=\"150\" src=\"http:\/\/commune-loffre.fr\/wp-content\/uploads\/2017\/06\/P1010009-copie-150x150.jpg\" class=\"attachment-thumbnail size-thumbnail\" alt=\"\" srcset=\"http:\/\/commune-loffre.fr\/wp-content\/uploads\/2017\/06\/P1010009-copie-150x150.jpg 150w, http:\/\/commune-loffre.fr\/wp-content\/uploads\/2017\/06\/P1010009-copie-180x180.jpg 180w, http:\/\/commune-loffre.fr\/wp-content\/uploads\/2017\/06\/P1010009-copie-60x60.jpg 60w\" sizes=\"(max-width: 150px) 100vw, 150px\" \/><\/a>\n\t\t\t<\/dt><\/dl><dl class='gallery-item'>\n\t\t\t<dt class='gallery-icon landscape'>\n\t\t\t\t<a href='http:\/\/commune-loffre.fr\/index.php\/2017\/06\/19\/la-fete-de-la-musique\/p1010010-copie\/'><img loading=\"lazy\" decoding=\"async\" width=\"150\" height=\"150\" src=\"http:\/\/commune-loffre.fr\/wp-content\/uploads\/2017\/06\/P1010010-copie-150x150.jpg\" class=\"attachment-thumbnail size-thumbnail\" alt=\"\" srcset=\"http:\/\/commune-loffre.fr\/wp-content\/uploads\/2017\/06\/P1010010-copie-150x150.jpg 150w, http:\/\/commune-loffre.fr\/wp-content\/uploads\/2017\/06\/P1010010-copie-180x180.jpg 180w, http:\/\/commune-loffre.fr\/wp-content\/uploads\/2017\/06\/P1010010-copie-60x60.jpg 60w\" sizes=\"(max-width: 150px) 100vw, 150px\" \/><\/a>\n\t\t\t<\/dt><\/dl><dl class='gallery-item'>\n\t\t\t<dt class='gallery-icon landscape'>\n\t\t\t\t<a href='http:\/\/commune-loffre.fr\/index.php\/2017\/06\/19\/la-fete-de-la-musique\/p1010011-copie\/'><img loading=\"lazy\" decoding=\"async\" width=\"150\" height=\"150\" src=\"http:\/\/commune-loffre.fr\/wp-content\/uploads\/2017\/06\/P1010011-copie-150x150.jpg\" class=\"attachment-thumbnail size-thumbnail\" alt=\"\" srcset=\"http:\/\/commune-loffre.fr\/wp-content\/uploads\/2017\/06\/P1010011-copie-150x150.jpg 150w, http:\/\/commune-loffre.fr\/wp-content\/uploads\/2017\/06\/P1010011-copie-180x180.jpg 180w, http:\/\/commune-loffre.fr\/wp-content\/uploads\/2017\/06\/P1010011-copie-60x60.jpg 60w\" sizes=\"(max-width: 150px) 100vw, 150px\" \/><\/a>\n\t\t\t<\/dt><\/dl><br style=\"clear: both\" \/>\n\t\t<\/div>\n\n<p>Samedi 17 Juin vers 17 H 30, \u00e0 la salle polyvalente, les habitants de la commune ont pu profiter du concert donn\u00e9 par l\u2019harmonie de Frais Marais, La Concorde. Plusieurs morceaux ont \u00e9t\u00e9 jou\u00e9s pour f\u00eater la musique avec un peu d\u2019avance\u00a0! Ce concert a \u00e9t\u00e9 appr\u00e9ci\u00e9 par la quarantaine de spectateurs pr\u00e9sents dans la salle. L\u2019harmonie f\u00eatera ses 90 ans d\u2019existence le 03 Juillet 2017 \u00e0 Frais Marais.<\/p>\n","protected":false},"excerpt":{"rendered":"<p>Samedi 17 Juin vers 17 H 30, \u00e0 la salle polyvalente, les habitants de la commune ont pu profiter du concert donn\u00e9 par l\u2019harmonie de Frais Marais, La Concorde. Plusieurs&#8230; <a href=\"http:\/\/commune-loffre.fr\/index.php\/2017\/06\/19\/la-fete-de-la-musique\/\">Read more &raquo;<\/a><\/p>\n","protected":false},"author":1,"featured_media":2069,"comment_status":"closed","ping_status":"closed","sticky":false,"template":"","format":"standard","meta":{"footnotes":""},"categories":[18,10],"tags":[],"_links":{"self":[{"href":"http:\/\/commune-loffre.fr\/index.php\/wp-json\/wp\/v2\/posts\/2065"}],"collection":[{"href":"http:\/\/commune-loffre.fr\/index.php\/wp-json\/wp\/v2\/posts"}],"about":[{"href":"http:\/\/commune-loffre.fr\/index.php\/wp-json\/wp\/v2\/types\/post"}],"author":[{"embeddable":true,"href":"http:\/\/commune-loffre.fr\/index.php\/wp-json\/wp\/v2\/users\/1"}],"replies":[{"embeddable":true,"href":"http:\/\/commune-loffre.fr\/index.php\/wp-json\/wp\/v2\/comments?post=2065"}],"version-history":[{"count":1,"href":"http:\/\/commune-loffre.fr\/index.php\/wp-json\/wp\/v2\/posts\/2065\/revisions"}],"predecessor-version":[{"id":2076,"href":"http:\/\/commune-loffre.fr\/index.php\/wp-json\/wp\/v2\/posts\/2065\/revisions\/2076"}],"wp:featuredmedia":[{"embeddable":true,"href":"http:\/\/commune-loffre.fr\/index.php\/wp-json\/wp\/v2\/media\/2069"}],"wp:attachment":[{"href":"http:\/\/commune-loffre.fr\/index.php\/wp-json\/wp\/v2\/media?parent=2065"}],"wp:term":[{"taxonomy":"category","embeddable":true,"href":"http:\/\/commune-loffre.fr\/index.php\/wp-json\/wp\/v2\/categories?post=2065"},{"taxonomy":"post_tag","embeddable":true,"href":"http:\/\/commune-loffre.fr\/index.php\/wp-json\/wp\/v2\/tags?post=2065"}],"curies":[{"name":"wp","href":"https:\/\/api.w.org\/{rel}","templated":true}]}}