{"id":2026,"date":"2017-06-05T15:54:02","date_gmt":"2017-06-05T14:54:02","guid":{"rendered":"http:\/\/commune-loffre.fr\/?p=2026"},"modified":"2017-06-05T15:54:07","modified_gmt":"2017-06-05T14:54:07","slug":"une-brigade-verte-pour-preserver-notre-village","status":"publish","type":"post","link":"http:\/\/commune-loffre.fr\/index.php\/2017\/06\/05\/une-brigade-verte-pour-preserver-notre-village\/","title":{"rendered":"Une Brigade Verte pour pr\u00e9server notre village"},"content":{"rendered":"<p>\u00c0 l\u2019initiative de Maria BIANCO un petit groupe de loffriens s\u2019est constitu\u00e9 pour pr\u00e9server et embellir le village.<\/p>\n\n\t\t<style type=\"text\/css\">\n\t\t\t#gallery-1 {\n\t\t\t\tmargin: auto;\n\t\t\t}\n\t\t\t#gallery-1 .gallery-item {\n\t\t\t\tfloat: left;\n\t\t\t\tmargin-top: 10px;\n\t\t\t\ttext-align: center;\n\t\t\t\twidth: 33%;\n\t\t\t}\n\t\t\t#gallery-1 img {\n\t\t\t\tborder: 2px solid #cfcfcf;\n\t\t\t}\n\t\t\t#gallery-1 .gallery-caption {\n\t\t\t\tmargin-left: 0;\n\t\t\t}\n\t\t\t\/* see gallery_shortcode() in wp-includes\/media.php *\/\n\t\t<\/style>\n\t\t<div id='gallery-1' class='gallery galleryid-2026 gallery-columns-3 gallery-size-thumbnail'><dl class='gallery-item'>\n\t\t\t<dt class='gallery-icon landscape'>\n\t\t\t\t<a href='http:\/\/commune-loffre.fr\/index.php\/2017\/06\/05\/une-brigade-verte-pour-preserver-notre-village\/20170516_155750\/'><img loading=\"lazy\" decoding=\"async\" width=\"150\" height=\"150\" src=\"http:\/\/commune-loffre.fr\/wp-content\/uploads\/2017\/06\/20170516_155750-150x150.jpg\" class=\"attachment-thumbnail size-thumbnail\" alt=\"\" srcset=\"http:\/\/commune-loffre.fr\/wp-content\/uploads\/2017\/06\/20170516_155750-150x150.jpg 150w, http:\/\/commune-loffre.fr\/wp-content\/uploads\/2017\/06\/20170516_155750-180x180.jpg 180w, http:\/\/commune-loffre.fr\/wp-content\/uploads\/2017\/06\/20170516_155750-60x60.jpg 60w\" sizes=\"(max-width: 150px) 100vw, 150px\" \/><\/a>\n\t\t\t<\/dt><\/dl>\n\t\t\t<br style='clear: both' \/>\n\t\t<\/div>\n\n<p>Tout en se baladant, Jacqueline, Cathy, Jocelyne, Maria, Marchidan, Herv\u00e9 et Alexandre ramassent les d\u00e9tritus ou fleurissent les parterres gr\u00e2ce aux boutures offertes par les loffriens. Cette d\u00e9marche citoyenne, gratuite, est appr\u00e9ci\u00e9e par Monsieur le Maire, dans la mesure o\u00f9 le z\u00e9ro phyto occasionne un peu plus de travail pour les agents de la commune. La municipalit\u00e9 tire son chapeau aux brigadiers\u2026 puisque Monsieur le Maire a surnomm\u00e9 ce groupe\u00a0: la brigade verte\u00a0!<\/p>\n","protected":false},"excerpt":{"rendered":"<p>\u00c0 l\u2019initiative de Maria BIANCO un petit groupe de loffriens s\u2019est constitu\u00e9 pour pr\u00e9server et embellir le village. Tout en se baladant, Jacqueline, Cathy, Jocelyne, Maria, Marchidan, Herv\u00e9 et Alexandre&#8230; <a href=\"http:\/\/commune-loffre.fr\/index.php\/2017\/06\/05\/une-brigade-verte-pour-preserver-notre-village\/\">Read more &raquo;<\/a><\/p>\n","protected":false},"author":1,"featured_media":2027,"comment_status":"closed","ping_status":"closed","sticky":false,"template":"","format":"standard","meta":{"footnotes":""},"categories":[9],"tags":[],"_links":{"self":[{"href":"http:\/\/commune-loffre.fr\/index.php\/wp-json\/wp\/v2\/posts\/2026"}],"collection":[{"href":"http:\/\/commune-loffre.fr\/index.php\/wp-json\/wp\/v2\/posts"}],"about":[{"href":"http:\/\/commune-loffre.fr\/index.php\/wp-json\/wp\/v2\/types\/post"}],"author":[{"embeddable":true,"href":"http:\/\/commune-loffre.fr\/index.php\/wp-json\/wp\/v2\/users\/1"}],"replies":[{"embeddable":true,"href":"http:\/\/commune-loffre.fr\/index.php\/wp-json\/wp\/v2\/comments?post=2026"}],"version-history":[{"count":1,"href":"http:\/\/commune-loffre.fr\/index.php\/wp-json\/wp\/v2\/posts\/2026\/revisions"}],"predecessor-version":[{"id":2028,"href":"http:\/\/commune-loffre.fr\/index.php\/wp-json\/wp\/v2\/posts\/2026\/revisions\/2028"}],"wp:featuredmedia":[{"embeddable":true,"href":"http:\/\/commune-loffre.fr\/index.php\/wp-json\/wp\/v2\/media\/2027"}],"wp:attachment":[{"href":"http:\/\/commune-loffre.fr\/index.php\/wp-json\/wp\/v2\/media?parent=2026"}],"wp:term":[{"taxonomy":"category","embeddable":true,"href":"http:\/\/commune-loffre.fr\/index.php\/wp-json\/wp\/v2\/categories?post=2026"},{"taxonomy":"post_tag","embeddable":true,"href":"http:\/\/commune-loffre.fr\/index.php\/wp-json\/wp\/v2\/tags?post=2026"}],"curies":[{"name":"wp","href":"https:\/\/api.w.org\/{rel}","templated":true}]}}