{"id":2018,"date":"2017-05-30T18:30:33","date_gmt":"2017-05-30T17:30:33","guid":{"rendered":"http:\/\/commune-loffre.fr\/?p=2018"},"modified":"2017-05-30T18:31:23","modified_gmt":"2017-05-30T17:31:23","slug":"2018","status":"publish","type":"post","link":"http:\/\/commune-loffre.fr\/index.php\/2017\/05\/30\/2018\/","title":{"rendered":"Adoptez des Poules ;)"},"content":{"rendered":"<p><strong><a href=\"http:\/\/commune-loffre.fr\/wp-content\/uploads\/2017\/05\/Affiche-Op\u00e9ration-Poule-web.jpg\"><img loading=\"lazy\" decoding=\"async\" class=\"alignnone wp-image-2019\" src=\"http:\/\/commune-loffre.fr\/wp-content\/uploads\/2017\/05\/Affiche-Op\u00e9ration-Poule-web-212x300.jpg\" alt=\"Affiche-Op\u00e9ration-Poule-web\" width=\"48\" height=\"68\" srcset=\"http:\/\/commune-loffre.fr\/wp-content\/uploads\/2017\/05\/Affiche-Op\u00e9ration-Poule-web-212x300.jpg 212w, http:\/\/commune-loffre.fr\/wp-content\/uploads\/2017\/05\/Affiche-Op\u00e9ration-Poule-web.jpg 595w\" sizes=\"(max-width: 48px) 100vw, 48px\" \/><\/a>Adoptez des Poules R\u00e9gionales pour r\u00e9duire vos d\u00e9chets de cuisine et de jardin<\/strong><strong>\u00a0<\/strong><\/p>\n<p>En partenariat avec le Centre R\u00e9gional des Ressources G\u00e9n\u00e9tiques (CRRG), le SIAVED lance une exp\u00e9rimentation dans 7 communes de la CAPH* pour permettre \u00e0 200 foyers volontaires d&rsquo;adopter deux poules (dont au moins une de race locale).<\/p>\n<p><strong>Pourquoi adopter des Poules R\u00e9gionales\u00a0? <\/strong><\/p>\n<p>L\u2019objectif est double :<\/p>\n<ul>\n<li>d\u2019une part, r\u00e9duire jusqu\u2019\u00e0 150 kg de d\u00e9chets de cuisine et de jardin par an,<\/li>\n<li>d\u2019autre part, contribuer \u00e0 la sauvegarde d\u2019esp\u00e8ces de notre r\u00e9gion comme le Coucou des Flandres, la poule d\u2019Estaires, la poule d\u2019Hergnies ou la poule de Bourbourg : autant de races locales dont les qualit\u00e9s sont appr\u00e9ciables.<\/li>\n<\/ul>\n<p><strong>Comment s\u2019inscrire\u00a0?<\/strong><\/p>\n<p><strong>\u00a0<\/strong>Si vous d\u00e9sirez participer \u00e0 l\u2019op\u00e9ration et recevoir vos poules, il vous reste <strong>jusqu\u2019au 10 juin 2017<\/strong> pour nous renvoyer le bon de commande \u00e0 r\u00e9cup\u00e9rer dans les 7 communes pilotes* ou aupr\u00e8s du service pr\u00e9vention du SIAVED ( <a href=\"mailto:prevention@siaved.fr\">prevention@siaved.fr <\/a>).<\/p>\n<p>Les familles seront invit\u00e9es \u00e0 une r\u00e9union d\u2019information pour r\u00e9pondre \u00e0 toutes leurs questions\u00a0: Comment \u00e9lever une poule\u00a0? Que mange-t-elle\u00a0? Quel poulailler\u00a0? A l\u2019issue de la r\u00e9union les participants signeront une charte d\u2019engagement et recevront un bon pour r\u00e9cup\u00e9rer leurs poules.<\/p>\n<p><strong>La dist<\/strong><\/p>\n\n\t\t<style type=\"text\/css\">\n\t\t\t#gallery-1 {\n\t\t\t\tmargin: auto;\n\t\t\t}\n\t\t\t#gallery-1 .gallery-item {\n\t\t\t\tfloat: left;\n\t\t\t\tmargin-top: 10px;\n\t\t\t\ttext-align: center;\n\t\t\t\twidth: 33%;\n\t\t\t}\n\t\t\t#gallery-1 img {\n\t\t\t\tborder: 2px solid #cfcfcf;\n\t\t\t}\n\t\t\t#gallery-1 .gallery-caption {\n\t\t\t\tmargin-left: 0;\n\t\t\t}\n\t\t\t\/* see gallery_shortcode() in wp-includes\/media.php *\/\n\t\t<\/style>\n\t\t<div id='gallery-1' class='gallery galleryid-2018 gallery-columns-3 gallery-size-thumbnail'><dl class='gallery-item'>\n\t\t\t<dt class='gallery-icon portrait'>\n\t\t\t\t<a href='http:\/\/commune-loffre.fr\/index.php\/2017\/05\/30\/2018\/affiche-operation-poule-web\/'><img loading=\"lazy\" decoding=\"async\" width=\"150\" height=\"150\" src=\"http:\/\/commune-loffre.fr\/wp-content\/uploads\/2017\/05\/Affiche-Op\u00e9ration-Poule-web-150x150.jpg\" class=\"attachment-thumbnail size-thumbnail\" alt=\"\" srcset=\"http:\/\/commune-loffre.fr\/wp-content\/uploads\/2017\/05\/Affiche-Op\u00e9ration-Poule-web-150x150.jpg 150w, http:\/\/commune-loffre.fr\/wp-content\/uploads\/2017\/05\/Affiche-Op\u00e9ration-Poule-web-180x180.jpg 180w, http:\/\/commune-loffre.fr\/wp-content\/uploads\/2017\/05\/Affiche-Op\u00e9ration-Poule-web-60x60.jpg 60w\" sizes=\"(max-width: 150px) 100vw, 150px\" \/><\/a>\n\t\t\t<\/dt><\/dl>\n\t\t\t<br style='clear: both' \/>\n\t\t<\/div>\n\n<p><strong>ribution des poules est pr\u00e9vue pour le mois de septembre. <\/strong><\/p>\n<p><strong>Une participation de 5\u20ac sera demand\u00e9e.<\/strong><\/p>\n<p>Si vous d\u00e9sirez plus d&rsquo;informations, vous pouvez contacter le service pr\u00e9vention au 0800 755 537 (num\u00e9ro vert) ou par mail : <a href=\"mailto:prevention@siaved.fr\">prevention@siaved.fr <\/a>.<\/p>\n<p><em>* Sont concern\u00e9es les communes de Bousignies, Brillon, Lecelles, Rosult, Rumegies, Sars-et-Rosi\u00e8res et Thun-Saint-Amand. <\/em><\/p>\n","protected":false},"excerpt":{"rendered":"<p>Adoptez des Poules R\u00e9gionales pour r\u00e9duire vos d\u00e9chets de cuisine et de jardin\u00a0 En partenariat avec le Centre R\u00e9gional des Ressources G\u00e9n\u00e9tiques (CRRG), le SIAVED lance une exp\u00e9rimentation dans 7&#8230; <a href=\"http:\/\/commune-loffre.fr\/index.php\/2017\/05\/30\/2018\/\">Read more &raquo;<\/a><\/p>\n","protected":false},"author":1,"featured_media":2019,"comment_status":"closed","ping_status":"closed","sticky":false,"template":"","format":"standard","meta":{"footnotes":""},"categories":[9],"tags":[],"_links":{"self":[{"href":"http:\/\/commune-loffre.fr\/index.php\/wp-json\/wp\/v2\/posts\/2018"}],"collection":[{"href":"http:\/\/commune-loffre.fr\/index.php\/wp-json\/wp\/v2\/posts"}],"about":[{"href":"http:\/\/commune-loffre.fr\/index.php\/wp-json\/wp\/v2\/types\/post"}],"author":[{"embeddable":true,"href":"http:\/\/commune-loffre.fr\/index.php\/wp-json\/wp\/v2\/users\/1"}],"replies":[{"embeddable":true,"href":"http:\/\/commune-loffre.fr\/index.php\/wp-json\/wp\/v2\/comments?post=2018"}],"version-history":[{"count":3,"href":"http:\/\/commune-loffre.fr\/index.php\/wp-json\/wp\/v2\/posts\/2018\/revisions"}],"predecessor-version":[{"id":2022,"href":"http:\/\/commune-loffre.fr\/index.php\/wp-json\/wp\/v2\/posts\/2018\/revisions\/2022"}],"wp:featuredmedia":[{"embeddable":true,"href":"http:\/\/commune-loffre.fr\/index.php\/wp-json\/wp\/v2\/media\/2019"}],"wp:attachment":[{"href":"http:\/\/commune-loffre.fr\/index.php\/wp-json\/wp\/v2\/media?parent=2018"}],"wp:term":[{"taxonomy":"category","embeddable":true,"href":"http:\/\/commune-loffre.fr\/index.php\/wp-json\/wp\/v2\/categories?post=2018"},{"taxonomy":"post_tag","embeddable":true,"href":"http:\/\/commune-loffre.fr\/index.php\/wp-json\/wp\/v2\/tags?post=2018"}],"curies":[{"name":"wp","href":"https:\/\/api.w.org\/{rel}","templated":true}]}}