{"id":1983,"date":"2017-05-29T08:11:35","date_gmt":"2017-05-29T07:11:35","guid":{"rendered":"http:\/\/commune-loffre.fr\/?p=1983"},"modified":"2017-05-29T08:11:52","modified_gmt":"2017-05-29T07:11:52","slug":"un-titre-de-championne-de-france-de-sambo-sportif-pour-elodie-coquart","status":"publish","type":"post","link":"http:\/\/commune-loffre.fr\/index.php\/2017\/05\/29\/un-titre-de-championne-de-france-de-sambo-sportif-pour-elodie-coquart\/","title":{"rendered":"Un titre de Championne de France de Sambo sportif pour \u00c9lodie COQUART"},"content":{"rendered":"<p>&nbsp;<\/p>\n\n\t\t<style type=\"text\/css\">\n\t\t\t#gallery-1 {\n\t\t\t\tmargin: auto;\n\t\t\t}\n\t\t\t#gallery-1 .gallery-item {\n\t\t\t\tfloat: left;\n\t\t\t\tmargin-top: 10px;\n\t\t\t\ttext-align: center;\n\t\t\t\twidth: 33%;\n\t\t\t}\n\t\t\t#gallery-1 img {\n\t\t\t\tborder: 2px solid #cfcfcf;\n\t\t\t}\n\t\t\t#gallery-1 .gallery-caption {\n\t\t\t\tmargin-left: 0;\n\t\t\t}\n\t\t\t\/* see gallery_shortcode() in wp-includes\/media.php *\/\n\t\t<\/style>\n\t\t<div id='gallery-1' class='gallery galleryid-1983 gallery-columns-3 gallery-size-thumbnail'><dl class='gallery-item'>\n\t\t\t<dt class='gallery-icon portrait'>\n\t\t\t\t<a href='http:\/\/commune-loffre.fr\/index.php\/2017\/05\/29\/un-titre-de-championne-de-france-de-sambo-sportif-pour-elodie-coquart\/17016406_1726333887380582_170682829_o\/'><img loading=\"lazy\" decoding=\"async\" width=\"150\" height=\"150\" src=\"http:\/\/commune-loffre.fr\/wp-content\/uploads\/2017\/05\/17016406_1726333887380582_170682829_o-150x150.jpg\" class=\"attachment-thumbnail size-thumbnail\" alt=\"\" srcset=\"http:\/\/commune-loffre.fr\/wp-content\/uploads\/2017\/05\/17016406_1726333887380582_170682829_o-150x150.jpg 150w, http:\/\/commune-loffre.fr\/wp-content\/uploads\/2017\/05\/17016406_1726333887380582_170682829_o-180x180.jpg 180w, http:\/\/commune-loffre.fr\/wp-content\/uploads\/2017\/05\/17016406_1726333887380582_170682829_o-60x60.jpg 60w\" sizes=\"(max-width: 150px) 100vw, 150px\" \/><\/a>\n\t\t\t<\/dt><\/dl><dl class='gallery-item'>\n\t\t\t<dt class='gallery-icon landscape'>\n\t\t\t\t<a href='http:\/\/commune-loffre.fr\/index.php\/2017\/05\/29\/un-titre-de-championne-de-france-de-sambo-sportif-pour-elodie-coquart\/olympus-digital-camera-502\/'><img loading=\"lazy\" decoding=\"async\" width=\"150\" height=\"150\" src=\"http:\/\/commune-loffre.fr\/wp-content\/uploads\/2017\/05\/P1010003-1-150x150.jpg\" class=\"attachment-thumbnail size-thumbnail\" alt=\"\" srcset=\"http:\/\/commune-loffre.fr\/wp-content\/uploads\/2017\/05\/P1010003-1-150x150.jpg 150w, http:\/\/commune-loffre.fr\/wp-content\/uploads\/2017\/05\/P1010003-1-180x180.jpg 180w, http:\/\/commune-loffre.fr\/wp-content\/uploads\/2017\/05\/P1010003-1-60x60.jpg 60w\" sizes=\"(max-width: 150px) 100vw, 150px\" \/><\/a>\n\t\t\t<\/dt><\/dl>\n\t\t\t<br style='clear: both' \/>\n\t\t<\/div>\n\n<p>Dans la famille Coquart le sport est primordial. Jean-Paul, le papa, s\u2019est adonn\u00e9 au judo, au football, au rugby et la p\u00e9tanque en championnat de France Junior. Aujourd\u2019hui, il consacre les weekends \u00e0 suivre et supporter son fils Xavier qui pratique\u00a0le basket au club de l\u2019union Dechy Sin Basket et Elodie, sa fille au judo depuis l\u2019\u00e2ge de 3 ans et demi au club de Montigny en Ostrevent \u00ab\u00a0JC de l\u2019Ostrevent\u00a0\u00bb. C\u2019est la maman, Maryse, qui l\u2019accompagne tr\u00e8s souvent aux s\u00e9ances d\u2019entrainement hebdomadaires de trois heures. Cet entrainement lui a permis d\u2019\u00eatre ceinture noire premier Dan et d\u2019\u00eatre s\u00e9lectionn\u00e9e pour les championnats de France de judo Juniors \u00e0 Paris (le 14 mai, en + de 78 Kg), sauf qu\u2019Elodie n\u2019a pu combattre en raison d&rsquo;une blessure au genou. \u00a0Toutefois cela n\u2019est pas suffisant pour assouvir sa passion pour le sport puisqu\u2019Elodie est inscrite dans un club de danse moderne, la compagnie Corps et Arts \u00e0 Masny, et est \u00e9galement Officiel Table Marque en championnat de France pour le club de l\u2019union Dechy Sin Basket.<\/p>\n<p>Il \u00e9tait donc tout naturel pour Elodie, apr\u00e8s avoir d\u00e9croch\u00e9 le baccalaur\u00e9at l\u2019ann\u00e9e derni\u00e8re, de s\u2019inscrire en licence STAPS (Sciences et Techniques des Activit\u00e9s Physiques et Sportives) \u00e0 Li\u00e9vin. Son objectif professionnel est de devenir professeur d\u2019Education Physique et Sportive.<\/p>\n<p>C\u2019est dans le cadre de ses \u00e9tudes que son professeur de sport, Monsieur S\u00e9bastien Gayet, lui a fait d\u00e9couvrir le Sambo sportif. \u00ab\u00a0<em>Le\u00a0sambo\u00a0est un\u00a0<\/em><a href=\"https:\/\/fr.wikipedia.org\/wiki\/Art_martial\"><em>art martial<\/em><\/a><em>\u00a0et un\u00a0<\/em><a href=\"https:\/\/fr.wikipedia.org\/wiki\/Sport_de_combat\"><em>sport de combat<\/em><\/a><em>\u00a0cr\u00e9\u00e9 en\u00a0<\/em><a href=\"https:\/\/fr.wikipedia.org\/wiki\/Union_des_r%C3%A9publiques_socialistes_sovi%C3%A9tiques\"><em>URSS<\/em><\/a><em>\u00a0dans les\u00a0<\/em><a href=\"https:\/\/fr.wikipedia.org\/wiki\/Ann%C3%A9es_1930\"><em>ann\u00e9es 1930<\/em><\/a><em>, m\u00e9langeant principalement le\u00a0<\/em><a href=\"https:\/\/fr.wikipedia.org\/wiki\/Judo\"><em>judo<\/em><\/a><em>, l&rsquo;<\/em><a href=\"https:\/\/fr.wikipedia.org\/wiki\/A%C3%AFkido\"><em>a\u00efkido<\/em><\/a><em>, le\u00a0<\/em><a href=\"https:\/\/fr.wikipedia.org\/wiki\/Karat%C3%A9\"><em>karat\u00e9<\/em><\/a><em>, la\u00a0<\/em><a href=\"https:\/\/fr.wikipedia.org\/wiki\/Boxe\"><em>boxe<\/em><\/a><em>\u00a0et la lutte (<\/em><a href=\"https:\/\/fr.wikipedia.org\/wiki\/Samoz\"><em>samoz<\/em><\/a><em>). Suivant le type de\u00a0Sambo\u00a0pratiqu\u00e9, l&rsquo;usage des percussions pieds-poings peut \u00eatre autoris\u00e9 (combat sambo) en plus de son aspect\u00a0<\/em><a href=\"https:\/\/fr.wikipedia.org\/wiki\/Lutte\"><em>lutte<\/em><\/a><em>\u00a0(sambo sportif), faisant du\u00a0sambo\u00a0une cat\u00e9gorie proche du\u00a0<\/em><a href=\"https:\/\/fr.wikipedia.org\/wiki\/Combat_libre\"><em>combat libre<\/em><\/a><em>\u00a0\u00bb. (Source Wikip\u00e9dia)<\/em><\/p>\n<p>Cette discipline ne regroupant que tr\u00e8s peu de pratiquants peut permettre d\u2019int\u00e9grer plus rapidement l\u2019\u00e9quipe de France pour pouvoir participer \u00e0 des comp\u00e9titions europ\u00e9ennes et mondiales.<\/p>\n<p>Elodie au vu de son excellent niveau en judo s\u2019est donc lanc\u00e9e vers cette discipline sportive, tout en conservant les autres. Son envie de gagner, de faire du r\u00e9sultat et ne pas l\u00e2cher lui a permis de d\u00e9crocher un titre de championne de France dans la cat\u00e9gorie Espoir (+ de 72 kg) lors de la comp\u00e9tition qui s\u2019est d\u00e9roul\u00e9e le 25 F\u00e9vrier 2017 \u00e0 Ceyrat (\u00e0 proximit\u00e9 de Clermont-Ferrand).<\/p>\n<p>L\u2019objectif d\u2019Elodie est d\u2019int\u00e9grer l\u2019\u00e9quipe de France de Sambo sportif pour participer aux championnats d\u2019Europe et Mondiaux. Ces derniers se d\u00e9rouleront en Russie au mois d\u2019Octobre prochain. Mais avant, Elodie participera les 24 et 25 Juin \u00e0 un stage de pr\u00e9s\u00e9lections \u00e0 l\u2019INSEP.<\/p>\n<p>Pour Monsieur le Maire, Elodie est un exemple \u00e0 suivre pour les jeunes. En effet, il n\u2019est jamais \u00e9vident de concilier les \u00e9tudes et le sport de haut niveau. Son esprit de comp\u00e9tition lui a permis de se forger un esprit et un mental qui lui serviront tout au long de son parcours personnel et professionnel. Monsieur le Maire souligne \u00e9galement qu\u2019Elodie est \u00e9galement animatrice depuis trois ans au centre a\u00e9r\u00e9 de la commune, et o\u00f9 elle encadrera cette ann\u00e9e encore, durant les 3 semaines de Juillet, les enfants de 5 \u00e0 6 ans.<\/p>\n<p>Les \u00e9tudes, le sport en comp\u00e9tition et son job d\u2019\u00e9t\u00e9 lui octroient un emploi du temps bien charg\u00e9 pour une ado\u00a0!<\/p>\n<p>D\u2019ores et d\u00e9j\u00e0 Monsieur le Maire et le conseil Municipal adressent leurs f\u00e9licitations \u00e0 Elodie pour son titre de championne de France mais aussi leurs encouragements pour int\u00e9grer l\u2019\u00e9quipe de France de Sambo sportif afin de participer aux mondiaux en Russie\u00a0!<\/p>\n<p>&nbsp;<\/p>\n","protected":false},"excerpt":{"rendered":"<p>&nbsp; Dans la famille Coquart le sport est primordial. Jean-Paul, le papa, s\u2019est adonn\u00e9 au judo, au football, au rugby et la p\u00e9tanque en championnat de France Junior. Aujourd\u2019hui, il&#8230; <a href=\"http:\/\/commune-loffre.fr\/index.php\/2017\/05\/29\/un-titre-de-championne-de-france-de-sambo-sportif-pour-elodie-coquart\/\">Read more &raquo;<\/a><\/p>\n","protected":false},"author":1,"featured_media":1985,"comment_status":"closed","ping_status":"closed","sticky":false,"template":"","format":"standard","meta":{"footnotes":""},"categories":[15],"tags":[],"_links":{"self":[{"href":"http:\/\/commune-loffre.fr\/index.php\/wp-json\/wp\/v2\/posts\/1983"}],"collection":[{"href":"http:\/\/commune-loffre.fr\/index.php\/wp-json\/wp\/v2\/posts"}],"about":[{"href":"http:\/\/commune-loffre.fr\/index.php\/wp-json\/wp\/v2\/types\/post"}],"author":[{"embeddable":true,"href":"http:\/\/commune-loffre.fr\/index.php\/wp-json\/wp\/v2\/users\/1"}],"replies":[{"embeddable":true,"href":"http:\/\/commune-loffre.fr\/index.php\/wp-json\/wp\/v2\/comments?post=1983"}],"version-history":[{"count":2,"href":"http:\/\/commune-loffre.fr\/index.php\/wp-json\/wp\/v2\/posts\/1983\/revisions"}],"predecessor-version":[{"id":1987,"href":"http:\/\/commune-loffre.fr\/index.php\/wp-json\/wp\/v2\/posts\/1983\/revisions\/1987"}],"wp:featuredmedia":[{"embeddable":true,"href":"http:\/\/commune-loffre.fr\/index.php\/wp-json\/wp\/v2\/media\/1985"}],"wp:attachment":[{"href":"http:\/\/commune-loffre.fr\/index.php\/wp-json\/wp\/v2\/media?parent=1983"}],"wp:term":[{"taxonomy":"category","embeddable":true,"href":"http:\/\/commune-loffre.fr\/index.php\/wp-json\/wp\/v2\/categories?post=1983"},{"taxonomy":"post_tag","embeddable":true,"href":"http:\/\/commune-loffre.fr\/index.php\/wp-json\/wp\/v2\/tags?post=1983"}],"curies":[{"name":"wp","href":"https:\/\/api.w.org\/{rel}","templated":true}]}}