{"id":1977,"date":"2017-05-23T08:21:17","date_gmt":"2017-05-23T07:21:17","guid":{"rendered":"http:\/\/commune-loffre.fr\/?p=1977"},"modified":"2017-05-23T08:21:23","modified_gmt":"2017-05-23T07:21:23","slug":"1977","status":"publish","type":"post","link":"http:\/\/commune-loffre.fr\/index.php\/2017\/05\/23\/1977\/","title":{"rendered":""},"content":{"rendered":"<p><strong>Spectacle-d\u00e9bat \u00ab La sant\u00e9 des aidants parlons-en ! \u00bb<\/strong><\/p>\n<p>Rencontres et \u00e9changes autour du bien-\u00eatre et de la sant\u00e9<\/p>\n<p><strong>Le Mardi 26 Septembre 2017 &#8211; \u00e0 partir 14h00 &#8211;<\/strong><\/p>\n<p><strong>Centre Culturel Municipal Albert Camus &#8211; Place Victor Brachelet \u00e0 SOMAIN<\/strong><\/p>\n<p><strong>\u00a0<\/strong>Aujourd\u2019hui en France, 8,3 millions de personnes de 16 ans et plus sont aidants. Le terme \u00ab aidant \u00bb comprend toute personne qui vient en aide quotidiennement \u00e0 un proche atteint d\u2019une maladie ou d\u2019un handicap qui l\u2019emp\u00eache d\u2019accomplir certains actes de la vie de tous les jours.<\/p>\n<p>Ces aidants, majoritairement actifs, doivent s\u2019organiser pour allier leur activit\u00e9 professionnelle avec l\u2019aide qu\u2019ils apportent \u00e0 leur proche. Cette situation provoque bien souvent un ph\u00e9nom\u00e8ne d\u2019\u00e9puisement physique et psychologique.<\/p>\n<p>Afin de permettre aux aidants de prendre soin de leur sant\u00e9, la Mutualit\u00e9 Fran\u00e7aise Hauts-de-France et le CLIC du Douaisis organisent un spectacle \u00ab Sant\u00e9 des aidants parlons-en ! \u00bb qui aura lieu le Mardi 26 Septembre 2017 \u00e0 partir de 14h00 au centre culturel municipal Albert Camus de Somain.<\/p>\n<p>Ce spectacle sera suivi d\u2019un d\u00e9bat et d\u2019ateliers avec des professionnels de sant\u00e9 destin\u00e9s \u00e0 favoriser la prise de conscience de l\u2019existence de r\u00e9ponses tant pour l\u2019aidant (r\u00e9pit, soutien etc\u2026) que pour la personne accompagn\u00e9e (financi\u00e8res, humaines, techniques, etc\u2026). Un accompagnement des personnes aid\u00e9es sera possible sous r\u00e9servation.<\/p>\n<p>Pour plus de renseignements s\u2019adresser aupr\u00e8s du<\/p>\n<p>CLIC du Douaisis au 03.27.98.74.70<\/p>\n<p><strong>Organisateurs :<\/strong> Mutualit\u00e9 Fran\u00e7aise Hauts-de-France, le CLIC du Douaisis, la ville de Somain<\/p>\n<p><strong>Partenaires :<\/strong> le D\u00e9partement du Nord, la Plateforme de R\u00e9pit de Douai, la MSA, l\u2019ANGDM, France Alzheimer Nord, le Centre Hospitalier de Somain, le Centre Hospitalier de Douai, le Centre Socio-culturel Largiller, la R\u00e9sidence Autonomie du Maraiscaux, l\u2019EHPAD les Terrasses de la Scarpe, la Charte Douaisis Handicap, la MAIA du Douaisis<\/p>\n","protected":false},"excerpt":{"rendered":"<p>Spectacle-d\u00e9bat \u00ab La sant\u00e9 des aidants parlons-en ! \u00bb Rencontres et \u00e9changes autour du bien-\u00eatre et de la sant\u00e9 Le Mardi 26 Septembre 2017 &#8211; \u00e0 partir 14h00 &#8211; Centre&#8230; <a href=\"http:\/\/commune-loffre.fr\/index.php\/2017\/05\/23\/1977\/\">Read more &raquo;<\/a><\/p>\n","protected":false},"author":1,"featured_media":1979,"comment_status":"closed","ping_status":"closed","sticky":false,"template":"","format":"standard","meta":{"footnotes":""},"categories":[19],"tags":[],"_links":{"self":[{"href":"http:\/\/commune-loffre.fr\/index.php\/wp-json\/wp\/v2\/posts\/1977"}],"collection":[{"href":"http:\/\/commune-loffre.fr\/index.php\/wp-json\/wp\/v2\/posts"}],"about":[{"href":"http:\/\/commune-loffre.fr\/index.php\/wp-json\/wp\/v2\/types\/post"}],"author":[{"embeddable":true,"href":"http:\/\/commune-loffre.fr\/index.php\/wp-json\/wp\/v2\/users\/1"}],"replies":[{"embeddable":true,"href":"http:\/\/commune-loffre.fr\/index.php\/wp-json\/wp\/v2\/comments?post=1977"}],"version-history":[{"count":1,"href":"http:\/\/commune-loffre.fr\/index.php\/wp-json\/wp\/v2\/posts\/1977\/revisions"}],"predecessor-version":[{"id":1980,"href":"http:\/\/commune-loffre.fr\/index.php\/wp-json\/wp\/v2\/posts\/1977\/revisions\/1980"}],"wp:featuredmedia":[{"embeddable":true,"href":"http:\/\/commune-loffre.fr\/index.php\/wp-json\/wp\/v2\/media\/1979"}],"wp:attachment":[{"href":"http:\/\/commune-loffre.fr\/index.php\/wp-json\/wp\/v2\/media?parent=1977"}],"wp:term":[{"taxonomy":"category","embeddable":true,"href":"http:\/\/commune-loffre.fr\/index.php\/wp-json\/wp\/v2\/categories?post=1977"},{"taxonomy":"post_tag","embeddable":true,"href":"http:\/\/commune-loffre.fr\/index.php\/wp-json\/wp\/v2\/tags?post=1977"}],"curies":[{"name":"wp","href":"https:\/\/api.w.org\/{rel}","templated":true}]}}