{"id":1951,"date":"2017-05-10T18:05:28","date_gmt":"2017-05-10T17:05:28","guid":{"rendered":"http:\/\/commune-loffre.fr\/?p=1951"},"modified":"2017-05-10T18:25:19","modified_gmt":"2017-05-10T17:25:19","slug":"commemoration-de-larmistice-du-8-mai-1945-2","status":"publish","type":"post","link":"http:\/\/commune-loffre.fr\/index.php\/2017\/05\/10\/commemoration-de-larmistice-du-8-mai-1945-2\/","title":{"rendered":"COMM\u00c9MORATION DE L\u2019ARMISTICE DU 8 MAI 1945"},"content":{"rendered":"<p>Monsieur le Maire et le conseil municipal avaient donn\u00e9 rendez-vous \u00e0 la population ce Lundi 8 Mai \u00e0 11 h 30 afin de comm\u00e9morer l\u2019Armistice du 8 Mai 1945. Accompagn\u00e9s des Anciens Combattants de LOFFRE, et de nombreux habitants, Monsieur le Maire et le conseil municipal se sont rendus au Monuments aux Morts, pr\u00e9c\u00e9d\u00e9s par l\u2019Harmonie la Concorde de FRAIS MARAIS.<\/p>\n\n\t\t<style type=\"text\/css\">\n\t\t\t#gallery-1 {\n\t\t\t\tmargin: auto;\n\t\t\t}\n\t\t\t#gallery-1 .gallery-item {\n\t\t\t\tfloat: left;\n\t\t\t\tmargin-top: 10px;\n\t\t\t\ttext-align: center;\n\t\t\t\twidth: 16%;\n\t\t\t}\n\t\t\t#gallery-1 img {\n\t\t\t\tborder: 2px solid #cfcfcf;\n\t\t\t}\n\t\t\t#gallery-1 .gallery-caption {\n\t\t\t\tmargin-left: 0;\n\t\t\t}\n\t\t\t\/* see gallery_shortcode() in wp-includes\/media.php *\/\n\t\t<\/style>\n\t\t<div id='gallery-1' class='gallery galleryid-1951 gallery-columns-6 gallery-size-thumbnail'><dl class='gallery-item'>\n\t\t\t<dt class='gallery-icon landscape'>\n\t\t\t\t<a href='http:\/\/commune-loffre.fr\/index.php\/2017\/05\/10\/commemoration-de-larmistice-du-8-mai-1945-2\/p1010001\/'><img loading=\"lazy\" decoding=\"async\" width=\"150\" height=\"150\" src=\"http:\/\/commune-loffre.fr\/wp-content\/uploads\/2017\/05\/P1010001-150x150.jpg\" class=\"attachment-thumbnail size-thumbnail\" alt=\"\" srcset=\"http:\/\/commune-loffre.fr\/wp-content\/uploads\/2017\/05\/P1010001-150x150.jpg 150w, http:\/\/commune-loffre.fr\/wp-content\/uploads\/2017\/05\/P1010001-180x180.jpg 180w, http:\/\/commune-loffre.fr\/wp-content\/uploads\/2017\/05\/P1010001-60x60.jpg 60w\" sizes=\"(max-width: 150px) 100vw, 150px\" \/><\/a>\n\t\t\t<\/dt><\/dl><dl class='gallery-item'>\n\t\t\t<dt class='gallery-icon landscape'>\n\t\t\t\t<a href='http:\/\/commune-loffre.fr\/index.php\/2017\/05\/10\/commemoration-de-larmistice-du-8-mai-1945-2\/p1010003\/'><img loading=\"lazy\" decoding=\"async\" width=\"150\" height=\"150\" src=\"http:\/\/commune-loffre.fr\/wp-content\/uploads\/2017\/05\/P1010003-150x150.jpg\" class=\"attachment-thumbnail size-thumbnail\" alt=\"\" srcset=\"http:\/\/commune-loffre.fr\/wp-content\/uploads\/2017\/05\/P1010003-150x150.jpg 150w, http:\/\/commune-loffre.fr\/wp-content\/uploads\/2017\/05\/P1010003-180x180.jpg 180w, http:\/\/commune-loffre.fr\/wp-content\/uploads\/2017\/05\/P1010003-60x60.jpg 60w\" sizes=\"(max-width: 150px) 100vw, 150px\" \/><\/a>\n\t\t\t<\/dt><\/dl><dl class='gallery-item'>\n\t\t\t<dt class='gallery-icon landscape'>\n\t\t\t\t<a href='http:\/\/commune-loffre.fr\/index.php\/2017\/05\/10\/commemoration-de-larmistice-du-8-mai-1945-2\/p1010004\/'><img loading=\"lazy\" decoding=\"async\" width=\"150\" height=\"150\" src=\"http:\/\/commune-loffre.fr\/wp-content\/uploads\/2017\/05\/P1010004-150x150.jpg\" class=\"attachment-thumbnail size-thumbnail\" alt=\"\" srcset=\"http:\/\/commune-loffre.fr\/wp-content\/uploads\/2017\/05\/P1010004-150x150.jpg 150w, http:\/\/commune-loffre.fr\/wp-content\/uploads\/2017\/05\/P1010004-180x180.jpg 180w, http:\/\/commune-loffre.fr\/wp-content\/uploads\/2017\/05\/P1010004-60x60.jpg 60w\" sizes=\"(max-width: 150px) 100vw, 150px\" \/><\/a>\n\t\t\t<\/dt><\/dl><dl class='gallery-item'>\n\t\t\t<dt class='gallery-icon landscape'>\n\t\t\t\t<a href='http:\/\/commune-loffre.fr\/index.php\/2017\/05\/10\/commemoration-de-larmistice-du-8-mai-1945-2\/p1010006\/'><img loading=\"lazy\" decoding=\"async\" width=\"150\" height=\"150\" src=\"http:\/\/commune-loffre.fr\/wp-content\/uploads\/2017\/05\/P1010006-150x150.jpg\" class=\"attachment-thumbnail size-thumbnail\" alt=\"\" srcset=\"http:\/\/commune-loffre.fr\/wp-content\/uploads\/2017\/05\/P1010006-150x150.jpg 150w, http:\/\/commune-loffre.fr\/wp-content\/uploads\/2017\/05\/P1010006-180x180.jpg 180w, http:\/\/commune-loffre.fr\/wp-content\/uploads\/2017\/05\/P1010006-60x60.jpg 60w\" sizes=\"(max-width: 150px) 100vw, 150px\" \/><\/a>\n\t\t\t<\/dt><\/dl><dl class='gallery-item'>\n\t\t\t<dt class='gallery-icon portrait'>\n\t\t\t\t<a href='http:\/\/commune-loffre.fr\/index.php\/2017\/05\/10\/commemoration-de-larmistice-du-8-mai-1945-2\/p1010007\/'><img loading=\"lazy\" decoding=\"async\" width=\"150\" height=\"150\" src=\"http:\/\/commune-loffre.fr\/wp-content\/uploads\/2017\/05\/P1010007-150x150.jpg\" class=\"attachment-thumbnail size-thumbnail\" alt=\"\" srcset=\"http:\/\/commune-loffre.fr\/wp-content\/uploads\/2017\/05\/P1010007-150x150.jpg 150w, http:\/\/commune-loffre.fr\/wp-content\/uploads\/2017\/05\/P1010007-180x180.jpg 180w, http:\/\/commune-loffre.fr\/wp-content\/uploads\/2017\/05\/P1010007-60x60.jpg 60w\" sizes=\"(max-width: 150px) 100vw, 150px\" \/><\/a>\n\t\t\t<\/dt><\/dl><dl class='gallery-item'>\n\t\t\t<dt class='gallery-icon landscape'>\n\t\t\t\t<a href='http:\/\/commune-loffre.fr\/index.php\/2017\/05\/10\/commemoration-de-larmistice-du-8-mai-1945-2\/p1010010\/'><img loading=\"lazy\" decoding=\"async\" width=\"150\" height=\"150\" src=\"http:\/\/commune-loffre.fr\/wp-content\/uploads\/2017\/05\/P1010010-150x150.jpg\" class=\"attachment-thumbnail size-thumbnail\" alt=\"\" srcset=\"http:\/\/commune-loffre.fr\/wp-content\/uploads\/2017\/05\/P1010010-150x150.jpg 150w, http:\/\/commune-loffre.fr\/wp-content\/uploads\/2017\/05\/P1010010-180x180.jpg 180w, http:\/\/commune-loffre.fr\/wp-content\/uploads\/2017\/05\/P1010010-60x60.jpg 60w\" sizes=\"(max-width: 150px) 100vw, 150px\" \/><\/a>\n\t\t\t<\/dt><\/dl><br style=\"clear: both\" \/><dl class='gallery-item'>\n\t\t\t<dt class='gallery-icon landscape'>\n\t\t\t\t<a href='http:\/\/commune-loffre.fr\/index.php\/2017\/05\/10\/commemoration-de-larmistice-du-8-mai-1945-2\/p1010011\/'><img loading=\"lazy\" decoding=\"async\" width=\"150\" height=\"150\" src=\"http:\/\/commune-loffre.fr\/wp-content\/uploads\/2017\/05\/P1010011-150x150.jpg\" class=\"attachment-thumbnail size-thumbnail\" alt=\"\" srcset=\"http:\/\/commune-loffre.fr\/wp-content\/uploads\/2017\/05\/P1010011-150x150.jpg 150w, http:\/\/commune-loffre.fr\/wp-content\/uploads\/2017\/05\/P1010011-180x180.jpg 180w, http:\/\/commune-loffre.fr\/wp-content\/uploads\/2017\/05\/P1010011-60x60.jpg 60w\" sizes=\"(max-width: 150px) 100vw, 150px\" \/><\/a>\n\t\t\t<\/dt><\/dl><dl class='gallery-item'>\n\t\t\t<dt class='gallery-icon landscape'>\n\t\t\t\t<a href='http:\/\/commune-loffre.fr\/index.php\/2017\/05\/10\/commemoration-de-larmistice-du-8-mai-1945-2\/p1010013\/'><img loading=\"lazy\" decoding=\"async\" width=\"150\" height=\"150\" src=\"http:\/\/commune-loffre.fr\/wp-content\/uploads\/2017\/05\/P1010013-150x150.jpg\" class=\"attachment-thumbnail size-thumbnail\" alt=\"\" srcset=\"http:\/\/commune-loffre.fr\/wp-content\/uploads\/2017\/05\/P1010013-150x150.jpg 150w, http:\/\/commune-loffre.fr\/wp-content\/uploads\/2017\/05\/P1010013-180x180.jpg 180w, http:\/\/commune-loffre.fr\/wp-content\/uploads\/2017\/05\/P1010013-60x60.jpg 60w\" sizes=\"(max-width: 150px) 100vw, 150px\" \/><\/a>\n\t\t\t<\/dt><\/dl><dl class='gallery-item'>\n\t\t\t<dt class='gallery-icon landscape'>\n\t\t\t\t<a href='http:\/\/commune-loffre.fr\/index.php\/2017\/05\/10\/commemoration-de-larmistice-du-8-mai-1945-2\/p1010014\/'><img loading=\"lazy\" decoding=\"async\" width=\"150\" height=\"150\" src=\"http:\/\/commune-loffre.fr\/wp-content\/uploads\/2017\/05\/P1010014-150x150.jpg\" class=\"attachment-thumbnail size-thumbnail\" alt=\"\" srcset=\"http:\/\/commune-loffre.fr\/wp-content\/uploads\/2017\/05\/P1010014-150x150.jpg 150w, http:\/\/commune-loffre.fr\/wp-content\/uploads\/2017\/05\/P1010014-180x180.jpg 180w, http:\/\/commune-loffre.fr\/wp-content\/uploads\/2017\/05\/P1010014-60x60.jpg 60w\" sizes=\"(max-width: 150px) 100vw, 150px\" \/><\/a>\n\t\t\t<\/dt><\/dl><dl class='gallery-item'>\n\t\t\t<dt class='gallery-icon landscape'>\n\t\t\t\t<a href='http:\/\/commune-loffre.fr\/index.php\/2017\/05\/10\/commemoration-de-larmistice-du-8-mai-1945-2\/p1010015\/'><img loading=\"lazy\" decoding=\"async\" width=\"150\" height=\"150\" src=\"http:\/\/commune-loffre.fr\/wp-content\/uploads\/2017\/05\/P1010015-150x150.jpg\" class=\"attachment-thumbnail size-thumbnail\" alt=\"\" srcset=\"http:\/\/commune-loffre.fr\/wp-content\/uploads\/2017\/05\/P1010015-150x150.jpg 150w, http:\/\/commune-loffre.fr\/wp-content\/uploads\/2017\/05\/P1010015-180x180.jpg 180w, http:\/\/commune-loffre.fr\/wp-content\/uploads\/2017\/05\/P1010015-60x60.jpg 60w\" sizes=\"(max-width: 150px) 100vw, 150px\" \/><\/a>\n\t\t\t<\/dt><\/dl><dl class='gallery-item'>\n\t\t\t<dt class='gallery-icon landscape'>\n\t\t\t\t<a href='http:\/\/commune-loffre.fr\/index.php\/2017\/05\/10\/commemoration-de-larmistice-du-8-mai-1945-2\/p1010016\/'><img loading=\"lazy\" decoding=\"async\" width=\"150\" height=\"150\" src=\"http:\/\/commune-loffre.fr\/wp-content\/uploads\/2017\/05\/P1010016-150x150.jpg\" class=\"attachment-thumbnail size-thumbnail\" alt=\"\" srcset=\"http:\/\/commune-loffre.fr\/wp-content\/uploads\/2017\/05\/P1010016-150x150.jpg 150w, http:\/\/commune-loffre.fr\/wp-content\/uploads\/2017\/05\/P1010016-180x180.jpg 180w, http:\/\/commune-loffre.fr\/wp-content\/uploads\/2017\/05\/P1010016-60x60.jpg 60w\" sizes=\"(max-width: 150px) 100vw, 150px\" \/><\/a>\n\t\t\t<\/dt><\/dl><dl class='gallery-item'>\n\t\t\t<dt class='gallery-icon landscape'>\n\t\t\t\t<a href='http:\/\/commune-loffre.fr\/index.php\/2017\/05\/10\/commemoration-de-larmistice-du-8-mai-1945-2\/p1010017\/'><img loading=\"lazy\" decoding=\"async\" width=\"150\" height=\"150\" src=\"http:\/\/commune-loffre.fr\/wp-content\/uploads\/2017\/05\/P1010017-150x150.jpg\" class=\"attachment-thumbnail size-thumbnail\" alt=\"\" srcset=\"http:\/\/commune-loffre.fr\/wp-content\/uploads\/2017\/05\/P1010017-150x150.jpg 150w, http:\/\/commune-loffre.fr\/wp-content\/uploads\/2017\/05\/P1010017-180x180.jpg 180w, http:\/\/commune-loffre.fr\/wp-content\/uploads\/2017\/05\/P1010017-60x60.jpg 60w\" sizes=\"(max-width: 150px) 100vw, 150px\" \/><\/a>\n\t\t\t<\/dt><\/dl><br style=\"clear: both\" \/><dl class='gallery-item'>\n\t\t\t<dt class='gallery-icon portrait'>\n\t\t\t\t<a href='http:\/\/commune-loffre.fr\/index.php\/2017\/05\/10\/commemoration-de-larmistice-du-8-mai-1945-2\/p1010018\/'><img loading=\"lazy\" decoding=\"async\" width=\"150\" height=\"150\" src=\"http:\/\/commune-loffre.fr\/wp-content\/uploads\/2017\/05\/P1010018-150x150.jpg\" class=\"attachment-thumbnail size-thumbnail\" alt=\"\" srcset=\"http:\/\/commune-loffre.fr\/wp-content\/uploads\/2017\/05\/P1010018-150x150.jpg 150w, http:\/\/commune-loffre.fr\/wp-content\/uploads\/2017\/05\/P1010018-180x180.jpg 180w, http:\/\/commune-loffre.fr\/wp-content\/uploads\/2017\/05\/P1010018-60x60.jpg 60w\" sizes=\"(max-width: 150px) 100vw, 150px\" \/><\/a>\n\t\t\t<\/dt><\/dl><dl class='gallery-item'>\n\t\t\t<dt class='gallery-icon landscape'>\n\t\t\t\t<a href='http:\/\/commune-loffre.fr\/index.php\/2017\/05\/10\/commemoration-de-larmistice-du-8-mai-1945-2\/p1010019\/'><img loading=\"lazy\" decoding=\"async\" width=\"150\" height=\"150\" src=\"http:\/\/commune-loffre.fr\/wp-content\/uploads\/2017\/05\/P1010019-150x150.jpg\" class=\"attachment-thumbnail size-thumbnail\" alt=\"\" srcset=\"http:\/\/commune-loffre.fr\/wp-content\/uploads\/2017\/05\/P1010019-150x150.jpg 150w, http:\/\/commune-loffre.fr\/wp-content\/uploads\/2017\/05\/P1010019-180x180.jpg 180w, http:\/\/commune-loffre.fr\/wp-content\/uploads\/2017\/05\/P1010019-60x60.jpg 60w\" sizes=\"(max-width: 150px) 100vw, 150px\" \/><\/a>\n\t\t\t<\/dt><\/dl><dl class='gallery-item'>\n\t\t\t<dt class='gallery-icon landscape'>\n\t\t\t\t<a href='http:\/\/commune-loffre.fr\/index.php\/2017\/05\/10\/commemoration-de-larmistice-du-8-mai-1945-2\/p1010021\/'><img loading=\"lazy\" decoding=\"async\" width=\"150\" height=\"150\" src=\"http:\/\/commune-loffre.fr\/wp-content\/uploads\/2017\/05\/P1010021-150x150.jpg\" class=\"attachment-thumbnail size-thumbnail\" alt=\"\" srcset=\"http:\/\/commune-loffre.fr\/wp-content\/uploads\/2017\/05\/P1010021-150x150.jpg 150w, http:\/\/commune-loffre.fr\/wp-content\/uploads\/2017\/05\/P1010021-180x180.jpg 180w, http:\/\/commune-loffre.fr\/wp-content\/uploads\/2017\/05\/P1010021-60x60.jpg 60w\" sizes=\"(max-width: 150px) 100vw, 150px\" \/><\/a>\n\t\t\t<\/dt><\/dl><dl class='gallery-item'>\n\t\t\t<dt class='gallery-icon landscape'>\n\t\t\t\t<a href='http:\/\/commune-loffre.fr\/index.php\/2017\/05\/10\/commemoration-de-larmistice-du-8-mai-1945-2\/p1010023\/'><img loading=\"lazy\" decoding=\"async\" width=\"150\" height=\"150\" src=\"http:\/\/commune-loffre.fr\/wp-content\/uploads\/2017\/05\/P1010023-150x150.jpg\" class=\"attachment-thumbnail size-thumbnail\" alt=\"\" srcset=\"http:\/\/commune-loffre.fr\/wp-content\/uploads\/2017\/05\/P1010023-150x150.jpg 150w, http:\/\/commune-loffre.fr\/wp-content\/uploads\/2017\/05\/P1010023-180x180.jpg 180w, http:\/\/commune-loffre.fr\/wp-content\/uploads\/2017\/05\/P1010023-60x60.jpg 60w\" sizes=\"(max-width: 150px) 100vw, 150px\" \/><\/a>\n\t\t\t<\/dt><\/dl><dl class='gallery-item'>\n\t\t\t<dt class='gallery-icon landscape'>\n\t\t\t\t<a href='http:\/\/commune-loffre.fr\/index.php\/2017\/05\/10\/commemoration-de-larmistice-du-8-mai-1945-2\/p1010024\/'><img loading=\"lazy\" decoding=\"async\" width=\"150\" height=\"150\" src=\"http:\/\/commune-loffre.fr\/wp-content\/uploads\/2017\/05\/P1010024-150x150.jpg\" class=\"attachment-thumbnail size-thumbnail\" alt=\"\" srcset=\"http:\/\/commune-loffre.fr\/wp-content\/uploads\/2017\/05\/P1010024-150x150.jpg 150w, http:\/\/commune-loffre.fr\/wp-content\/uploads\/2017\/05\/P1010024-180x180.jpg 180w, http:\/\/commune-loffre.fr\/wp-content\/uploads\/2017\/05\/P1010024-60x60.jpg 60w\" sizes=\"(max-width: 150px) 100vw, 150px\" \/><\/a>\n\t\t\t<\/dt><\/dl><dl class='gallery-item'>\n\t\t\t<dt class='gallery-icon landscape'>\n\t\t\t\t<a href='http:\/\/commune-loffre.fr\/index.php\/2017\/05\/10\/commemoration-de-larmistice-du-8-mai-1945-2\/p1010026\/'><img loading=\"lazy\" decoding=\"async\" width=\"150\" height=\"150\" src=\"http:\/\/commune-loffre.fr\/wp-content\/uploads\/2017\/05\/P1010026-150x150.jpg\" class=\"attachment-thumbnail size-thumbnail\" alt=\"\" srcset=\"http:\/\/commune-loffre.fr\/wp-content\/uploads\/2017\/05\/P1010026-150x150.jpg 150w, http:\/\/commune-loffre.fr\/wp-content\/uploads\/2017\/05\/P1010026-180x180.jpg 180w, http:\/\/commune-loffre.fr\/wp-content\/uploads\/2017\/05\/P1010026-60x60.jpg 60w\" sizes=\"(max-width: 150px) 100vw, 150px\" \/><\/a>\n\t\t\t<\/dt><\/dl><br style=\"clear: both\" \/>\n\t\t<\/div>\n\n<p>Apr\u00e8s le d\u00e9p\u00f4t d\u2019une gerbe par Monsieur Jean-Marie CH\u0152UR, Pr\u00e9sident des Anciens Combattants de LOFFRE, et Monsieur le Maire, celui-ci donna lecture du discours de Monsieur Jean-Marc TODESCHINI, Secr\u00e9taire d\u2019Etat aupr\u00e8s du Ministre de la D\u00e9fense, charg\u00e9 des Anciens Combattants et de la m\u00e9moire. Ensuite la minute de silence fut respect\u00e9e puis suivi de la sonnerie aux Morts et de l\u2019hymne national interpr\u00e9t\u00e9s par l\u2019Harmonie la Concorde de FRAIS MARAIS.<\/p>\n<p>A l\u2019issue de la comm\u00e9moration, Monsieur le Maire invita le public \u00e0 la salle polyvalente afin de proc\u00e9der \u00e0 la remise des m\u00e9dailles du travail. Pr\u00e9alablement, Monsieur le Maire remercia le public venu nombreux, les enfants, Monsieur le Directeur de l\u2019\u00e9cole Henri MATISSE ainsi que les membres de l\u2019harmonie \u00ab\u00a0La Concorde\u00a0\u00bb de Frais Marais sous la pr\u00e9sidence de Madame Iris WISNIEWSKI. Il en profita pour informer la population du concert qui sera donn\u00e9, par cette harmonie, le 17 juin prochain \u00e0 l\u2019occasion de la f\u00eate de la musique \u00e0 la salle polyvalente de LOFFRE.<\/p>\n<p>Monsieur le Maire proc\u00e9da \u00e0 la remise des m\u00e9dailles du travail \u00e0\u00a0:<\/p>\n<ul>\n<li>Monsieur Pascal DUMAS pour la m\u00e9daille d\u2019honneur du travail d\u2019Argent en r\u00e9compense de 20 ans de services en tant qu\u2019ing\u00e9nieur \u00e0 la soci\u00e9t\u00e9 Peugeot Citro\u00ebn Automobile \u00e0 HORDAIN.<\/li>\n<li>Monsieur \u00c9ric TAHON pour la m\u00e9daille d\u2019honneur du travail d\u2019Argent en r\u00e9compense de 20 ans de services en tant qu\u2019Agent de Ma\u00eetrise \u00e0 la soci\u00e9t\u00e9 SEVEL NORD de LIEU SAINT AMAND.<\/li>\n<\/ul>\n<p>Pour terminer Monsieur le Maire invita le public \u00e0 partager un moment de convivialit\u00e9 autour du cocktail offert par la municipalit\u00e9.<\/p>\n<p>Cette comm\u00e9moration a permis au public de d\u00e9couvrir un nouveau porte-drapeau parmi les Anciens Combattants de LOFFRE en la pr\u00e9sence de Mademoiselle Florence DUPUIS, \u00e2g\u00e9e de 15 ans. Florence est la petite-fille de Monsieur Ernest DUPUIS et la ni\u00e8ce de Monsieur Thierry DUPUIS \u00e9galement porte-drapeaux de l\u2019association.<\/p>\n<p>Monsieur Jean-Marie CH\u0152UR lors de son \u00e9lection \u00e0 la pr\u00e9sidence des Anciens Combattants de LOFFRE avait lanc\u00e9 un appel aux jeunes enfants de LOFFRE en cr\u00e9ant \u00ab\u00a0les passeurs de m\u00e9moires\u00a0\u00bb pour devenir porte-drapeaux. L\u2019appel a donc \u00e9tait entendu par Florence et nous la f\u00e9licitons dans son engagement. Esp\u00e9rons que d\u2019autres jeunes de LOFFRE suivent son initiative.<\/p>\n","protected":false},"excerpt":{"rendered":"<p>Monsieur le Maire et le conseil municipal avaient donn\u00e9 rendez-vous \u00e0 la population ce Lundi 8 Mai \u00e0 11 h 30 afin de comm\u00e9morer l\u2019Armistice du 8 Mai 1945. Accompagn\u00e9s&#8230; <a href=\"http:\/\/commune-loffre.fr\/index.php\/2017\/05\/10\/commemoration-de-larmistice-du-8-mai-1945-2\/\">Read more &raquo;<\/a><\/p>\n","protected":false},"author":1,"featured_media":0,"comment_status":"closed","ping_status":"closed","sticky":false,"template":"","format":"standard","meta":{"footnotes":""},"categories":[17],"tags":[],"_links":{"self":[{"href":"http:\/\/commune-loffre.fr\/index.php\/wp-json\/wp\/v2\/posts\/1951"}],"collection":[{"href":"http:\/\/commune-loffre.fr\/index.php\/wp-json\/wp\/v2\/posts"}],"about":[{"href":"http:\/\/commune-loffre.fr\/index.php\/wp-json\/wp\/v2\/types\/post"}],"author":[{"embeddable":true,"href":"http:\/\/commune-loffre.fr\/index.php\/wp-json\/wp\/v2\/users\/1"}],"replies":[{"embeddable":true,"href":"http:\/\/commune-loffre.fr\/index.php\/wp-json\/wp\/v2\/comments?post=1951"}],"version-history":[{"count":5,"href":"http:\/\/commune-loffre.fr\/index.php\/wp-json\/wp\/v2\/posts\/1951\/revisions"}],"predecessor-version":[{"id":1974,"href":"http:\/\/commune-loffre.fr\/index.php\/wp-json\/wp\/v2\/posts\/1951\/revisions\/1974"}],"wp:attachment":[{"href":"http:\/\/commune-loffre.fr\/index.php\/wp-json\/wp\/v2\/media?parent=1951"}],"wp:term":[{"taxonomy":"category","embeddable":true,"href":"http:\/\/commune-loffre.fr\/index.php\/wp-json\/wp\/v2\/categories?post=1951"},{"taxonomy":"post_tag","embeddable":true,"href":"http:\/\/commune-loffre.fr\/index.php\/wp-json\/wp\/v2\/tags?post=1951"}],"curies":[{"name":"wp","href":"https:\/\/api.w.org\/{rel}","templated":true}]}}