{"id":1835,"date":"2017-03-24T06:48:41","date_gmt":"2017-03-24T05:48:41","guid":{"rendered":"http:\/\/commune-loffre.fr\/?p=1835"},"modified":"2017-03-24T06:49:58","modified_gmt":"2017-03-24T05:49:58","slug":"assemblee-generale-des-randonneurs-de-loffre","status":"publish","type":"post","link":"http:\/\/commune-loffre.fr\/index.php\/2017\/03\/24\/assemblee-generale-des-randonneurs-de-loffre\/","title":{"rendered":"Assembl\u00e9e G\u00e9n\u00e9rale des Randonneurs de Loffre"},"content":{"rendered":"<p>Le club des \u00ab\u00a0Randonneurs de Loffre, cr\u00e9\u00e9 en 1999 a tenu sa 18<sup>\u00e8me<\/sup> assembl\u00e9e g\u00e9n\u00e9rale le 20 Mars dernier dans la salle du Foyer rural de la commune de Loffre.<\/p>\n\n\t\t<style type=\"text\/css\">\n\t\t\t#gallery-1 {\n\t\t\t\tmargin: auto;\n\t\t\t}\n\t\t\t#gallery-1 .gallery-item {\n\t\t\t\tfloat: left;\n\t\t\t\tmargin-top: 10px;\n\t\t\t\ttext-align: center;\n\t\t\t\twidth: 25%;\n\t\t\t}\n\t\t\t#gallery-1 img {\n\t\t\t\tborder: 2px solid #cfcfcf;\n\t\t\t}\n\t\t\t#gallery-1 .gallery-caption {\n\t\t\t\tmargin-left: 0;\n\t\t\t}\n\t\t\t\/* see gallery_shortcode() in wp-includes\/media.php *\/\n\t\t<\/style>\n\t\t<div id='gallery-1' class='gallery galleryid-1835 gallery-columns-4 gallery-size-thumbnail'><dl class='gallery-item'>\n\t\t\t<dt class='gallery-icon landscape'>\n\t\t\t\t<a href='http:\/\/commune-loffre.fr\/index.php\/2017\/03\/24\/assemblee-generale-des-randonneurs-de-loffre\/img_20170320_161436210\/'><img loading=\"lazy\" decoding=\"async\" width=\"150\" height=\"150\" src=\"http:\/\/commune-loffre.fr\/wp-content\/uploads\/2017\/03\/IMG_20170320_161436210-150x150.jpg\" class=\"attachment-thumbnail size-thumbnail\" alt=\"\" srcset=\"http:\/\/commune-loffre.fr\/wp-content\/uploads\/2017\/03\/IMG_20170320_161436210-150x150.jpg 150w, http:\/\/commune-loffre.fr\/wp-content\/uploads\/2017\/03\/IMG_20170320_161436210-180x180.jpg 180w, http:\/\/commune-loffre.fr\/wp-content\/uploads\/2017\/03\/IMG_20170320_161436210-60x60.jpg 60w\" sizes=\"(max-width: 150px) 100vw, 150px\" \/><\/a>\n\t\t\t<\/dt><\/dl>\n\t\t\t<br style='clear: both' \/>\n\t\t<\/div>\n\n<p>La pr\u00e9sidente Maria BIANCO a pr\u00e9sent\u00e9 son traditionnel rapport moral se f\u00e9licitant de la chaude amiti\u00e9 r\u00e9gnant entre les 60 membres actifs du club, ainsi que les randonn\u00e9es toujours appr\u00e9ci\u00e9es, organis\u00e9es par Jules VANICATTE. Les rapports d\u2019activit\u00e9 et financier ont \u00e9t\u00e9 pr\u00e9sent\u00e9s et vot\u00e9s \u00e0 l\u2019unanimit\u00e9.<\/p>\n<p>Puis le Conseil\u00a0 d\u2019administration \u00a0a \u00e9t\u00e9 \u00e9lu.\u00a0 Maria BIANCO, pr\u00e9sidente depuis 18 ans, a souhait\u00e9 \u00ab\u00a0lever le pied\u00a0\u00bb. C\u2019est Marc DELAGNEAU qui la remplace avec Jacqueline BOULANGER comme Vice-pr\u00e9sidente, tous deux applaudis par les 45 randonneurs pr\u00e9sents.<\/p>\n<p>Ensuite Jules VANICATTE a pr\u00e9sent\u00e9 les projets pour 2017.<\/p>\n<p>L\u2019assembl\u00e9e s\u2019est termin\u00e9e par un partage des desserts\u00a0 accompagn\u00e9\u00a0 du verre de l\u2019amiti\u00e9 dans une ambiance joyeuse et festive.<\/p>\n<p>Le bilan des 18 ans du club peut s\u2019exprimer en une moyenne de 40 randonn\u00e9es annuelles totalisant environ 320 kms l\u2019an et avec une pr\u00e9sence de 30 \u00e0 40 marcheurs chaque lundi dans une ambiance tr\u00e8s chaleureuse et sympathique.<\/p>\n<p>Merci \u00e0 Maria Bianco d\u2019avoir toujours su maintenir cet esprit d\u2019accueil et d\u2019amiti\u00e9 dans l\u2019association au long de ces ann\u00e9es, en souhaitant que de nombreuses chaussures soient encore us\u00e9es dans les ann\u00e9es \u00e0 venir \u2026. Longue vie au club des \u00ab\u00a0RANDONNEURS DE LOFFRE\u00a0\u00bb.<\/p>\n<p>&nbsp;<\/p>\n<p>Composition du nouveau bureau\u00a0: Pr\u00e9sident Marc DELAGNEAU, Vice-pr\u00e9sidente\u00a0: Jacqueline BOULANGER, Secr\u00e9taire : Colette LEMPEREUR,\u00a0tr\u00e9sori\u00e8re : Th\u00e9r\u00e8se HEMEZ.<\/p>\n<p>&nbsp;<\/p>\n<p>Membres du bureau : Maria BIANCO, Jules VANICATTE,\u00a0Jacqueline CANDELIER, Fran\u00e7oise SILOU<\/p>\n","protected":false},"excerpt":{"rendered":"<p>Le club des \u00ab\u00a0Randonneurs de Loffre, cr\u00e9\u00e9 en 1999 a tenu sa 18\u00e8me assembl\u00e9e g\u00e9n\u00e9rale le 20 Mars dernier dans la salle du Foyer rural de la commune de Loffre&#8230;. <a href=\"http:\/\/commune-loffre.fr\/index.php\/2017\/03\/24\/assemblee-generale-des-randonneurs-de-loffre\/\">Read more &raquo;<\/a><\/p>\n","protected":false},"author":1,"featured_media":1836,"comment_status":"closed","ping_status":"closed","sticky":false,"template":"","format":"standard","meta":{"footnotes":""},"categories":[3],"tags":[],"_links":{"self":[{"href":"http:\/\/commune-loffre.fr\/index.php\/wp-json\/wp\/v2\/posts\/1835"}],"collection":[{"href":"http:\/\/commune-loffre.fr\/index.php\/wp-json\/wp\/v2\/posts"}],"about":[{"href":"http:\/\/commune-loffre.fr\/index.php\/wp-json\/wp\/v2\/types\/post"}],"author":[{"embeddable":true,"href":"http:\/\/commune-loffre.fr\/index.php\/wp-json\/wp\/v2\/users\/1"}],"replies":[{"embeddable":true,"href":"http:\/\/commune-loffre.fr\/index.php\/wp-json\/wp\/v2\/comments?post=1835"}],"version-history":[{"count":3,"href":"http:\/\/commune-loffre.fr\/index.php\/wp-json\/wp\/v2\/posts\/1835\/revisions"}],"predecessor-version":[{"id":1839,"href":"http:\/\/commune-loffre.fr\/index.php\/wp-json\/wp\/v2\/posts\/1835\/revisions\/1839"}],"wp:featuredmedia":[{"embeddable":true,"href":"http:\/\/commune-loffre.fr\/index.php\/wp-json\/wp\/v2\/media\/1836"}],"wp:attachment":[{"href":"http:\/\/commune-loffre.fr\/index.php\/wp-json\/wp\/v2\/media?parent=1835"}],"wp:term":[{"taxonomy":"category","embeddable":true,"href":"http:\/\/commune-loffre.fr\/index.php\/wp-json\/wp\/v2\/categories?post=1835"},{"taxonomy":"post_tag","embeddable":true,"href":"http:\/\/commune-loffre.fr\/index.php\/wp-json\/wp\/v2\/tags?post=1835"}],"curies":[{"name":"wp","href":"https:\/\/api.w.org\/{rel}","templated":true}]}}