{"id":1754,"date":"2017-02-24T19:24:11","date_gmt":"2017-02-24T18:24:11","guid":{"rendered":"http:\/\/commune-loffre.fr\/?p=1754"},"modified":"2017-02-24T19:24:11","modified_gmt":"2017-02-24T18:24:11","slug":"assemblee-generale-de-loffre-amitie-detente","status":"publish","type":"post","link":"http:\/\/commune-loffre.fr\/index.php\/2017\/02\/24\/assemblee-generale-de-loffre-amitie-detente\/","title":{"rendered":"Assembl\u00e9e g\u00e9n\u00e9rale de Loffre Amiti\u00e9 D\u00e9tente"},"content":{"rendered":"<p>L&rsquo;assembl\u00e9e g\u00e9n\u00e9rale de l&rsquo;association LAD s&rsquo;est tenue sous la pr\u00e9sidence\u00a0de Madame Monique NERKOWSKI, le dimanche 5 f\u00e9vrier 2017 \u00e0 11h30 \u00e0 la\u00a0salle polyvalente.<\/p>\n\n\t\t<style type=\"text\/css\">\n\t\t\t#gallery-1 {\n\t\t\t\tmargin: auto;\n\t\t\t}\n\t\t\t#gallery-1 .gallery-item {\n\t\t\t\tfloat: left;\n\t\t\t\tmargin-top: 10px;\n\t\t\t\ttext-align: center;\n\t\t\t\twidth: 20%;\n\t\t\t}\n\t\t\t#gallery-1 img {\n\t\t\t\tborder: 2px solid #cfcfcf;\n\t\t\t}\n\t\t\t#gallery-1 .gallery-caption {\n\t\t\t\tmargin-left: 0;\n\t\t\t}\n\t\t\t\/* see gallery_shortcode() in wp-includes\/media.php *\/\n\t\t<\/style>\n\t\t<div id='gallery-1' class='gallery galleryid-1754 gallery-columns-5 gallery-size-thumbnail'><dl class='gallery-item'>\n\t\t\t<dt class='gallery-icon landscape'>\n\t\t\t\t<a href='http:\/\/commune-loffre.fr\/index.php\/2017\/02\/24\/assemblee-generale-de-loffre-amitie-detente\/img_4843\/'><img loading=\"lazy\" decoding=\"async\" width=\"150\" height=\"150\" src=\"http:\/\/commune-loffre.fr\/wp-content\/uploads\/2017\/02\/IMG_4843-150x150.jpg\" class=\"attachment-thumbnail size-thumbnail\" alt=\"\" srcset=\"http:\/\/commune-loffre.fr\/wp-content\/uploads\/2017\/02\/IMG_4843-150x150.jpg 150w, http:\/\/commune-loffre.fr\/wp-content\/uploads\/2017\/02\/IMG_4843-180x180.jpg 180w, http:\/\/commune-loffre.fr\/wp-content\/uploads\/2017\/02\/IMG_4843-60x60.jpg 60w\" sizes=\"(max-width: 150px) 100vw, 150px\" \/><\/a>\n\t\t\t<\/dt><\/dl><dl class='gallery-item'>\n\t\t\t<dt class='gallery-icon landscape'>\n\t\t\t\t<a href='http:\/\/commune-loffre.fr\/index.php\/2017\/02\/24\/assemblee-generale-de-loffre-amitie-detente\/img_4844\/'><img loading=\"lazy\" decoding=\"async\" width=\"150\" height=\"150\" src=\"http:\/\/commune-loffre.fr\/wp-content\/uploads\/2017\/02\/IMG_4844-150x150.jpg\" class=\"attachment-thumbnail size-thumbnail\" alt=\"\" srcset=\"http:\/\/commune-loffre.fr\/wp-content\/uploads\/2017\/02\/IMG_4844-150x150.jpg 150w, http:\/\/commune-loffre.fr\/wp-content\/uploads\/2017\/02\/IMG_4844-180x180.jpg 180w, http:\/\/commune-loffre.fr\/wp-content\/uploads\/2017\/02\/IMG_4844-60x60.jpg 60w\" sizes=\"(max-width: 150px) 100vw, 150px\" \/><\/a>\n\t\t\t<\/dt><\/dl><dl class='gallery-item'>\n\t\t\t<dt class='gallery-icon landscape'>\n\t\t\t\t<a href='http:\/\/commune-loffre.fr\/index.php\/2017\/02\/24\/assemblee-generale-de-loffre-amitie-detente\/img_4845\/'><img loading=\"lazy\" decoding=\"async\" width=\"150\" height=\"150\" src=\"http:\/\/commune-loffre.fr\/wp-content\/uploads\/2017\/02\/IMG_4845-150x150.jpg\" class=\"attachment-thumbnail size-thumbnail\" alt=\"\" srcset=\"http:\/\/commune-loffre.fr\/wp-content\/uploads\/2017\/02\/IMG_4845-150x150.jpg 150w, http:\/\/commune-loffre.fr\/wp-content\/uploads\/2017\/02\/IMG_4845-180x180.jpg 180w, http:\/\/commune-loffre.fr\/wp-content\/uploads\/2017\/02\/IMG_4845-60x60.jpg 60w\" sizes=\"(max-width: 150px) 100vw, 150px\" \/><\/a>\n\t\t\t<\/dt><\/dl><dl class='gallery-item'>\n\t\t\t<dt class='gallery-icon landscape'>\n\t\t\t\t<a href='http:\/\/commune-loffre.fr\/index.php\/2017\/02\/24\/assemblee-generale-de-loffre-amitie-detente\/img_4846\/'><img loading=\"lazy\" decoding=\"async\" width=\"150\" height=\"150\" src=\"http:\/\/commune-loffre.fr\/wp-content\/uploads\/2017\/02\/IMG_4846-150x150.jpg\" class=\"attachment-thumbnail size-thumbnail\" alt=\"\" srcset=\"http:\/\/commune-loffre.fr\/wp-content\/uploads\/2017\/02\/IMG_4846-150x150.jpg 150w, http:\/\/commune-loffre.fr\/wp-content\/uploads\/2017\/02\/IMG_4846-180x180.jpg 180w, http:\/\/commune-loffre.fr\/wp-content\/uploads\/2017\/02\/IMG_4846-60x60.jpg 60w\" sizes=\"(max-width: 150px) 100vw, 150px\" \/><\/a>\n\t\t\t<\/dt><\/dl><dl class='gallery-item'>\n\t\t\t<dt class='gallery-icon landscape'>\n\t\t\t\t<a href='http:\/\/commune-loffre.fr\/index.php\/2017\/02\/24\/assemblee-generale-de-loffre-amitie-detente\/img_4847\/'><img loading=\"lazy\" decoding=\"async\" width=\"150\" height=\"150\" src=\"http:\/\/commune-loffre.fr\/wp-content\/uploads\/2017\/02\/IMG_4847-150x150.jpg\" class=\"attachment-thumbnail size-thumbnail\" alt=\"\" srcset=\"http:\/\/commune-loffre.fr\/wp-content\/uploads\/2017\/02\/IMG_4847-150x150.jpg 150w, http:\/\/commune-loffre.fr\/wp-content\/uploads\/2017\/02\/IMG_4847-180x180.jpg 180w, http:\/\/commune-loffre.fr\/wp-content\/uploads\/2017\/02\/IMG_4847-60x60.jpg 60w\" sizes=\"(max-width: 150px) 100vw, 150px\" \/><\/a>\n\t\t\t<\/dt><\/dl><br style=\"clear: both\" \/><dl class='gallery-item'>\n\t\t\t<dt class='gallery-icon landscape'>\n\t\t\t\t<a href='http:\/\/commune-loffre.fr\/index.php\/2017\/02\/24\/assemblee-generale-de-loffre-amitie-detente\/img_4848\/'><img loading=\"lazy\" decoding=\"async\" width=\"150\" height=\"150\" src=\"http:\/\/commune-loffre.fr\/wp-content\/uploads\/2017\/02\/IMG_4848-150x150.jpg\" class=\"attachment-thumbnail size-thumbnail\" alt=\"\" srcset=\"http:\/\/commune-loffre.fr\/wp-content\/uploads\/2017\/02\/IMG_4848-150x150.jpg 150w, http:\/\/commune-loffre.fr\/wp-content\/uploads\/2017\/02\/IMG_4848-180x180.jpg 180w, http:\/\/commune-loffre.fr\/wp-content\/uploads\/2017\/02\/IMG_4848-60x60.jpg 60w\" sizes=\"(max-width: 150px) 100vw, 150px\" \/><\/a>\n\t\t\t<\/dt><\/dl><dl class='gallery-item'>\n\t\t\t<dt class='gallery-icon landscape'>\n\t\t\t\t<a href='http:\/\/commune-loffre.fr\/index.php\/2017\/02\/24\/assemblee-generale-de-loffre-amitie-detente\/img_4849\/'><img loading=\"lazy\" decoding=\"async\" width=\"150\" height=\"150\" src=\"http:\/\/commune-loffre.fr\/wp-content\/uploads\/2017\/02\/IMG_4849-150x150.jpg\" class=\"attachment-thumbnail size-thumbnail\" alt=\"\" srcset=\"http:\/\/commune-loffre.fr\/wp-content\/uploads\/2017\/02\/IMG_4849-150x150.jpg 150w, http:\/\/commune-loffre.fr\/wp-content\/uploads\/2017\/02\/IMG_4849-180x180.jpg 180w, http:\/\/commune-loffre.fr\/wp-content\/uploads\/2017\/02\/IMG_4849-60x60.jpg 60w\" sizes=\"(max-width: 150px) 100vw, 150px\" \/><\/a>\n\t\t\t<\/dt><\/dl><dl class='gallery-item'>\n\t\t\t<dt class='gallery-icon landscape'>\n\t\t\t\t<a href='http:\/\/commune-loffre.fr\/index.php\/2017\/02\/24\/assemblee-generale-de-loffre-amitie-detente\/img_4850\/'><img loading=\"lazy\" decoding=\"async\" width=\"150\" height=\"150\" src=\"http:\/\/commune-loffre.fr\/wp-content\/uploads\/2017\/02\/IMG_4850-150x150.jpg\" class=\"attachment-thumbnail size-thumbnail\" alt=\"\" srcset=\"http:\/\/commune-loffre.fr\/wp-content\/uploads\/2017\/02\/IMG_4850-150x150.jpg 150w, http:\/\/commune-loffre.fr\/wp-content\/uploads\/2017\/02\/IMG_4850-180x180.jpg 180w, http:\/\/commune-loffre.fr\/wp-content\/uploads\/2017\/02\/IMG_4850-60x60.jpg 60w\" sizes=\"(max-width: 150px) 100vw, 150px\" \/><\/a>\n\t\t\t<\/dt><\/dl><dl class='gallery-item'>\n\t\t\t<dt class='gallery-icon landscape'>\n\t\t\t\t<a href='http:\/\/commune-loffre.fr\/index.php\/2017\/02\/24\/assemblee-generale-de-loffre-amitie-detente\/img_4851\/'><img loading=\"lazy\" decoding=\"async\" width=\"150\" height=\"150\" src=\"http:\/\/commune-loffre.fr\/wp-content\/uploads\/2017\/02\/IMG_4851-150x150.jpg\" class=\"attachment-thumbnail size-thumbnail\" alt=\"\" srcset=\"http:\/\/commune-loffre.fr\/wp-content\/uploads\/2017\/02\/IMG_4851-150x150.jpg 150w, http:\/\/commune-loffre.fr\/wp-content\/uploads\/2017\/02\/IMG_4851-180x180.jpg 180w, http:\/\/commune-loffre.fr\/wp-content\/uploads\/2017\/02\/IMG_4851-60x60.jpg 60w\" sizes=\"(max-width: 150px) 100vw, 150px\" \/><\/a>\n\t\t\t<\/dt><\/dl>\n\t\t\t<br style='clear: both' \/>\n\t\t<\/div>\n\n<p>leLe rapport d&rsquo;activit\u00e9s ainsi que le bilan financier 2016 ont \u00e9t\u00e9 pr\u00e9sent\u00e9s et\u00a0adopt\u00e9s \u00e0 l&rsquo;unanimit\u00e9 et les membres du bureau ont \u00e9t\u00e9 r\u00e9\u00e9lus.<\/p>\n<p>Un repas convivial avec les adh\u00e9rents, anim\u00e9 par la troupe patoisante\u00a0\u00ab\u00a0Art Ch&rsquo;ti Show\u00a0\u00bb, a cl\u00f4tur\u00e9 cette journ\u00e9e.<\/p>\n<p>Deux journ\u00e9es de convivialit\u00e9 sont pr\u00e9vues les 14 mai et 8 octobre 2017.<\/p>\n","protected":false},"excerpt":{"rendered":"<p>L&rsquo;assembl\u00e9e g\u00e9n\u00e9rale de l&rsquo;association LAD s&rsquo;est tenue sous la pr\u00e9sidence\u00a0de Madame Monique NERKOWSKI, le dimanche 5 f\u00e9vrier 2017 \u00e0 11h30 \u00e0 la\u00a0salle polyvalente. leLe rapport d&rsquo;activit\u00e9s ainsi que le bilan&#8230; <a href=\"http:\/\/commune-loffre.fr\/index.php\/2017\/02\/24\/assemblee-generale-de-loffre-amitie-detente\/\">Read more &raquo;<\/a><\/p>\n","protected":false},"author":1,"featured_media":0,"comment_status":"closed","ping_status":"closed","sticky":false,"template":"","format":"standard","meta":{"footnotes":""},"categories":[3,8],"tags":[],"_links":{"self":[{"href":"http:\/\/commune-loffre.fr\/index.php\/wp-json\/wp\/v2\/posts\/1754"}],"collection":[{"href":"http:\/\/commune-loffre.fr\/index.php\/wp-json\/wp\/v2\/posts"}],"about":[{"href":"http:\/\/commune-loffre.fr\/index.php\/wp-json\/wp\/v2\/types\/post"}],"author":[{"embeddable":true,"href":"http:\/\/commune-loffre.fr\/index.php\/wp-json\/wp\/v2\/users\/1"}],"replies":[{"embeddable":true,"href":"http:\/\/commune-loffre.fr\/index.php\/wp-json\/wp\/v2\/comments?post=1754"}],"version-history":[{"count":2,"href":"http:\/\/commune-loffre.fr\/index.php\/wp-json\/wp\/v2\/posts\/1754\/revisions"}],"predecessor-version":[{"id":1765,"href":"http:\/\/commune-loffre.fr\/index.php\/wp-json\/wp\/v2\/posts\/1754\/revisions\/1765"}],"wp:attachment":[{"href":"http:\/\/commune-loffre.fr\/index.php\/wp-json\/wp\/v2\/media?parent=1754"}],"wp:term":[{"taxonomy":"category","embeddable":true,"href":"http:\/\/commune-loffre.fr\/index.php\/wp-json\/wp\/v2\/categories?post=1754"},{"taxonomy":"post_tag","embeddable":true,"href":"http:\/\/commune-loffre.fr\/index.php\/wp-json\/wp\/v2\/tags?post=1754"}],"curies":[{"name":"wp","href":"https:\/\/api.w.org\/{rel}","templated":true}]}}