{"id":1718,"date":"2017-02-11T18:27:06","date_gmt":"2017-02-11T17:27:06","guid":{"rendered":"http:\/\/commune-loffre.fr\/?p=1718"},"modified":"2017-02-11T18:27:11","modified_gmt":"2017-02-11T17:27:11","slug":"projet-culturel-pour-la-classe-maternelle-de-lecole","status":"publish","type":"post","link":"http:\/\/commune-loffre.fr\/index.php\/2017\/02\/11\/projet-culturel-pour-la-classe-maternelle-de-lecole\/","title":{"rendered":"Projet culturel pour la classe maternelle de l&rsquo;\u00e9cole"},"content":{"rendered":"\n\t\t<style type=\"text\/css\">\n\t\t\t#gallery-1 {\n\t\t\t\tmargin: auto;\n\t\t\t}\n\t\t\t#gallery-1 .gallery-item {\n\t\t\t\tfloat: left;\n\t\t\t\tmargin-top: 10px;\n\t\t\t\ttext-align: center;\n\t\t\t\twidth: 20%;\n\t\t\t}\n\t\t\t#gallery-1 img {\n\t\t\t\tborder: 2px solid #cfcfcf;\n\t\t\t}\n\t\t\t#gallery-1 .gallery-caption {\n\t\t\t\tmargin-left: 0;\n\t\t\t}\n\t\t\t\/* see gallery_shortcode() in wp-includes\/media.php *\/\n\t\t<\/style>\n\t\t<div id='gallery-1' class='gallery galleryid-1718 gallery-columns-5 gallery-size-thumbnail'><dl class='gallery-item'>\n\t\t\t<dt class='gallery-icon landscape'>\n\t\t\t\t<a href='http:\/\/commune-loffre.fr\/index.php\/2017\/02\/11\/projet-culturel-pour-la-classe-maternelle-de-lecole\/cam04020\/'><img loading=\"lazy\" decoding=\"async\" width=\"150\" height=\"150\" src=\"http:\/\/commune-loffre.fr\/wp-content\/uploads\/2017\/02\/CAM04020-150x150.jpg\" class=\"attachment-thumbnail size-thumbnail\" alt=\"\" srcset=\"http:\/\/commune-loffre.fr\/wp-content\/uploads\/2017\/02\/CAM04020-150x150.jpg 150w, http:\/\/commune-loffre.fr\/wp-content\/uploads\/2017\/02\/CAM04020-180x180.jpg 180w, http:\/\/commune-loffre.fr\/wp-content\/uploads\/2017\/02\/CAM04020-60x60.jpg 60w\" sizes=\"(max-width: 150px) 100vw, 150px\" \/><\/a>\n\t\t\t<\/dt><\/dl><dl class='gallery-item'>\n\t\t\t<dt class='gallery-icon landscape'>\n\t\t\t\t<a href='http:\/\/commune-loffre.fr\/index.php\/2017\/02\/11\/projet-culturel-pour-la-classe-maternelle-de-lecole\/cam04029\/'><img loading=\"lazy\" decoding=\"async\" width=\"150\" height=\"150\" src=\"http:\/\/commune-loffre.fr\/wp-content\/uploads\/2017\/02\/CAM04029-150x150.jpg\" class=\"attachment-thumbnail size-thumbnail\" alt=\"\" srcset=\"http:\/\/commune-loffre.fr\/wp-content\/uploads\/2017\/02\/CAM04029-150x150.jpg 150w, http:\/\/commune-loffre.fr\/wp-content\/uploads\/2017\/02\/CAM04029-180x180.jpg 180w, http:\/\/commune-loffre.fr\/wp-content\/uploads\/2017\/02\/CAM04029-60x60.jpg 60w\" sizes=\"(max-width: 150px) 100vw, 150px\" \/><\/a>\n\t\t\t<\/dt><\/dl><dl class='gallery-item'>\n\t\t\t<dt class='gallery-icon landscape'>\n\t\t\t\t<a href='http:\/\/commune-loffre.fr\/index.php\/2017\/02\/11\/projet-culturel-pour-la-classe-maternelle-de-lecole\/cam04030\/'><img loading=\"lazy\" decoding=\"async\" width=\"150\" height=\"150\" src=\"http:\/\/commune-loffre.fr\/wp-content\/uploads\/2017\/02\/CAM04030-150x150.jpg\" class=\"attachment-thumbnail size-thumbnail\" alt=\"\" srcset=\"http:\/\/commune-loffre.fr\/wp-content\/uploads\/2017\/02\/CAM04030-150x150.jpg 150w, http:\/\/commune-loffre.fr\/wp-content\/uploads\/2017\/02\/CAM04030-180x180.jpg 180w, http:\/\/commune-loffre.fr\/wp-content\/uploads\/2017\/02\/CAM04030-60x60.jpg 60w\" sizes=\"(max-width: 150px) 100vw, 150px\" \/><\/a>\n\t\t\t<\/dt><\/dl><dl class='gallery-item'>\n\t\t\t<dt class='gallery-icon landscape'>\n\t\t\t\t<a href='http:\/\/commune-loffre.fr\/index.php\/2017\/02\/11\/projet-culturel-pour-la-classe-maternelle-de-lecole\/cam04031\/'><img loading=\"lazy\" decoding=\"async\" width=\"150\" height=\"150\" src=\"http:\/\/commune-loffre.fr\/wp-content\/uploads\/2017\/02\/CAM04031-150x150.jpg\" class=\"attachment-thumbnail size-thumbnail\" alt=\"\" srcset=\"http:\/\/commune-loffre.fr\/wp-content\/uploads\/2017\/02\/CAM04031-150x150.jpg 150w, http:\/\/commune-loffre.fr\/wp-content\/uploads\/2017\/02\/CAM04031-180x180.jpg 180w, http:\/\/commune-loffre.fr\/wp-content\/uploads\/2017\/02\/CAM04031-60x60.jpg 60w\" sizes=\"(max-width: 150px) 100vw, 150px\" \/><\/a>\n\t\t\t<\/dt><\/dl><dl class='gallery-item'>\n\t\t\t<dt class='gallery-icon landscape'>\n\t\t\t\t<a href='http:\/\/commune-loffre.fr\/index.php\/2017\/02\/11\/projet-culturel-pour-la-classe-maternelle-de-lecole\/cam04053\/'><img loading=\"lazy\" decoding=\"async\" width=\"150\" height=\"150\" src=\"http:\/\/commune-loffre.fr\/wp-content\/uploads\/2017\/02\/CAM04053-150x150.jpg\" class=\"attachment-thumbnail size-thumbnail\" alt=\"\" srcset=\"http:\/\/commune-loffre.fr\/wp-content\/uploads\/2017\/02\/CAM04053-150x150.jpg 150w, http:\/\/commune-loffre.fr\/wp-content\/uploads\/2017\/02\/CAM04053-180x180.jpg 180w, http:\/\/commune-loffre.fr\/wp-content\/uploads\/2017\/02\/CAM04053-60x60.jpg 60w\" sizes=\"(max-width: 150px) 100vw, 150px\" \/><\/a>\n\t\t\t<\/dt><\/dl><br style=\"clear: both\" \/><dl class='gallery-item'>\n\t\t\t<dt class='gallery-icon landscape'>\n\t\t\t\t<a href='http:\/\/commune-loffre.fr\/index.php\/2017\/02\/11\/projet-culturel-pour-la-classe-maternelle-de-lecole\/cam04056\/'><img loading=\"lazy\" decoding=\"async\" width=\"150\" height=\"150\" src=\"http:\/\/commune-loffre.fr\/wp-content\/uploads\/2017\/02\/CAM04056-150x150.jpg\" class=\"attachment-thumbnail size-thumbnail\" alt=\"\" srcset=\"http:\/\/commune-loffre.fr\/wp-content\/uploads\/2017\/02\/CAM04056-150x150.jpg 150w, http:\/\/commune-loffre.fr\/wp-content\/uploads\/2017\/02\/CAM04056-180x180.jpg 180w, http:\/\/commune-loffre.fr\/wp-content\/uploads\/2017\/02\/CAM04056-60x60.jpg 60w\" sizes=\"(max-width: 150px) 100vw, 150px\" \/><\/a>\n\t\t\t<\/dt><\/dl><dl class='gallery-item'>\n\t\t\t<dt class='gallery-icon landscape'>\n\t\t\t\t<a href='http:\/\/commune-loffre.fr\/index.php\/2017\/02\/11\/projet-culturel-pour-la-classe-maternelle-de-lecole\/cam04067\/'><img loading=\"lazy\" decoding=\"async\" width=\"150\" height=\"150\" src=\"http:\/\/commune-loffre.fr\/wp-content\/uploads\/2017\/02\/CAM04067-150x150.jpg\" class=\"attachment-thumbnail size-thumbnail\" alt=\"\" srcset=\"http:\/\/commune-loffre.fr\/wp-content\/uploads\/2017\/02\/CAM04067-150x150.jpg 150w, http:\/\/commune-loffre.fr\/wp-content\/uploads\/2017\/02\/CAM04067-180x180.jpg 180w, http:\/\/commune-loffre.fr\/wp-content\/uploads\/2017\/02\/CAM04067-60x60.jpg 60w\" sizes=\"(max-width: 150px) 100vw, 150px\" \/><\/a>\n\t\t\t<\/dt><\/dl><dl class='gallery-item'>\n\t\t\t<dt class='gallery-icon landscape'>\n\t\t\t\t<a href='http:\/\/commune-loffre.fr\/index.php\/2017\/02\/11\/projet-culturel-pour-la-classe-maternelle-de-lecole\/cam04071\/'><img loading=\"lazy\" decoding=\"async\" width=\"150\" height=\"150\" src=\"http:\/\/commune-loffre.fr\/wp-content\/uploads\/2017\/02\/CAM04071-150x150.jpg\" class=\"attachment-thumbnail size-thumbnail\" alt=\"\" srcset=\"http:\/\/commune-loffre.fr\/wp-content\/uploads\/2017\/02\/CAM04071-150x150.jpg 150w, http:\/\/commune-loffre.fr\/wp-content\/uploads\/2017\/02\/CAM04071-180x180.jpg 180w, http:\/\/commune-loffre.fr\/wp-content\/uploads\/2017\/02\/CAM04071-60x60.jpg 60w\" sizes=\"(max-width: 150px) 100vw, 150px\" \/><\/a>\n\t\t\t<\/dt><\/dl><dl class='gallery-item'>\n\t\t\t<dt class='gallery-icon landscape'>\n\t\t\t\t<a href='http:\/\/commune-loffre.fr\/index.php\/2017\/02\/11\/projet-culturel-pour-la-classe-maternelle-de-lecole\/cam04072\/'><img loading=\"lazy\" decoding=\"async\" width=\"150\" height=\"150\" src=\"http:\/\/commune-loffre.fr\/wp-content\/uploads\/2017\/02\/CAM04072-150x150.jpg\" class=\"attachment-thumbnail size-thumbnail\" alt=\"\" srcset=\"http:\/\/commune-loffre.fr\/wp-content\/uploads\/2017\/02\/CAM04072-150x150.jpg 150w, http:\/\/commune-loffre.fr\/wp-content\/uploads\/2017\/02\/CAM04072-180x180.jpg 180w, http:\/\/commune-loffre.fr\/wp-content\/uploads\/2017\/02\/CAM04072-60x60.jpg 60w\" sizes=\"(max-width: 150px) 100vw, 150px\" \/><\/a>\n\t\t\t<\/dt><\/dl><dl class='gallery-item'>\n\t\t\t<dt class='gallery-icon landscape'>\n\t\t\t\t<a href='http:\/\/commune-loffre.fr\/index.php\/2017\/02\/11\/projet-culturel-pour-la-classe-maternelle-de-lecole\/cam04073\/'><img loading=\"lazy\" decoding=\"async\" width=\"150\" height=\"150\" src=\"http:\/\/commune-loffre.fr\/wp-content\/uploads\/2017\/02\/CAM04073-150x150.jpg\" class=\"attachment-thumbnail size-thumbnail\" alt=\"\" srcset=\"http:\/\/commune-loffre.fr\/wp-content\/uploads\/2017\/02\/CAM04073-150x150.jpg 150w, http:\/\/commune-loffre.fr\/wp-content\/uploads\/2017\/02\/CAM04073-180x180.jpg 180w, http:\/\/commune-loffre.fr\/wp-content\/uploads\/2017\/02\/CAM04073-60x60.jpg 60w\" sizes=\"(max-width: 150px) 100vw, 150px\" \/><\/a>\n\t\t\t<\/dt><\/dl><br style=\"clear: both\" \/>\n\t\t<\/div>\n\n<p>Dans le cadre du projet culturel 2017, la commune de LOFFRE a choisi d&rsquo;offrir une initiation \u00e0 la musique et aux sons aux tr\u00e8s jeunes enfants. Les enfants de la classe maternelle de l&rsquo;\u00e9cole Henri Matisse et leur enseignante, Madame PINTHIAUX, ont donc \u00e9t\u00e9 associ\u00e9s au projet et ont re\u00e7u\u00a0dans leur classe Juliette GALAMEZ, artiste, sc\u00e9nariste pour 4 ateliers r\u00e9partis sur deux semaines. Les enfants ont d\u00e9couvert diff\u00e9rents voyages sonores et ont appris \u00e0 rep\u00e9rer les sons du quotidien qui forment une musicalit\u00e9, le bruit du r\u00e9veil,\u00a0l&rsquo;eau qui coule, les graines qui tombent, la musique de la cloche ou la musique du vent&#8230; Les enfants ont pu aussi r\u00e9aliser des boules de neige avec des ballons de baudruche remplis de ma\u00efz\u00e9na qui au toucher imitent \u00e0 la perfection le bruit des pas dans la neige&#8230; Cette exp\u00e9rience originale a recueilli l&rsquo;enthousiasme des enfants et la satisfaction de leur enseignante. \u00ab\u00a0<\/p>\n","protected":false},"excerpt":{"rendered":"<p>Dans le cadre du projet culturel 2017, la commune de LOFFRE a choisi d&rsquo;offrir une initiation \u00e0 la musique et aux sons aux tr\u00e8s jeunes enfants. Les enfants de la&#8230; <a href=\"http:\/\/commune-loffre.fr\/index.php\/2017\/02\/11\/projet-culturel-pour-la-classe-maternelle-de-lecole\/\">Read more &raquo;<\/a><\/p>\n","protected":false},"author":1,"featured_media":0,"comment_status":"closed","ping_status":"closed","sticky":false,"template":"","format":"standard","meta":{"footnotes":""},"categories":[3,18,4],"tags":[],"_links":{"self":[{"href":"http:\/\/commune-loffre.fr\/index.php\/wp-json\/wp\/v2\/posts\/1718"}],"collection":[{"href":"http:\/\/commune-loffre.fr\/index.php\/wp-json\/wp\/v2\/posts"}],"about":[{"href":"http:\/\/commune-loffre.fr\/index.php\/wp-json\/wp\/v2\/types\/post"}],"author":[{"embeddable":true,"href":"http:\/\/commune-loffre.fr\/index.php\/wp-json\/wp\/v2\/users\/1"}],"replies":[{"embeddable":true,"href":"http:\/\/commune-loffre.fr\/index.php\/wp-json\/wp\/v2\/comments?post=1718"}],"version-history":[{"count":1,"href":"http:\/\/commune-loffre.fr\/index.php\/wp-json\/wp\/v2\/posts\/1718\/revisions"}],"predecessor-version":[{"id":1729,"href":"http:\/\/commune-loffre.fr\/index.php\/wp-json\/wp\/v2\/posts\/1718\/revisions\/1729"}],"wp:attachment":[{"href":"http:\/\/commune-loffre.fr\/index.php\/wp-json\/wp\/v2\/media?parent=1718"}],"wp:term":[{"taxonomy":"category","embeddable":true,"href":"http:\/\/commune-loffre.fr\/index.php\/wp-json\/wp\/v2\/categories?post=1718"},{"taxonomy":"post_tag","embeddable":true,"href":"http:\/\/commune-loffre.fr\/index.php\/wp-json\/wp\/v2\/tags?post=1718"}],"curies":[{"name":"wp","href":"https:\/\/api.w.org\/{rel}","templated":true}]}}