{"id":1691,"date":"2017-02-05T19:40:36","date_gmt":"2017-02-05T18:40:36","guid":{"rendered":"http:\/\/commune-loffre.fr\/?p=1691"},"modified":"2017-02-07T11:40:51","modified_gmt":"2017-02-07T10:40:51","slug":"projet-culturel-pour-les-tres-jeunes-enfants","status":"publish","type":"post","link":"http:\/\/commune-loffre.fr\/index.php\/2017\/02\/05\/projet-culturel-pour-les-tres-jeunes-enfants\/","title":{"rendered":"Projet culturel pour les tr\u00e8s jeunes enfants"},"content":{"rendered":"\n\t\t<style type=\"text\/css\">\n\t\t\t#gallery-1 {\n\t\t\t\tmargin: auto;\n\t\t\t}\n\t\t\t#gallery-1 .gallery-item {\n\t\t\t\tfloat: left;\n\t\t\t\tmargin-top: 10px;\n\t\t\t\ttext-align: center;\n\t\t\t\twidth: 20%;\n\t\t\t}\n\t\t\t#gallery-1 img {\n\t\t\t\tborder: 2px solid #cfcfcf;\n\t\t\t}\n\t\t\t#gallery-1 .gallery-caption {\n\t\t\t\tmargin-left: 0;\n\t\t\t}\n\t\t\t\/* see gallery_shortcode() in wp-includes\/media.php *\/\n\t\t<\/style>\n\t\t<div id='gallery-1' class='gallery galleryid-1691 gallery-columns-5 gallery-size-thumbnail'><dl class='gallery-item'>\n\t\t\t<dt class='gallery-icon landscape'>\n\t\t\t\t<a href='http:\/\/commune-loffre.fr\/index.php\/2017\/02\/05\/projet-culturel-pour-les-tres-jeunes-enfants\/kodak-digital-still-camera-18\/'><img loading=\"lazy\" decoding=\"async\" width=\"150\" height=\"150\" src=\"http:\/\/commune-loffre.fr\/wp-content\/uploads\/2017\/02\/101_0407-150x150.jpg\" class=\"attachment-thumbnail size-thumbnail\" alt=\"\" srcset=\"http:\/\/commune-loffre.fr\/wp-content\/uploads\/2017\/02\/101_0407-150x150.jpg 150w, http:\/\/commune-loffre.fr\/wp-content\/uploads\/2017\/02\/101_0407-180x180.jpg 180w, http:\/\/commune-loffre.fr\/wp-content\/uploads\/2017\/02\/101_0407-60x60.jpg 60w\" sizes=\"(max-width: 150px) 100vw, 150px\" \/><\/a>\n\t\t\t<\/dt><\/dl><dl class='gallery-item'>\n\t\t\t<dt class='gallery-icon landscape'>\n\t\t\t\t<a href='http:\/\/commune-loffre.fr\/index.php\/2017\/02\/05\/projet-culturel-pour-les-tres-jeunes-enfants\/kodak-digital-still-camera-19\/'><img loading=\"lazy\" decoding=\"async\" width=\"150\" height=\"150\" src=\"http:\/\/commune-loffre.fr\/wp-content\/uploads\/2017\/02\/101_0408-150x150.jpg\" class=\"attachment-thumbnail size-thumbnail\" alt=\"\" srcset=\"http:\/\/commune-loffre.fr\/wp-content\/uploads\/2017\/02\/101_0408-150x150.jpg 150w, http:\/\/commune-loffre.fr\/wp-content\/uploads\/2017\/02\/101_0408-180x180.jpg 180w, http:\/\/commune-loffre.fr\/wp-content\/uploads\/2017\/02\/101_0408-60x60.jpg 60w\" sizes=\"(max-width: 150px) 100vw, 150px\" \/><\/a>\n\t\t\t<\/dt><\/dl><dl class='gallery-item'>\n\t\t\t<dt class='gallery-icon landscape'>\n\t\t\t\t<a href='http:\/\/commune-loffre.fr\/index.php\/2017\/02\/05\/projet-culturel-pour-les-tres-jeunes-enfants\/kodak-digital-still-camera-20\/'><img loading=\"lazy\" decoding=\"async\" width=\"150\" height=\"150\" src=\"http:\/\/commune-loffre.fr\/wp-content\/uploads\/2017\/02\/101_0412-150x150.jpg\" class=\"attachment-thumbnail size-thumbnail\" alt=\"\" srcset=\"http:\/\/commune-loffre.fr\/wp-content\/uploads\/2017\/02\/101_0412-150x150.jpg 150w, http:\/\/commune-loffre.fr\/wp-content\/uploads\/2017\/02\/101_0412-180x180.jpg 180w, http:\/\/commune-loffre.fr\/wp-content\/uploads\/2017\/02\/101_0412-60x60.jpg 60w\" sizes=\"(max-width: 150px) 100vw, 150px\" \/><\/a>\n\t\t\t<\/dt><\/dl><dl class='gallery-item'>\n\t\t\t<dt class='gallery-icon landscape'>\n\t\t\t\t<a href='http:\/\/commune-loffre.fr\/index.php\/2017\/02\/05\/projet-culturel-pour-les-tres-jeunes-enfants\/kodak-digital-still-camera-21\/'><img loading=\"lazy\" decoding=\"async\" width=\"150\" height=\"150\" src=\"http:\/\/commune-loffre.fr\/wp-content\/uploads\/2017\/02\/101_0413-150x150.jpg\" class=\"attachment-thumbnail size-thumbnail\" alt=\"\" srcset=\"http:\/\/commune-loffre.fr\/wp-content\/uploads\/2017\/02\/101_0413-150x150.jpg 150w, http:\/\/commune-loffre.fr\/wp-content\/uploads\/2017\/02\/101_0413-180x180.jpg 180w, http:\/\/commune-loffre.fr\/wp-content\/uploads\/2017\/02\/101_0413-60x60.jpg 60w\" sizes=\"(max-width: 150px) 100vw, 150px\" \/><\/a>\n\t\t\t<\/dt><\/dl><dl class='gallery-item'>\n\t\t\t<dt class='gallery-icon landscape'>\n\t\t\t\t<a href='http:\/\/commune-loffre.fr\/index.php\/2017\/02\/05\/projet-culturel-pour-les-tres-jeunes-enfants\/kodak-digital-still-camera-22\/'><img loading=\"lazy\" decoding=\"async\" width=\"150\" height=\"150\" src=\"http:\/\/commune-loffre.fr\/wp-content\/uploads\/2017\/02\/101_0416-150x150.jpg\" class=\"attachment-thumbnail size-thumbnail\" alt=\"\" srcset=\"http:\/\/commune-loffre.fr\/wp-content\/uploads\/2017\/02\/101_0416-150x150.jpg 150w, http:\/\/commune-loffre.fr\/wp-content\/uploads\/2017\/02\/101_0416-180x180.jpg 180w, http:\/\/commune-loffre.fr\/wp-content\/uploads\/2017\/02\/101_0416-60x60.jpg 60w\" sizes=\"(max-width: 150px) 100vw, 150px\" \/><\/a>\n\t\t\t<\/dt><\/dl><br style=\"clear: both\" \/><dl class='gallery-item'>\n\t\t\t<dt class='gallery-icon landscape'>\n\t\t\t\t<a href='http:\/\/commune-loffre.fr\/index.php\/2017\/02\/05\/projet-culturel-pour-les-tres-jeunes-enfants\/20170204_163335\/'><img loading=\"lazy\" decoding=\"async\" width=\"150\" height=\"150\" src=\"http:\/\/commune-loffre.fr\/wp-content\/uploads\/2017\/02\/20170204_163335-150x150.jpg\" class=\"attachment-thumbnail size-thumbnail\" alt=\"\" srcset=\"http:\/\/commune-loffre.fr\/wp-content\/uploads\/2017\/02\/20170204_163335-150x150.jpg 150w, http:\/\/commune-loffre.fr\/wp-content\/uploads\/2017\/02\/20170204_163335-180x180.jpg 180w, http:\/\/commune-loffre.fr\/wp-content\/uploads\/2017\/02\/20170204_163335-60x60.jpg 60w\" sizes=\"(max-width: 150px) 100vw, 150px\" \/><\/a>\n\t\t\t<\/dt><\/dl><dl class='gallery-item'>\n\t\t\t<dt class='gallery-icon landscape'>\n\t\t\t\t<a href='http:\/\/commune-loffre.fr\/index.php\/2017\/02\/05\/projet-culturel-pour-les-tres-jeunes-enfants\/20170204_163345\/'><img loading=\"lazy\" decoding=\"async\" width=\"150\" height=\"150\" src=\"http:\/\/commune-loffre.fr\/wp-content\/uploads\/2017\/02\/20170204_163345-150x150.jpg\" class=\"attachment-thumbnail size-thumbnail\" alt=\"\" srcset=\"http:\/\/commune-loffre.fr\/wp-content\/uploads\/2017\/02\/20170204_163345-150x150.jpg 150w, http:\/\/commune-loffre.fr\/wp-content\/uploads\/2017\/02\/20170204_163345-180x180.jpg 180w, http:\/\/commune-loffre.fr\/wp-content\/uploads\/2017\/02\/20170204_163345-60x60.jpg 60w\" sizes=\"(max-width: 150px) 100vw, 150px\" \/><\/a>\n\t\t\t<\/dt><\/dl><dl class='gallery-item'>\n\t\t\t<dt class='gallery-icon landscape'>\n\t\t\t\t<a href='http:\/\/commune-loffre.fr\/index.php\/2017\/02\/05\/projet-culturel-pour-les-tres-jeunes-enfants\/20170204_163348\/'><img loading=\"lazy\" decoding=\"async\" width=\"150\" height=\"150\" src=\"http:\/\/commune-loffre.fr\/wp-content\/uploads\/2017\/02\/20170204_163348-150x150.jpg\" class=\"attachment-thumbnail size-thumbnail\" alt=\"\" srcset=\"http:\/\/commune-loffre.fr\/wp-content\/uploads\/2017\/02\/20170204_163348-150x150.jpg 150w, http:\/\/commune-loffre.fr\/wp-content\/uploads\/2017\/02\/20170204_163348-180x180.jpg 180w, http:\/\/commune-loffre.fr\/wp-content\/uploads\/2017\/02\/20170204_163348-60x60.jpg 60w\" sizes=\"(max-width: 150px) 100vw, 150px\" \/><\/a>\n\t\t\t<\/dt><\/dl><dl class='gallery-item'>\n\t\t\t<dt class='gallery-icon landscape'>\n\t\t\t\t<a href='http:\/\/commune-loffre.fr\/index.php\/2017\/02\/05\/projet-culturel-pour-les-tres-jeunes-enfants\/img_0056-2\/'><img loading=\"lazy\" decoding=\"async\" width=\"150\" height=\"150\" src=\"http:\/\/commune-loffre.fr\/wp-content\/uploads\/2017\/02\/IMG_0056-2-150x150.jpg\" class=\"attachment-thumbnail size-thumbnail\" alt=\"\" srcset=\"http:\/\/commune-loffre.fr\/wp-content\/uploads\/2017\/02\/IMG_0056-2-150x150.jpg 150w, http:\/\/commune-loffre.fr\/wp-content\/uploads\/2017\/02\/IMG_0056-2-180x180.jpg 180w, http:\/\/commune-loffre.fr\/wp-content\/uploads\/2017\/02\/IMG_0056-2-60x60.jpg 60w\" sizes=\"(max-width: 150px) 100vw, 150px\" \/><\/a>\n\t\t\t<\/dt><\/dl><dl class='gallery-item'>\n\t\t\t<dt class='gallery-icon landscape'>\n\t\t\t\t<a href='http:\/\/commune-loffre.fr\/index.php\/2017\/02\/05\/projet-culturel-pour-les-tres-jeunes-enfants\/img_0070-2\/'><img loading=\"lazy\" decoding=\"async\" width=\"150\" height=\"150\" src=\"http:\/\/commune-loffre.fr\/wp-content\/uploads\/2017\/02\/IMG_0070-2-150x150.jpg\" class=\"attachment-thumbnail size-thumbnail\" alt=\"\" srcset=\"http:\/\/commune-loffre.fr\/wp-content\/uploads\/2017\/02\/IMG_0070-2-150x150.jpg 150w, http:\/\/commune-loffre.fr\/wp-content\/uploads\/2017\/02\/IMG_0070-2-180x180.jpg 180w, http:\/\/commune-loffre.fr\/wp-content\/uploads\/2017\/02\/IMG_0070-2-60x60.jpg 60w\" sizes=\"(max-width: 150px) 100vw, 150px\" \/><\/a>\n\t\t\t<\/dt><\/dl><br style=\"clear: both\" \/>\n\t\t<\/div>\n\n<p>\u00ab\u00a0En partenariat avec la communaut\u00e9 de communes de Coeur d&rsquo;Ostrevent, la commune de LOFFRE a organis\u00e9\u00a0un projet culturel\u00a0en direction des tr\u00e8s jeunes enfants. Juliette GALAMEZ, metteuse en sc\u00e8ne et r\u00e9alisatrice sonore et vid\u00e9o a \u00e9t\u00e9 choisie pour captiver les tout-petits \u00e0\u00a0travers des ateliers et un spectacle interactif.\u00a0Ce projet \u00e9tait r\u00e9fl\u00e9chi et travaill\u00e9 depuis le mois de juin 2016 entre la m\u00e9diatrice culturelle de la CCCO, l&rsquo;adjointe au Maire de Loffre \u00e0 la culture et l&rsquo;artiste Juliette GALAMEZ. Il s&rsquo;agissait d&rsquo;aller \u00e0 la rencontre des tout-petits de moins de 4 ans pour qui l&rsquo;offre culturelle n&rsquo;est pas fr\u00e9quente. Ainsi l&rsquo;artiste a propos\u00e9 aux enfants non scolaris\u00e9s des ateliers dans le cadre du Relais Assistantes Maternelles ; des ateliers sonores dans la classe maternelle de l&rsquo;\u00e9cole Henri Matisse pour les 2ans \u00e0 5ans et des ateliers parents-enfants le samedi 28 janvier. Le s\u00e9jour\u00a0de cette artiste\u00a0dans la commune de LOFFRE\u00a0s&rsquo;est merveilleusement cl\u00f4tur\u00e9 par le spectacle \u00ab\u00a0le voyage d\u2019hiver\u00a0\u00bb pour tout public qui a \u00e9t\u00e9 propos\u00e9 gratuitement aux jeunes enfants accompagn\u00e9s de leurs parents ou leurs grands-parents\u00a0le samedi 04 f\u00e9vrier 2017. Sous les yeux de leurs parents, les jeunes enfants ont \u00e9t\u00e9 tr\u00e8s attentifs et \u00e9merveill\u00e9s par la mise en sc\u00e8ne de ce voyage sonore qui se d\u00e9roulait dans la neige et s&rsquo;est termin\u00e9 au coin du feu &#8230;\u00a0\u00bb<\/p>\n","protected":false},"excerpt":{"rendered":"<p>\u00ab\u00a0En partenariat avec la communaut\u00e9 de communes de Coeur d&rsquo;Ostrevent, la commune de LOFFRE a organis\u00e9\u00a0un projet culturel\u00a0en direction des tr\u00e8s jeunes enfants. Juliette GALAMEZ, metteuse en sc\u00e8ne et r\u00e9alisatrice&#8230; <a href=\"http:\/\/commune-loffre.fr\/index.php\/2017\/02\/05\/projet-culturel-pour-les-tres-jeunes-enfants\/\">Read more &raquo;<\/a><\/p>\n","protected":false},"author":1,"featured_media":0,"comment_status":"closed","ping_status":"closed","sticky":false,"template":"","format":"standard","meta":{"footnotes":""},"categories":[18,4],"tags":[],"_links":{"self":[{"href":"http:\/\/commune-loffre.fr\/index.php\/wp-json\/wp\/v2\/posts\/1691"}],"collection":[{"href":"http:\/\/commune-loffre.fr\/index.php\/wp-json\/wp\/v2\/posts"}],"about":[{"href":"http:\/\/commune-loffre.fr\/index.php\/wp-json\/wp\/v2\/types\/post"}],"author":[{"embeddable":true,"href":"http:\/\/commune-loffre.fr\/index.php\/wp-json\/wp\/v2\/users\/1"}],"replies":[{"embeddable":true,"href":"http:\/\/commune-loffre.fr\/index.php\/wp-json\/wp\/v2\/comments?post=1691"}],"version-history":[{"count":3,"href":"http:\/\/commune-loffre.fr\/index.php\/wp-json\/wp\/v2\/posts\/1691\/revisions"}],"predecessor-version":[{"id":1704,"href":"http:\/\/commune-loffre.fr\/index.php\/wp-json\/wp\/v2\/posts\/1691\/revisions\/1704"}],"wp:attachment":[{"href":"http:\/\/commune-loffre.fr\/index.php\/wp-json\/wp\/v2\/media?parent=1691"}],"wp:term":[{"taxonomy":"category","embeddable":true,"href":"http:\/\/commune-loffre.fr\/index.php\/wp-json\/wp\/v2\/categories?post=1691"},{"taxonomy":"post_tag","embeddable":true,"href":"http:\/\/commune-loffre.fr\/index.php\/wp-json\/wp\/v2\/tags?post=1691"}],"curies":[{"name":"wp","href":"https:\/\/api.w.org\/{rel}","templated":true}]}}