{"id":1678,"date":"2017-01-30T20:18:19","date_gmt":"2017-01-30T19:18:19","guid":{"rendered":"http:\/\/commune-loffre.fr\/?p=1678"},"modified":"2017-01-30T20:18:45","modified_gmt":"2017-01-30T19:18:45","slug":"projet-culturel","status":"publish","type":"post","link":"http:\/\/commune-loffre.fr\/index.php\/2017\/01\/30\/projet-culturel\/","title":{"rendered":"Projet Culturel"},"content":{"rendered":"<p>En partenariat avec la CCCO, la commune de LOFFRE a organis\u00e9\u00a0un projet culturel\u00a0en direction des plus jeunes enfants du village.<\/p>\n\n\t\t<style type=\"text\/css\">\n\t\t\t#gallery-1 {\n\t\t\t\tmargin: auto;\n\t\t\t}\n\t\t\t#gallery-1 .gallery-item {\n\t\t\t\tfloat: left;\n\t\t\t\tmargin-top: 10px;\n\t\t\t\ttext-align: center;\n\t\t\t\twidth: 33%;\n\t\t\t}\n\t\t\t#gallery-1 img {\n\t\t\t\tborder: 2px solid #cfcfcf;\n\t\t\t}\n\t\t\t#gallery-1 .gallery-caption {\n\t\t\t\tmargin-left: 0;\n\t\t\t}\n\t\t\t\/* see gallery_shortcode() in wp-includes\/media.php *\/\n\t\t<\/style>\n\t\t<div id='gallery-1' class='gallery galleryid-1678 gallery-columns-3 gallery-size-thumbnail'><dl class='gallery-item'>\n\t\t\t<dt class='gallery-icon landscape'>\n\t\t\t\t<a href='http:\/\/commune-loffre.fr\/index.php\/2017\/01\/30\/projet-culturel\/kodak-digital-still-camera-15\/'><img loading=\"lazy\" decoding=\"async\" width=\"150\" height=\"150\" src=\"http:\/\/commune-loffre.fr\/wp-content\/uploads\/2017\/01\/101_0387-150x150.jpg\" class=\"attachment-thumbnail size-thumbnail\" alt=\"\" srcset=\"http:\/\/commune-loffre.fr\/wp-content\/uploads\/2017\/01\/101_0387-150x150.jpg 150w, http:\/\/commune-loffre.fr\/wp-content\/uploads\/2017\/01\/101_0387-180x180.jpg 180w, http:\/\/commune-loffre.fr\/wp-content\/uploads\/2017\/01\/101_0387-60x60.jpg 60w\" sizes=\"(max-width: 150px) 100vw, 150px\" \/><\/a>\n\t\t\t<\/dt><\/dl><dl class='gallery-item'>\n\t\t\t<dt class='gallery-icon landscape'>\n\t\t\t\t<a href='http:\/\/commune-loffre.fr\/index.php\/2017\/01\/30\/projet-culturel\/kodak-digital-still-camera-16\/'><img loading=\"lazy\" decoding=\"async\" width=\"150\" height=\"150\" src=\"http:\/\/commune-loffre.fr\/wp-content\/uploads\/2017\/01\/101_0393-150x150.jpg\" class=\"attachment-thumbnail size-thumbnail\" alt=\"\" srcset=\"http:\/\/commune-loffre.fr\/wp-content\/uploads\/2017\/01\/101_0393-150x150.jpg 150w, http:\/\/commune-loffre.fr\/wp-content\/uploads\/2017\/01\/101_0393-180x180.jpg 180w, http:\/\/commune-loffre.fr\/wp-content\/uploads\/2017\/01\/101_0393-60x60.jpg 60w\" sizes=\"(max-width: 150px) 100vw, 150px\" \/><\/a>\n\t\t\t<\/dt><\/dl><dl class='gallery-item'>\n\t\t\t<dt class='gallery-icon landscape'>\n\t\t\t\t<a href='http:\/\/commune-loffre.fr\/index.php\/2017\/01\/30\/projet-culturel\/kodak-digital-still-camera-17\/'><img loading=\"lazy\" decoding=\"async\" width=\"150\" height=\"150\" src=\"http:\/\/commune-loffre.fr\/wp-content\/uploads\/2017\/01\/101_0404-150x150.jpg\" class=\"attachment-thumbnail size-thumbnail\" alt=\"\" srcset=\"http:\/\/commune-loffre.fr\/wp-content\/uploads\/2017\/01\/101_0404-150x150.jpg 150w, http:\/\/commune-loffre.fr\/wp-content\/uploads\/2017\/01\/101_0404-180x180.jpg 180w, http:\/\/commune-loffre.fr\/wp-content\/uploads\/2017\/01\/101_0404-60x60.jpg 60w\" sizes=\"(max-width: 150px) 100vw, 150px\" \/><\/a>\n\t\t\t<\/dt><\/dl><br style=\"clear: both\" \/>\n\t\t<\/div>\n\n<p>Juliette GALAMEZ, metteuse en sc\u00e8ne et r\u00e9alisatrice sonore et vid\u00e9o a \u00e9t\u00e9 choisie pour captiver nos tout-petits \u00e0\u00a0travers des ateliers et un spectacle interactif. Les parents des jeunes enfants \u00e2g\u00e9s de 1 an \u00e0 4 ans ont particip\u00e9 gratuitement\u00a0\u00e0 un atelier parents\/enfants le samedi 28 janvier 2017 au foyer rural. L&rsquo;artiste a emmen\u00e9 les tout-petits et leurs parents en voyage sonore \u00e0 la plage,\u00a0ils ont pu ainsi manipuler les coquillages, entendre les bruits de la mer, du sable, du vent, m\u00eame de la temp\u00eate&#8230; \u00a0\u00bb<\/p>\n<p>&nbsp;<\/p>\n","protected":false},"excerpt":{"rendered":"<p>En partenariat avec la CCCO, la commune de LOFFRE a organis\u00e9\u00a0un projet culturel\u00a0en direction des plus jeunes enfants du village. Juliette GALAMEZ, metteuse en sc\u00e8ne et r\u00e9alisatrice sonore et vid\u00e9o&#8230; <a href=\"http:\/\/commune-loffre.fr\/index.php\/2017\/01\/30\/projet-culturel\/\">Read more &raquo;<\/a><\/p>\n","protected":false},"author":1,"featured_media":0,"comment_status":"closed","ping_status":"closed","sticky":false,"template":"","format":"standard","meta":{"footnotes":""},"categories":[4,10],"tags":[],"_links":{"self":[{"href":"http:\/\/commune-loffre.fr\/index.php\/wp-json\/wp\/v2\/posts\/1678"}],"collection":[{"href":"http:\/\/commune-loffre.fr\/index.php\/wp-json\/wp\/v2\/posts"}],"about":[{"href":"http:\/\/commune-loffre.fr\/index.php\/wp-json\/wp\/v2\/types\/post"}],"author":[{"embeddable":true,"href":"http:\/\/commune-loffre.fr\/index.php\/wp-json\/wp\/v2\/users\/1"}],"replies":[{"embeddable":true,"href":"http:\/\/commune-loffre.fr\/index.php\/wp-json\/wp\/v2\/comments?post=1678"}],"version-history":[{"count":2,"href":"http:\/\/commune-loffre.fr\/index.php\/wp-json\/wp\/v2\/posts\/1678\/revisions"}],"predecessor-version":[{"id":1683,"href":"http:\/\/commune-loffre.fr\/index.php\/wp-json\/wp\/v2\/posts\/1678\/revisions\/1683"}],"wp:attachment":[{"href":"http:\/\/commune-loffre.fr\/index.php\/wp-json\/wp\/v2\/media?parent=1678"}],"wp:term":[{"taxonomy":"category","embeddable":true,"href":"http:\/\/commune-loffre.fr\/index.php\/wp-json\/wp\/v2\/categories?post=1678"},{"taxonomy":"post_tag","embeddable":true,"href":"http:\/\/commune-loffre.fr\/index.php\/wp-json\/wp\/v2\/tags?post=1678"}],"curies":[{"name":"wp","href":"https:\/\/api.w.org\/{rel}","templated":true}]}}