{"id":1532,"date":"2016-12-13T19:09:16","date_gmt":"2016-12-13T18:09:16","guid":{"rendered":"http:\/\/commune-loffre.fr\/?p=1532"},"modified":"2016-12-13T19:18:24","modified_gmt":"2016-12-13T18:18:24","slug":"loffre-mobilise-et-solidaire-pour-le-telethon","status":"publish","type":"post","link":"http:\/\/commune-loffre.fr\/index.php\/2016\/12\/13\/loffre-mobilise-et-solidaire-pour-le-telethon\/","title":{"rendered":"LOFFRE mobilis\u00e9 et solidaire pour le T\u00e9l\u00e9thon"},"content":{"rendered":"<p>Comme l\u2019an dernier, la commune de Loffre, les associations et les habitants se sont mobilis\u00e9s pour agir pour le T\u00e9l\u00e9thon 2016. Ainsi, le Samedi 10 D\u00e9cembre \u00e0 17 heures, avait \u00e9t\u00e9 organis\u00e9e une vente de tartes sucr\u00e9es et sal\u00e9es, confectionn\u00e9es par les associations et les habitants. Certaines associations avaient pr\u00e9f\u00e9r\u00e9 faire directement un don au profit du T\u00e9l\u00e9thon.<\/p>\n\n\t\t<style type=\"text\/css\">\n\t\t\t#gallery-1 {\n\t\t\t\tmargin: auto;\n\t\t\t}\n\t\t\t#gallery-1 .gallery-item {\n\t\t\t\tfloat: left;\n\t\t\t\tmargin-top: 10px;\n\t\t\t\ttext-align: center;\n\t\t\t\twidth: 16%;\n\t\t\t}\n\t\t\t#gallery-1 img {\n\t\t\t\tborder: 2px solid #cfcfcf;\n\t\t\t}\n\t\t\t#gallery-1 .gallery-caption {\n\t\t\t\tmargin-left: 0;\n\t\t\t}\n\t\t\t\/* see gallery_shortcode() in wp-includes\/media.php *\/\n\t\t<\/style>\n\t\t<div id='gallery-1' class='gallery galleryid-1532 gallery-columns-6 gallery-size-thumbnail'><dl class='gallery-item'>\n\t\t\t<dt class='gallery-icon landscape'>\n\t\t\t\t<a href='http:\/\/commune-loffre.fr\/index.php\/2016\/12\/13\/loffre-mobilise-et-solidaire-pour-le-telethon\/olympus-digital-camera-423\/'><img loading=\"lazy\" decoding=\"async\" width=\"150\" height=\"150\" src=\"http:\/\/commune-loffre.fr\/wp-content\/uploads\/2016\/12\/P1010107-copie-150x150.jpg\" class=\"attachment-thumbnail size-thumbnail\" alt=\"\" srcset=\"http:\/\/commune-loffre.fr\/wp-content\/uploads\/2016\/12\/P1010107-copie-150x150.jpg 150w, http:\/\/commune-loffre.fr\/wp-content\/uploads\/2016\/12\/P1010107-copie-180x180.jpg 180w, http:\/\/commune-loffre.fr\/wp-content\/uploads\/2016\/12\/P1010107-copie-60x60.jpg 60w\" sizes=\"(max-width: 150px) 100vw, 150px\" \/><\/a>\n\t\t\t<\/dt><\/dl><dl class='gallery-item'>\n\t\t\t<dt class='gallery-icon landscape'>\n\t\t\t\t<a href='http:\/\/commune-loffre.fr\/index.php\/2016\/12\/13\/loffre-mobilise-et-solidaire-pour-le-telethon\/olympus-digital-camera-424\/'><img loading=\"lazy\" decoding=\"async\" width=\"150\" height=\"150\" src=\"http:\/\/commune-loffre.fr\/wp-content\/uploads\/2016\/12\/P1010108-copie-150x150.jpg\" class=\"attachment-thumbnail size-thumbnail\" alt=\"\" srcset=\"http:\/\/commune-loffre.fr\/wp-content\/uploads\/2016\/12\/P1010108-copie-150x150.jpg 150w, http:\/\/commune-loffre.fr\/wp-content\/uploads\/2016\/12\/P1010108-copie-180x180.jpg 180w, http:\/\/commune-loffre.fr\/wp-content\/uploads\/2016\/12\/P1010108-copie-60x60.jpg 60w\" sizes=\"(max-width: 150px) 100vw, 150px\" \/><\/a>\n\t\t\t<\/dt><\/dl><dl class='gallery-item'>\n\t\t\t<dt class='gallery-icon landscape'>\n\t\t\t\t<a href='http:\/\/commune-loffre.fr\/index.php\/2016\/12\/13\/loffre-mobilise-et-solidaire-pour-le-telethon\/olympus-digital-camera-425\/'><img loading=\"lazy\" decoding=\"async\" width=\"150\" height=\"150\" src=\"http:\/\/commune-loffre.fr\/wp-content\/uploads\/2016\/12\/PC100110-copie-150x150.jpg\" class=\"attachment-thumbnail size-thumbnail\" alt=\"\" srcset=\"http:\/\/commune-loffre.fr\/wp-content\/uploads\/2016\/12\/PC100110-copie-150x150.jpg 150w, http:\/\/commune-loffre.fr\/wp-content\/uploads\/2016\/12\/PC100110-copie-180x180.jpg 180w, http:\/\/commune-loffre.fr\/wp-content\/uploads\/2016\/12\/PC100110-copie-60x60.jpg 60w\" sizes=\"(max-width: 150px) 100vw, 150px\" \/><\/a>\n\t\t\t<\/dt><\/dl><dl class='gallery-item'>\n\t\t\t<dt class='gallery-icon landscape'>\n\t\t\t\t<a href='http:\/\/commune-loffre.fr\/index.php\/2016\/12\/13\/loffre-mobilise-et-solidaire-pour-le-telethon\/olympus-digital-camera-426\/'><img loading=\"lazy\" decoding=\"async\" width=\"150\" height=\"150\" src=\"http:\/\/commune-loffre.fr\/wp-content\/uploads\/2016\/12\/PC100111-copie-150x150.jpg\" class=\"attachment-thumbnail size-thumbnail\" alt=\"\" srcset=\"http:\/\/commune-loffre.fr\/wp-content\/uploads\/2016\/12\/PC100111-copie-150x150.jpg 150w, http:\/\/commune-loffre.fr\/wp-content\/uploads\/2016\/12\/PC100111-copie-180x180.jpg 180w, http:\/\/commune-loffre.fr\/wp-content\/uploads\/2016\/12\/PC100111-copie-60x60.jpg 60w\" sizes=\"(max-width: 150px) 100vw, 150px\" \/><\/a>\n\t\t\t<\/dt><\/dl><dl class='gallery-item'>\n\t\t\t<dt class='gallery-icon landscape'>\n\t\t\t\t<a href='http:\/\/commune-loffre.fr\/index.php\/2016\/12\/13\/loffre-mobilise-et-solidaire-pour-le-telethon\/olympus-digital-camera-427\/'><img loading=\"lazy\" decoding=\"async\" width=\"150\" height=\"150\" src=\"http:\/\/commune-loffre.fr\/wp-content\/uploads\/2016\/12\/PC100112-copie-150x150.jpg\" class=\"attachment-thumbnail size-thumbnail\" alt=\"\" srcset=\"http:\/\/commune-loffre.fr\/wp-content\/uploads\/2016\/12\/PC100112-copie-150x150.jpg 150w, http:\/\/commune-loffre.fr\/wp-content\/uploads\/2016\/12\/PC100112-copie-180x180.jpg 180w, http:\/\/commune-loffre.fr\/wp-content\/uploads\/2016\/12\/PC100112-copie-60x60.jpg 60w\" sizes=\"(max-width: 150px) 100vw, 150px\" \/><\/a>\n\t\t\t<\/dt><\/dl><dl class='gallery-item'>\n\t\t\t<dt class='gallery-icon landscape'>\n\t\t\t\t<a href='http:\/\/commune-loffre.fr\/index.php\/2016\/12\/13\/loffre-mobilise-et-solidaire-pour-le-telethon\/olympus-digital-camera-428\/'><img loading=\"lazy\" decoding=\"async\" width=\"150\" height=\"150\" src=\"http:\/\/commune-loffre.fr\/wp-content\/uploads\/2016\/12\/PC100114-copie-150x150.jpg\" class=\"attachment-thumbnail size-thumbnail\" alt=\"\" srcset=\"http:\/\/commune-loffre.fr\/wp-content\/uploads\/2016\/12\/PC100114-copie-150x150.jpg 150w, http:\/\/commune-loffre.fr\/wp-content\/uploads\/2016\/12\/PC100114-copie-180x180.jpg 180w, http:\/\/commune-loffre.fr\/wp-content\/uploads\/2016\/12\/PC100114-copie-60x60.jpg 60w\" sizes=\"(max-width: 150px) 100vw, 150px\" \/><\/a>\n\t\t\t<\/dt><\/dl><br style=\"clear: both\" \/><dl class='gallery-item'>\n\t\t\t<dt class='gallery-icon landscape'>\n\t\t\t\t<a href='http:\/\/commune-loffre.fr\/index.php\/2016\/12\/13\/loffre-mobilise-et-solidaire-pour-le-telethon\/olympus-digital-camera-429\/'><img loading=\"lazy\" decoding=\"async\" width=\"150\" height=\"150\" src=\"http:\/\/commune-loffre.fr\/wp-content\/uploads\/2016\/12\/PC100115-copie-150x150.jpg\" class=\"attachment-thumbnail size-thumbnail\" alt=\"\" srcset=\"http:\/\/commune-loffre.fr\/wp-content\/uploads\/2016\/12\/PC100115-copie-150x150.jpg 150w, http:\/\/commune-loffre.fr\/wp-content\/uploads\/2016\/12\/PC100115-copie-180x180.jpg 180w, http:\/\/commune-loffre.fr\/wp-content\/uploads\/2016\/12\/PC100115-copie-60x60.jpg 60w\" sizes=\"(max-width: 150px) 100vw, 150px\" \/><\/a>\n\t\t\t<\/dt><\/dl><dl class='gallery-item'>\n\t\t\t<dt class='gallery-icon landscape'>\n\t\t\t\t<a href='http:\/\/commune-loffre.fr\/index.php\/2016\/12\/13\/loffre-mobilise-et-solidaire-pour-le-telethon\/olympus-digital-camera-430\/'><img loading=\"lazy\" decoding=\"async\" width=\"150\" height=\"150\" src=\"http:\/\/commune-loffre.fr\/wp-content\/uploads\/2016\/12\/PC100120-copie-150x150.jpg\" class=\"attachment-thumbnail size-thumbnail\" alt=\"\" srcset=\"http:\/\/commune-loffre.fr\/wp-content\/uploads\/2016\/12\/PC100120-copie-150x150.jpg 150w, http:\/\/commune-loffre.fr\/wp-content\/uploads\/2016\/12\/PC100120-copie-180x180.jpg 180w, http:\/\/commune-loffre.fr\/wp-content\/uploads\/2016\/12\/PC100120-copie-60x60.jpg 60w\" sizes=\"(max-width: 150px) 100vw, 150px\" \/><\/a>\n\t\t\t<\/dt><\/dl><dl class='gallery-item'>\n\t\t\t<dt class='gallery-icon landscape'>\n\t\t\t\t<a href='http:\/\/commune-loffre.fr\/index.php\/2016\/12\/13\/loffre-mobilise-et-solidaire-pour-le-telethon\/olympus-digital-camera-431\/'><img loading=\"lazy\" decoding=\"async\" width=\"150\" height=\"150\" src=\"http:\/\/commune-loffre.fr\/wp-content\/uploads\/2016\/12\/PC100121-copie-150x150.jpg\" class=\"attachment-thumbnail size-thumbnail\" alt=\"\" srcset=\"http:\/\/commune-loffre.fr\/wp-content\/uploads\/2016\/12\/PC100121-copie-150x150.jpg 150w, http:\/\/commune-loffre.fr\/wp-content\/uploads\/2016\/12\/PC100121-copie-180x180.jpg 180w, http:\/\/commune-loffre.fr\/wp-content\/uploads\/2016\/12\/PC100121-copie-60x60.jpg 60w\" sizes=\"(max-width: 150px) 100vw, 150px\" \/><\/a>\n\t\t\t<\/dt><\/dl><dl class='gallery-item'>\n\t\t\t<dt class='gallery-icon landscape'>\n\t\t\t\t<a href='http:\/\/commune-loffre.fr\/index.php\/2016\/12\/13\/loffre-mobilise-et-solidaire-pour-le-telethon\/olympus-digital-camera-432\/'><img loading=\"lazy\" decoding=\"async\" width=\"150\" height=\"150\" src=\"http:\/\/commune-loffre.fr\/wp-content\/uploads\/2016\/12\/PC100122-copie-150x150.jpg\" class=\"attachment-thumbnail size-thumbnail\" alt=\"\" srcset=\"http:\/\/commune-loffre.fr\/wp-content\/uploads\/2016\/12\/PC100122-copie-150x150.jpg 150w, http:\/\/commune-loffre.fr\/wp-content\/uploads\/2016\/12\/PC100122-copie-180x180.jpg 180w, http:\/\/commune-loffre.fr\/wp-content\/uploads\/2016\/12\/PC100122-copie-60x60.jpg 60w\" sizes=\"(max-width: 150px) 100vw, 150px\" \/><\/a>\n\t\t\t<\/dt><\/dl><dl class='gallery-item'>\n\t\t\t<dt class='gallery-icon landscape'>\n\t\t\t\t<a href='http:\/\/commune-loffre.fr\/index.php\/2016\/12\/13\/loffre-mobilise-et-solidaire-pour-le-telethon\/olympus-digital-camera-433\/'><img loading=\"lazy\" decoding=\"async\" width=\"150\" height=\"150\" src=\"http:\/\/commune-loffre.fr\/wp-content\/uploads\/2016\/12\/PC100123-copie-150x150.jpg\" class=\"attachment-thumbnail size-thumbnail\" alt=\"\" srcset=\"http:\/\/commune-loffre.fr\/wp-content\/uploads\/2016\/12\/PC100123-copie-150x150.jpg 150w, http:\/\/commune-loffre.fr\/wp-content\/uploads\/2016\/12\/PC100123-copie-180x180.jpg 180w, http:\/\/commune-loffre.fr\/wp-content\/uploads\/2016\/12\/PC100123-copie-60x60.jpg 60w\" sizes=\"(max-width: 150px) 100vw, 150px\" \/><\/a>\n\t\t\t<\/dt><\/dl><dl class='gallery-item'>\n\t\t\t<dt class='gallery-icon landscape'>\n\t\t\t\t<a href='http:\/\/commune-loffre.fr\/index.php\/2016\/12\/13\/loffre-mobilise-et-solidaire-pour-le-telethon\/olympus-digital-camera-434\/'><img loading=\"lazy\" decoding=\"async\" width=\"150\" height=\"150\" src=\"http:\/\/commune-loffre.fr\/wp-content\/uploads\/2016\/12\/PC100124-copie-150x150.jpg\" class=\"attachment-thumbnail size-thumbnail\" alt=\"\" srcset=\"http:\/\/commune-loffre.fr\/wp-content\/uploads\/2016\/12\/PC100124-copie-150x150.jpg 150w, http:\/\/commune-loffre.fr\/wp-content\/uploads\/2016\/12\/PC100124-copie-180x180.jpg 180w, http:\/\/commune-loffre.fr\/wp-content\/uploads\/2016\/12\/PC100124-copie-60x60.jpg 60w\" sizes=\"(max-width: 150px) 100vw, 150px\" \/><\/a>\n\t\t\t<\/dt><\/dl><br style=\"clear: both\" \/><dl class='gallery-item'>\n\t\t\t<dt class='gallery-icon landscape'>\n\t\t\t\t<a href='http:\/\/commune-loffre.fr\/index.php\/2016\/12\/13\/loffre-mobilise-et-solidaire-pour-le-telethon\/olympus-digital-camera-435\/'><img loading=\"lazy\" decoding=\"async\" width=\"150\" height=\"150\" src=\"http:\/\/commune-loffre.fr\/wp-content\/uploads\/2016\/12\/PC100125-copie-150x150.jpg\" class=\"attachment-thumbnail size-thumbnail\" alt=\"\" srcset=\"http:\/\/commune-loffre.fr\/wp-content\/uploads\/2016\/12\/PC100125-copie-150x150.jpg 150w, http:\/\/commune-loffre.fr\/wp-content\/uploads\/2016\/12\/PC100125-copie-180x180.jpg 180w, http:\/\/commune-loffre.fr\/wp-content\/uploads\/2016\/12\/PC100125-copie-60x60.jpg 60w\" sizes=\"(max-width: 150px) 100vw, 150px\" \/><\/a>\n\t\t\t<\/dt><\/dl><dl class='gallery-item'>\n\t\t\t<dt class='gallery-icon landscape'>\n\t\t\t\t<a href='http:\/\/commune-loffre.fr\/index.php\/2016\/12\/13\/loffre-mobilise-et-solidaire-pour-le-telethon\/olympus-digital-camera-436\/'><img loading=\"lazy\" decoding=\"async\" width=\"150\" height=\"150\" src=\"http:\/\/commune-loffre.fr\/wp-content\/uploads\/2016\/12\/PC100126-copie-150x150.jpg\" class=\"attachment-thumbnail size-thumbnail\" alt=\"\" srcset=\"http:\/\/commune-loffre.fr\/wp-content\/uploads\/2016\/12\/PC100126-copie-150x150.jpg 150w, http:\/\/commune-loffre.fr\/wp-content\/uploads\/2016\/12\/PC100126-copie-180x180.jpg 180w, http:\/\/commune-loffre.fr\/wp-content\/uploads\/2016\/12\/PC100126-copie-60x60.jpg 60w\" sizes=\"(max-width: 150px) 100vw, 150px\" \/><\/a>\n\t\t\t<\/dt><\/dl><dl class='gallery-item'>\n\t\t\t<dt class='gallery-icon landscape'>\n\t\t\t\t<a href='http:\/\/commune-loffre.fr\/index.php\/2016\/12\/13\/loffre-mobilise-et-solidaire-pour-le-telethon\/olympus-digital-camera-437\/'><img loading=\"lazy\" decoding=\"async\" width=\"150\" height=\"150\" src=\"http:\/\/commune-loffre.fr\/wp-content\/uploads\/2016\/12\/PC100127-copie-150x150.jpg\" class=\"attachment-thumbnail size-thumbnail\" alt=\"\" srcset=\"http:\/\/commune-loffre.fr\/wp-content\/uploads\/2016\/12\/PC100127-copie-150x150.jpg 150w, http:\/\/commune-loffre.fr\/wp-content\/uploads\/2016\/12\/PC100127-copie-180x180.jpg 180w, http:\/\/commune-loffre.fr\/wp-content\/uploads\/2016\/12\/PC100127-copie-60x60.jpg 60w\" sizes=\"(max-width: 150px) 100vw, 150px\" \/><\/a>\n\t\t\t<\/dt><\/dl><dl class='gallery-item'>\n\t\t\t<dt class='gallery-icon landscape'>\n\t\t\t\t<a href='http:\/\/commune-loffre.fr\/index.php\/2016\/12\/13\/loffre-mobilise-et-solidaire-pour-le-telethon\/olympus-digital-camera-438\/'><img loading=\"lazy\" decoding=\"async\" width=\"150\" height=\"150\" src=\"http:\/\/commune-loffre.fr\/wp-content\/uploads\/2016\/12\/PC100128-copie-150x150.jpg\" class=\"attachment-thumbnail size-thumbnail\" alt=\"\" srcset=\"http:\/\/commune-loffre.fr\/wp-content\/uploads\/2016\/12\/PC100128-copie-150x150.jpg 150w, http:\/\/commune-loffre.fr\/wp-content\/uploads\/2016\/12\/PC100128-copie-180x180.jpg 180w, http:\/\/commune-loffre.fr\/wp-content\/uploads\/2016\/12\/PC100128-copie-60x60.jpg 60w\" sizes=\"(max-width: 150px) 100vw, 150px\" \/><\/a>\n\t\t\t<\/dt><\/dl><dl class='gallery-item'>\n\t\t\t<dt class='gallery-icon landscape'>\n\t\t\t\t<a href='http:\/\/commune-loffre.fr\/index.php\/2016\/12\/13\/loffre-mobilise-et-solidaire-pour-le-telethon\/olympus-digital-camera-439\/'><img loading=\"lazy\" decoding=\"async\" width=\"150\" height=\"150\" src=\"http:\/\/commune-loffre.fr\/wp-content\/uploads\/2016\/12\/PC100129-copie-150x150.jpg\" class=\"attachment-thumbnail size-thumbnail\" alt=\"\" srcset=\"http:\/\/commune-loffre.fr\/wp-content\/uploads\/2016\/12\/PC100129-copie-150x150.jpg 150w, http:\/\/commune-loffre.fr\/wp-content\/uploads\/2016\/12\/PC100129-copie-180x180.jpg 180w, http:\/\/commune-loffre.fr\/wp-content\/uploads\/2016\/12\/PC100129-copie-60x60.jpg 60w\" sizes=\"(max-width: 150px) 100vw, 150px\" \/><\/a>\n\t\t\t<\/dt><\/dl><dl class='gallery-item'>\n\t\t\t<dt class='gallery-icon landscape'>\n\t\t\t\t<a href='http:\/\/commune-loffre.fr\/index.php\/2016\/12\/13\/loffre-mobilise-et-solidaire-pour-le-telethon\/olympus-digital-camera-440\/'><img loading=\"lazy\" decoding=\"async\" width=\"150\" height=\"150\" src=\"http:\/\/commune-loffre.fr\/wp-content\/uploads\/2016\/12\/PC100130-copie-150x150.jpg\" class=\"attachment-thumbnail size-thumbnail\" alt=\"\" srcset=\"http:\/\/commune-loffre.fr\/wp-content\/uploads\/2016\/12\/PC100130-copie-150x150.jpg 150w, http:\/\/commune-loffre.fr\/wp-content\/uploads\/2016\/12\/PC100130-copie-180x180.jpg 180w, http:\/\/commune-loffre.fr\/wp-content\/uploads\/2016\/12\/PC100130-copie-60x60.jpg 60w\" sizes=\"(max-width: 150px) 100vw, 150px\" \/><\/a>\n\t\t\t<\/dt><\/dl><br style=\"clear: both\" \/><dl class='gallery-item'>\n\t\t\t<dt class='gallery-icon landscape'>\n\t\t\t\t<a href='http:\/\/commune-loffre.fr\/index.php\/2016\/12\/13\/loffre-mobilise-et-solidaire-pour-le-telethon\/olympus-digital-camera-441\/'><img loading=\"lazy\" decoding=\"async\" width=\"150\" height=\"150\" src=\"http:\/\/commune-loffre.fr\/wp-content\/uploads\/2016\/12\/PC100131-copie-150x150.jpg\" class=\"attachment-thumbnail size-thumbnail\" alt=\"\" srcset=\"http:\/\/commune-loffre.fr\/wp-content\/uploads\/2016\/12\/PC100131-copie-150x150.jpg 150w, http:\/\/commune-loffre.fr\/wp-content\/uploads\/2016\/12\/PC100131-copie-180x180.jpg 180w, http:\/\/commune-loffre.fr\/wp-content\/uploads\/2016\/12\/PC100131-copie-60x60.jpg 60w\" sizes=\"(max-width: 150px) 100vw, 150px\" \/><\/a>\n\t\t\t<\/dt><\/dl><dl class='gallery-item'>\n\t\t\t<dt class='gallery-icon landscape'>\n\t\t\t\t<a href='http:\/\/commune-loffre.fr\/index.php\/2016\/12\/13\/loffre-mobilise-et-solidaire-pour-le-telethon\/olympus-digital-camera-442\/'><img loading=\"lazy\" decoding=\"async\" width=\"150\" height=\"150\" src=\"http:\/\/commune-loffre.fr\/wp-content\/uploads\/2016\/12\/PC100132-copie-150x150.jpg\" class=\"attachment-thumbnail size-thumbnail\" alt=\"\" srcset=\"http:\/\/commune-loffre.fr\/wp-content\/uploads\/2016\/12\/PC100132-copie-150x150.jpg 150w, http:\/\/commune-loffre.fr\/wp-content\/uploads\/2016\/12\/PC100132-copie-180x180.jpg 180w, http:\/\/commune-loffre.fr\/wp-content\/uploads\/2016\/12\/PC100132-copie-60x60.jpg 60w\" sizes=\"(max-width: 150px) 100vw, 150px\" \/><\/a>\n\t\t\t<\/dt><\/dl><dl class='gallery-item'>\n\t\t\t<dt class='gallery-icon landscape'>\n\t\t\t\t<a href='http:\/\/commune-loffre.fr\/index.php\/2016\/12\/13\/loffre-mobilise-et-solidaire-pour-le-telethon\/olympus-digital-camera-443\/'><img loading=\"lazy\" decoding=\"async\" width=\"150\" height=\"150\" src=\"http:\/\/commune-loffre.fr\/wp-content\/uploads\/2016\/12\/PC100133-copie-150x150.jpg\" class=\"attachment-thumbnail size-thumbnail\" alt=\"\" srcset=\"http:\/\/commune-loffre.fr\/wp-content\/uploads\/2016\/12\/PC100133-copie-150x150.jpg 150w, http:\/\/commune-loffre.fr\/wp-content\/uploads\/2016\/12\/PC100133-copie-180x180.jpg 180w, http:\/\/commune-loffre.fr\/wp-content\/uploads\/2016\/12\/PC100133-copie-60x60.jpg 60w\" sizes=\"(max-width: 150px) 100vw, 150px\" \/><\/a>\n\t\t\t<\/dt><\/dl><dl class='gallery-item'>\n\t\t\t<dt class='gallery-icon landscape'>\n\t\t\t\t<a href='http:\/\/commune-loffre.fr\/index.php\/2016\/12\/13\/loffre-mobilise-et-solidaire-pour-le-telethon\/olympus-digital-camera-444\/'><img loading=\"lazy\" decoding=\"async\" width=\"150\" height=\"150\" src=\"http:\/\/commune-loffre.fr\/wp-content\/uploads\/2016\/12\/PC100134-copie-150x150.jpg\" class=\"attachment-thumbnail size-thumbnail\" alt=\"\" srcset=\"http:\/\/commune-loffre.fr\/wp-content\/uploads\/2016\/12\/PC100134-copie-150x150.jpg 150w, http:\/\/commune-loffre.fr\/wp-content\/uploads\/2016\/12\/PC100134-copie-180x180.jpg 180w, http:\/\/commune-loffre.fr\/wp-content\/uploads\/2016\/12\/PC100134-copie-60x60.jpg 60w\" sizes=\"(max-width: 150px) 100vw, 150px\" \/><\/a>\n\t\t\t<\/dt><\/dl><dl class='gallery-item'>\n\t\t\t<dt class='gallery-icon landscape'>\n\t\t\t\t<a href='http:\/\/commune-loffre.fr\/index.php\/2016\/12\/13\/loffre-mobilise-et-solidaire-pour-le-telethon\/olympus-digital-camera-445\/'><img loading=\"lazy\" decoding=\"async\" width=\"150\" height=\"150\" src=\"http:\/\/commune-loffre.fr\/wp-content\/uploads\/2016\/12\/PC100135-copie-150x150.jpg\" class=\"attachment-thumbnail size-thumbnail\" alt=\"\" srcset=\"http:\/\/commune-loffre.fr\/wp-content\/uploads\/2016\/12\/PC100135-copie-150x150.jpg 150w, http:\/\/commune-loffre.fr\/wp-content\/uploads\/2016\/12\/PC100135-copie-180x180.jpg 180w, http:\/\/commune-loffre.fr\/wp-content\/uploads\/2016\/12\/PC100135-copie-60x60.jpg 60w\" sizes=\"(max-width: 150px) 100vw, 150px\" \/><\/a>\n\t\t\t<\/dt><\/dl><dl class='gallery-item'>\n\t\t\t<dt class='gallery-icon landscape'>\n\t\t\t\t<a href='http:\/\/commune-loffre.fr\/index.php\/2016\/12\/13\/loffre-mobilise-et-solidaire-pour-le-telethon\/olympus-digital-camera-446\/'><img loading=\"lazy\" decoding=\"async\" width=\"150\" height=\"150\" src=\"http:\/\/commune-loffre.fr\/wp-content\/uploads\/2016\/12\/PC100136-copie-150x150.jpg\" class=\"attachment-thumbnail size-thumbnail\" alt=\"\" srcset=\"http:\/\/commune-loffre.fr\/wp-content\/uploads\/2016\/12\/PC100136-copie-150x150.jpg 150w, http:\/\/commune-loffre.fr\/wp-content\/uploads\/2016\/12\/PC100136-copie-180x180.jpg 180w, http:\/\/commune-loffre.fr\/wp-content\/uploads\/2016\/12\/PC100136-copie-60x60.jpg 60w\" sizes=\"(max-width: 150px) 100vw, 150px\" \/><\/a>\n\t\t\t<\/dt><\/dl><br style=\"clear: both\" \/><dl class='gallery-item'>\n\t\t\t<dt class='gallery-icon landscape'>\n\t\t\t\t<a href='http:\/\/commune-loffre.fr\/index.php\/2016\/12\/13\/loffre-mobilise-et-solidaire-pour-le-telethon\/olympus-digital-camera-447\/'><img loading=\"lazy\" decoding=\"async\" width=\"150\" height=\"150\" src=\"http:\/\/commune-loffre.fr\/wp-content\/uploads\/2016\/12\/PC100137-copie-150x150.jpg\" class=\"attachment-thumbnail size-thumbnail\" alt=\"\" srcset=\"http:\/\/commune-loffre.fr\/wp-content\/uploads\/2016\/12\/PC100137-copie-150x150.jpg 150w, http:\/\/commune-loffre.fr\/wp-content\/uploads\/2016\/12\/PC100137-copie-180x180.jpg 180w, http:\/\/commune-loffre.fr\/wp-content\/uploads\/2016\/12\/PC100137-copie-60x60.jpg 60w\" sizes=\"(max-width: 150px) 100vw, 150px\" \/><\/a>\n\t\t\t<\/dt><\/dl><dl class='gallery-item'>\n\t\t\t<dt class='gallery-icon landscape'>\n\t\t\t\t<a href='http:\/\/commune-loffre.fr\/index.php\/2016\/12\/13\/loffre-mobilise-et-solidaire-pour-le-telethon\/olympus-digital-camera-448\/'><img loading=\"lazy\" decoding=\"async\" width=\"150\" height=\"150\" src=\"http:\/\/commune-loffre.fr\/wp-content\/uploads\/2016\/12\/PC100138-copie-150x150.jpg\" class=\"attachment-thumbnail size-thumbnail\" alt=\"\" srcset=\"http:\/\/commune-loffre.fr\/wp-content\/uploads\/2016\/12\/PC100138-copie-150x150.jpg 150w, http:\/\/commune-loffre.fr\/wp-content\/uploads\/2016\/12\/PC100138-copie-180x180.jpg 180w, http:\/\/commune-loffre.fr\/wp-content\/uploads\/2016\/12\/PC100138-copie-60x60.jpg 60w\" sizes=\"(max-width: 150px) 100vw, 150px\" \/><\/a>\n\t\t\t<\/dt><\/dl>\n\t\t\t<br style='clear: both' \/>\n\t\t<\/div>\n\n<p>Ensuite, \u00e0 19 heures \u00e0 l\u2019\u00e9glise Saint Roch de Loffre s\u2019est d\u00e9roul\u00e9 un concert offert gratuitement par les 31 choristes de la \u00ab\u00a0la Tarentelle\u00a0\u00bb de Bugnicourt, chorale dirig\u00e9e par son chef de ch\u0153ur Madame Nadine Biernaczyk et \u00ab\u00a0C\u0153urs en Ch\u0153ur\u00a0\u00bb de Pecquencourt, 15 choristes, sous la direction de Madame Gwendoline Lecron. \u00c0 noter que pour cette derni\u00e8re, c&rsquo;\u00e9tait la premi\u00e8re fois qu&rsquo;elle dirigeait le ch\u0153ur en concert et la deuxi\u00e8me fois seulement qu\u2019elle travaillait avec la chorale. Le public venu nombreux a pu profiter de la qualit\u00e9 des chants des choristes. La chorale \u00ab\u00a0la Tarentelle\u00a0\u00bb a propos\u00e9\u00a0des chants d\u2019origine slave tandis que C\u0153urs en Ch\u0153ur proposa un registre plus contemporain avec des chants issus de la vari\u00e9t\u00e9. Le public a \u00e9t\u00e9 conquis par la qualit\u00e9 des chants et pour conclure cette soir\u00e9e de solidarit\u00e9, un moment de convivialit\u00e9 a \u00e9t\u00e9 partag\u00e9 au foyer rural.<\/p>\n<p>La commune remercie l\u2019ensemble des associations, les habitants et les chorales \u00ab\u00a0la Tarentelle\u00a0\u00bb de Bugnicourt et \u00ab\u00a0C\u0153ur en Ch\u0153ur\u00a0\u00bb de Pecquencourt pour leur participation.<\/p>\n","protected":false},"excerpt":{"rendered":"<p>Comme l\u2019an dernier, la commune de Loffre, les associations et les habitants se sont mobilis\u00e9s pour agir pour le T\u00e9l\u00e9thon 2016. Ainsi, le Samedi 10 D\u00e9cembre \u00e0 17 heures, avait&#8230; <a href=\"http:\/\/commune-loffre.fr\/index.php\/2016\/12\/13\/loffre-mobilise-et-solidaire-pour-le-telethon\/\">Read more &raquo;<\/a><\/p>\n","protected":false},"author":1,"featured_media":0,"comment_status":"closed","ping_status":"closed","sticky":false,"template":"","format":"standard","meta":{"footnotes":""},"categories":[10,19],"tags":[],"_links":{"self":[{"href":"http:\/\/commune-loffre.fr\/index.php\/wp-json\/wp\/v2\/posts\/1532"}],"collection":[{"href":"http:\/\/commune-loffre.fr\/index.php\/wp-json\/wp\/v2\/posts"}],"about":[{"href":"http:\/\/commune-loffre.fr\/index.php\/wp-json\/wp\/v2\/types\/post"}],"author":[{"embeddable":true,"href":"http:\/\/commune-loffre.fr\/index.php\/wp-json\/wp\/v2\/users\/1"}],"replies":[{"embeddable":true,"href":"http:\/\/commune-loffre.fr\/index.php\/wp-json\/wp\/v2\/comments?post=1532"}],"version-history":[{"count":3,"href":"http:\/\/commune-loffre.fr\/index.php\/wp-json\/wp\/v2\/posts\/1532\/revisions"}],"predecessor-version":[{"id":1562,"href":"http:\/\/commune-loffre.fr\/index.php\/wp-json\/wp\/v2\/posts\/1532\/revisions\/1562"}],"wp:attachment":[{"href":"http:\/\/commune-loffre.fr\/index.php\/wp-json\/wp\/v2\/media?parent=1532"}],"wp:term":[{"taxonomy":"category","embeddable":true,"href":"http:\/\/commune-loffre.fr\/index.php\/wp-json\/wp\/v2\/categories?post=1532"},{"taxonomy":"post_tag","embeddable":true,"href":"http:\/\/commune-loffre.fr\/index.php\/wp-json\/wp\/v2\/tags?post=1532"}],"curies":[{"name":"wp","href":"https:\/\/api.w.org\/{rel}","templated":true}]}}