{"id":1454,"date":"2016-11-28T11:21:15","date_gmt":"2016-11-28T10:21:15","guid":{"rendered":"http:\/\/commune-loffre.fr\/?p=1454"},"modified":"2016-11-28T11:22:32","modified_gmt":"2016-11-28T10:22:32","slug":"un-nouvel-espace-culturel","status":"publish","type":"post","link":"http:\/\/commune-loffre.fr\/index.php\/2016\/11\/28\/un-nouvel-espace-culturel\/","title":{"rendered":"Un nouvel Espace Culturel"},"content":{"rendered":"\n\t\t<style type=\"text\/css\">\n\t\t\t#gallery-1 {\n\t\t\t\tmargin: auto;\n\t\t\t}\n\t\t\t#gallery-1 .gallery-item {\n\t\t\t\tfloat: left;\n\t\t\t\tmargin-top: 10px;\n\t\t\t\ttext-align: center;\n\t\t\t\twidth: 33%;\n\t\t\t}\n\t\t\t#gallery-1 img {\n\t\t\t\tborder: 2px solid #cfcfcf;\n\t\t\t}\n\t\t\t#gallery-1 .gallery-caption {\n\t\t\t\tmargin-left: 0;\n\t\t\t}\n\t\t\t\/* see gallery_shortcode() in wp-includes\/media.php *\/\n\t\t<\/style>\n\t\t<div id='gallery-1' class='gallery galleryid-1454 gallery-columns-3 gallery-size-thumbnail'><dl class='gallery-item'>\n\t\t\t<dt class='gallery-icon portrait'>\n\t\t\t\t<a href='http:\/\/commune-loffre.fr\/index.php\/2016\/11\/28\/un-nouvel-espace-culturel\/kodak-digital-still-camera-12\/'><img loading=\"lazy\" decoding=\"async\" width=\"150\" height=\"150\" src=\"http:\/\/commune-loffre.fr\/wp-content\/uploads\/2016\/11\/Espace-Culturel-1-150x150.jpg\" class=\"attachment-thumbnail size-thumbnail\" alt=\"\" srcset=\"http:\/\/commune-loffre.fr\/wp-content\/uploads\/2016\/11\/Espace-Culturel-1-150x150.jpg 150w, http:\/\/commune-loffre.fr\/wp-content\/uploads\/2016\/11\/Espace-Culturel-1-180x180.jpg 180w, http:\/\/commune-loffre.fr\/wp-content\/uploads\/2016\/11\/Espace-Culturel-1-60x60.jpg 60w\" sizes=\"(max-width: 150px) 100vw, 150px\" \/><\/a>\n\t\t\t<\/dt><\/dl><dl class='gallery-item'>\n\t\t\t<dt class='gallery-icon portrait'>\n\t\t\t\t<a href='http:\/\/commune-loffre.fr\/index.php\/2016\/11\/28\/un-nouvel-espace-culturel\/kodak-digital-still-camera-13\/'><img loading=\"lazy\" decoding=\"async\" width=\"150\" height=\"150\" src=\"http:\/\/commune-loffre.fr\/wp-content\/uploads\/2016\/11\/Espace-Culturel-2-150x150.jpg\" class=\"attachment-thumbnail size-thumbnail\" alt=\"\" srcset=\"http:\/\/commune-loffre.fr\/wp-content\/uploads\/2016\/11\/Espace-Culturel-2-150x150.jpg 150w, http:\/\/commune-loffre.fr\/wp-content\/uploads\/2016\/11\/Espace-Culturel-2-180x180.jpg 180w, http:\/\/commune-loffre.fr\/wp-content\/uploads\/2016\/11\/Espace-Culturel-2-60x60.jpg 60w\" sizes=\"(max-width: 150px) 100vw, 150px\" \/><\/a>\n\t\t\t<\/dt><\/dl><dl class='gallery-item'>\n\t\t\t<dt class='gallery-icon landscape'>\n\t\t\t\t<a href='http:\/\/commune-loffre.fr\/index.php\/2016\/11\/28\/un-nouvel-espace-culturel\/kodak-digital-still-camera-14\/'><img loading=\"lazy\" decoding=\"async\" width=\"150\" height=\"150\" src=\"http:\/\/commune-loffre.fr\/wp-content\/uploads\/2016\/11\/Espace-Culturel-3-150x150.jpg\" class=\"attachment-thumbnail size-thumbnail\" alt=\"\" srcset=\"http:\/\/commune-loffre.fr\/wp-content\/uploads\/2016\/11\/Espace-Culturel-3-150x150.jpg 150w, http:\/\/commune-loffre.fr\/wp-content\/uploads\/2016\/11\/Espace-Culturel-3-180x180.jpg 180w, http:\/\/commune-loffre.fr\/wp-content\/uploads\/2016\/11\/Espace-Culturel-3-60x60.jpg 60w\" sizes=\"(max-width: 150px) 100vw, 150px\" \/><\/a>\n\t\t\t<\/dt><\/dl><br style=\"clear: both\" \/>\n\t\t<\/div>\n\n<p>Pour toujours profiter de lectures, un nouveau lieu d\u2019\u00e9change culturel a \u00e9t\u00e9 mis en place dans la commune. En effet, la cabine t\u00e9l\u00e9phonique, \u00e0 proximit\u00e9 de la mairie, a \u00e9t\u00e9 mise hors service par la soci\u00e9t\u00e9 Orange et a \u00e9t\u00e9 reprise par la commune pour servir de biblioth\u00e8que. Des rayonnages ont donc \u00e9t\u00e9 install\u00e9s pour permettre au public d\u2019y d\u00e9poser des livres et \/ ou magazines et \u00e0 d\u2019autres de les emprunter.<\/p>\n","protected":false},"excerpt":{"rendered":"<p>Pour toujours profiter de lectures, un nouveau lieu d\u2019\u00e9change culturel a \u00e9t\u00e9 mis en place dans la commune. En effet, la cabine t\u00e9l\u00e9phonique, \u00e0 proximit\u00e9 de la mairie, a \u00e9t\u00e9&#8230; <a href=\"http:\/\/commune-loffre.fr\/index.php\/2016\/11\/28\/un-nouvel-espace-culturel\/\">Read more &raquo;<\/a><\/p>\n","protected":false},"author":1,"featured_media":0,"comment_status":"closed","ping_status":"closed","sticky":false,"template":"","format":"standard","meta":{"footnotes":""},"categories":[18,4],"tags":[],"_links":{"self":[{"href":"http:\/\/commune-loffre.fr\/index.php\/wp-json\/wp\/v2\/posts\/1454"}],"collection":[{"href":"http:\/\/commune-loffre.fr\/index.php\/wp-json\/wp\/v2\/posts"}],"about":[{"href":"http:\/\/commune-loffre.fr\/index.php\/wp-json\/wp\/v2\/types\/post"}],"author":[{"embeddable":true,"href":"http:\/\/commune-loffre.fr\/index.php\/wp-json\/wp\/v2\/users\/1"}],"replies":[{"embeddable":true,"href":"http:\/\/commune-loffre.fr\/index.php\/wp-json\/wp\/v2\/comments?post=1454"}],"version-history":[{"count":2,"href":"http:\/\/commune-loffre.fr\/index.php\/wp-json\/wp\/v2\/posts\/1454\/revisions"}],"predecessor-version":[{"id":1459,"href":"http:\/\/commune-loffre.fr\/index.php\/wp-json\/wp\/v2\/posts\/1454\/revisions\/1459"}],"wp:attachment":[{"href":"http:\/\/commune-loffre.fr\/index.php\/wp-json\/wp\/v2\/media?parent=1454"}],"wp:term":[{"taxonomy":"category","embeddable":true,"href":"http:\/\/commune-loffre.fr\/index.php\/wp-json\/wp\/v2\/categories?post=1454"},{"taxonomy":"post_tag","embeddable":true,"href":"http:\/\/commune-loffre.fr\/index.php\/wp-json\/wp\/v2\/tags?post=1454"}],"curies":[{"name":"wp","href":"https:\/\/api.w.org\/{rel}","templated":true}]}}