{"id":1442,"date":"2016-11-21T08:49:50","date_gmt":"2016-11-21T07:49:50","guid":{"rendered":"http:\/\/commune-loffre.fr\/?p=1442"},"modified":"2016-11-21T08:52:20","modified_gmt":"2016-11-21T07:52:20","slug":"accueil-des-nouveaux-habitants","status":"publish","type":"post","link":"http:\/\/commune-loffre.fr\/index.php\/2016\/11\/21\/accueil-des-nouveaux-habitants\/","title":{"rendered":"Accueil des nouveaux habitants"},"content":{"rendered":"<p>Le Samedi 19 Novembre 2016 au Foyer Rural, Monsieur le Maire, le conseil municipal et des repr\u00e9sentants du milieu associatif ont eu le plaisir d\u2019accueillir huit nouvelles familles install\u00e9es dans la commune et quatre b\u00e9b\u00e9s n\u00e9s entre Novembre 2015 et Novembre 2016. Cette c\u00e9r\u00e9monie, maintenant traditionnelle, s\u2019inscrit dans une d\u00e9marche d\u2019hospitalit\u00e9 et de convivialit\u00e9.<\/p>\n\n\t\t<style type=\"text\/css\">\n\t\t\t#gallery-1 {\n\t\t\t\tmargin: auto;\n\t\t\t}\n\t\t\t#gallery-1 .gallery-item {\n\t\t\t\tfloat: left;\n\t\t\t\tmargin-top: 10px;\n\t\t\t\ttext-align: center;\n\t\t\t\twidth: 14%;\n\t\t\t}\n\t\t\t#gallery-1 img {\n\t\t\t\tborder: 2px solid #cfcfcf;\n\t\t\t}\n\t\t\t#gallery-1 .gallery-caption {\n\t\t\t\tmargin-left: 0;\n\t\t\t}\n\t\t\t\/* see gallery_shortcode() in wp-includes\/media.php *\/\n\t\t<\/style>\n\t\t<div id='gallery-1' class='gallery galleryid-1442 gallery-columns-7 gallery-size-thumbnail'><dl class='gallery-item'>\n\t\t\t<dt class='gallery-icon landscape'>\n\t\t\t\t<a href='http:\/\/commune-loffre.fr\/index.php\/2016\/11\/21\/accueil-des-nouveaux-habitants\/olympus-digital-camera-371\/'><img loading=\"lazy\" decoding=\"async\" width=\"150\" height=\"150\" src=\"http:\/\/commune-loffre.fr\/wp-content\/uploads\/2016\/11\/Nouveaux-Arrivants-2016-5-150x150.jpg\" class=\"attachment-thumbnail size-thumbnail\" alt=\"\" srcset=\"http:\/\/commune-loffre.fr\/wp-content\/uploads\/2016\/11\/Nouveaux-Arrivants-2016-5-150x150.jpg 150w, http:\/\/commune-loffre.fr\/wp-content\/uploads\/2016\/11\/Nouveaux-Arrivants-2016-5-180x180.jpg 180w, http:\/\/commune-loffre.fr\/wp-content\/uploads\/2016\/11\/Nouveaux-Arrivants-2016-5-60x60.jpg 60w\" sizes=\"(max-width: 150px) 100vw, 150px\" \/><\/a>\n\t\t\t<\/dt><\/dl><dl class='gallery-item'>\n\t\t\t<dt class='gallery-icon landscape'>\n\t\t\t\t<a href='http:\/\/commune-loffre.fr\/index.php\/2016\/11\/21\/accueil-des-nouveaux-habitants\/nouveaux-arrivants-2016-3\/'><img loading=\"lazy\" decoding=\"async\" width=\"150\" height=\"150\" src=\"http:\/\/commune-loffre.fr\/wp-content\/uploads\/2016\/11\/Nouveaux-Arrivants-2016-3-150x150.jpg\" class=\"attachment-thumbnail size-thumbnail\" alt=\"\" srcset=\"http:\/\/commune-loffre.fr\/wp-content\/uploads\/2016\/11\/Nouveaux-Arrivants-2016-3-150x150.jpg 150w, http:\/\/commune-loffre.fr\/wp-content\/uploads\/2016\/11\/Nouveaux-Arrivants-2016-3-180x180.jpg 180w, http:\/\/commune-loffre.fr\/wp-content\/uploads\/2016\/11\/Nouveaux-Arrivants-2016-3-60x60.jpg 60w\" sizes=\"(max-width: 150px) 100vw, 150px\" \/><\/a>\n\t\t\t<\/dt><\/dl><dl class='gallery-item'>\n\t\t\t<dt class='gallery-icon portrait'>\n\t\t\t\t<a href='http:\/\/commune-loffre.fr\/index.php\/2016\/11\/21\/accueil-des-nouveaux-habitants\/olympus-digital-camera-370\/'><img loading=\"lazy\" decoding=\"async\" width=\"150\" height=\"150\" src=\"http:\/\/commune-loffre.fr\/wp-content\/uploads\/2016\/11\/Nouveaux-Arrivants-2016-4-150x150.jpg\" class=\"attachment-thumbnail size-thumbnail\" alt=\"\" srcset=\"http:\/\/commune-loffre.fr\/wp-content\/uploads\/2016\/11\/Nouveaux-Arrivants-2016-4-150x150.jpg 150w, http:\/\/commune-loffre.fr\/wp-content\/uploads\/2016\/11\/Nouveaux-Arrivants-2016-4-180x180.jpg 180w, http:\/\/commune-loffre.fr\/wp-content\/uploads\/2016\/11\/Nouveaux-Arrivants-2016-4-60x60.jpg 60w\" sizes=\"(max-width: 150px) 100vw, 150px\" \/><\/a>\n\t\t\t<\/dt><\/dl><dl class='gallery-item'>\n\t\t\t<dt class='gallery-icon landscape'>\n\t\t\t\t<a href='http:\/\/commune-loffre.fr\/index.php\/2016\/11\/21\/accueil-des-nouveaux-habitants\/nouveaux-arrivants-2016-1\/'><img loading=\"lazy\" decoding=\"async\" width=\"150\" height=\"150\" src=\"http:\/\/commune-loffre.fr\/wp-content\/uploads\/2016\/11\/Nouveaux-Arrivants-2016-1-150x150.jpg\" class=\"attachment-thumbnail size-thumbnail\" alt=\"\" srcset=\"http:\/\/commune-loffre.fr\/wp-content\/uploads\/2016\/11\/Nouveaux-Arrivants-2016-1-150x150.jpg 150w, http:\/\/commune-loffre.fr\/wp-content\/uploads\/2016\/11\/Nouveaux-Arrivants-2016-1-180x180.jpg 180w, http:\/\/commune-loffre.fr\/wp-content\/uploads\/2016\/11\/Nouveaux-Arrivants-2016-1-60x60.jpg 60w\" sizes=\"(max-width: 150px) 100vw, 150px\" \/><\/a>\n\t\t\t<\/dt><\/dl><dl class='gallery-item'>\n\t\t\t<dt class='gallery-icon landscape'>\n\t\t\t\t<a href='http:\/\/commune-loffre.fr\/index.php\/2016\/11\/21\/accueil-des-nouveaux-habitants\/nouveaux-arrivants-2016-2\/'><img loading=\"lazy\" decoding=\"async\" width=\"150\" height=\"150\" src=\"http:\/\/commune-loffre.fr\/wp-content\/uploads\/2016\/11\/Nouveaux-Arrivants-2016-2-150x150.jpg\" class=\"attachment-thumbnail size-thumbnail\" alt=\"\" srcset=\"http:\/\/commune-loffre.fr\/wp-content\/uploads\/2016\/11\/Nouveaux-Arrivants-2016-2-150x150.jpg 150w, http:\/\/commune-loffre.fr\/wp-content\/uploads\/2016\/11\/Nouveaux-Arrivants-2016-2-180x180.jpg 180w, http:\/\/commune-loffre.fr\/wp-content\/uploads\/2016\/11\/Nouveaux-Arrivants-2016-2-60x60.jpg 60w\" sizes=\"(max-width: 150px) 100vw, 150px\" \/><\/a>\n\t\t\t<\/dt><\/dl><dl class='gallery-item'>\n\t\t\t<dt class='gallery-icon landscape'>\n\t\t\t\t<a href='http:\/\/commune-loffre.fr\/index.php\/2016\/11\/21\/accueil-des-nouveaux-habitants\/olympus-digital-camera-372\/'><img loading=\"lazy\" decoding=\"async\" width=\"150\" height=\"150\" src=\"http:\/\/commune-loffre.fr\/wp-content\/uploads\/2016\/11\/Nouveaux-Arrivants-2016-6-150x150.jpg\" class=\"attachment-thumbnail size-thumbnail\" alt=\"\" srcset=\"http:\/\/commune-loffre.fr\/wp-content\/uploads\/2016\/11\/Nouveaux-Arrivants-2016-6-150x150.jpg 150w, http:\/\/commune-loffre.fr\/wp-content\/uploads\/2016\/11\/Nouveaux-Arrivants-2016-6-180x180.jpg 180w, http:\/\/commune-loffre.fr\/wp-content\/uploads\/2016\/11\/Nouveaux-Arrivants-2016-6-60x60.jpg 60w\" sizes=\"(max-width: 150px) 100vw, 150px\" \/><\/a>\n\t\t\t<\/dt><\/dl><dl class='gallery-item'>\n\t\t\t<dt class='gallery-icon landscape'>\n\t\t\t\t<a href='http:\/\/commune-loffre.fr\/index.php\/2016\/11\/21\/accueil-des-nouveaux-habitants\/olympus-digital-camera-373\/'><img loading=\"lazy\" decoding=\"async\" width=\"150\" height=\"150\" src=\"http:\/\/commune-loffre.fr\/wp-content\/uploads\/2016\/11\/Nouveaux-Arrivants-2016-7-150x150.jpg\" class=\"attachment-thumbnail size-thumbnail\" alt=\"\" srcset=\"http:\/\/commune-loffre.fr\/wp-content\/uploads\/2016\/11\/Nouveaux-Arrivants-2016-7-150x150.jpg 150w, http:\/\/commune-loffre.fr\/wp-content\/uploads\/2016\/11\/Nouveaux-Arrivants-2016-7-180x180.jpg 180w, http:\/\/commune-loffre.fr\/wp-content\/uploads\/2016\/11\/Nouveaux-Arrivants-2016-7-60x60.jpg 60w\" sizes=\"(max-width: 150px) 100vw, 150px\" \/><\/a>\n\t\t\t<\/dt><\/dl><br style=\"clear: both\" \/>\n\t\t<\/div>\n\n<p>Monsieur le Maire pr\u00e9senta la commune de Loffre, village \u00e0 taille humaine o\u00f9 il fait bon vivre avec un environnement paysager tr\u00e8s agr\u00e9able. Il pr\u00e9senta \u00e9galement les atouts de notre commune, son \u00e9cole avec sa garderie, sa cantine et les TAP. Monsieur le Maire indiqua \u00e9galement que le village \u00e9tait dot\u00e9 d\u2019un tissu associatif tr\u00e8s dynamique. Il laissa, ensuite, la parole aux membres des associations pr\u00e9sentes \u00e0 cette c\u00e9r\u00e9monie pour exposer l\u2019activit\u00e9 de leur association.<\/p>\n<p>Monsieur le Maire et le conseil municipal ont donc souhait\u00e9 officiellement, et surtout tr\u00e8s chaleureusement, la bienvenue \u00e0 LOFFRE !<\/p>\n<p>Pour cl\u00f4turer cette soir\u00e9e, des cadeaux ont \u00e9t\u00e9 offerts par la municipalit\u00e9 aux b\u00e9b\u00e9s et les convives ont profit\u00e9 d\u2019un cocktail pour continuer \u00e0 faire connaissance.<\/p>\n","protected":false},"excerpt":{"rendered":"<p>Le Samedi 19 Novembre 2016 au Foyer Rural, Monsieur le Maire, le conseil municipal et des repr\u00e9sentants du milieu associatif ont eu le plaisir d\u2019accueillir huit nouvelles familles install\u00e9es dans&#8230; <a href=\"http:\/\/commune-loffre.fr\/index.php\/2016\/11\/21\/accueil-des-nouveaux-habitants\/\">Read more &raquo;<\/a><\/p>\n","protected":false},"author":1,"featured_media":0,"comment_status":"closed","ping_status":"closed","sticky":false,"template":"","format":"standard","meta":{"footnotes":""},"categories":[10,7],"tags":[],"_links":{"self":[{"href":"http:\/\/commune-loffre.fr\/index.php\/wp-json\/wp\/v2\/posts\/1442"}],"collection":[{"href":"http:\/\/commune-loffre.fr\/index.php\/wp-json\/wp\/v2\/posts"}],"about":[{"href":"http:\/\/commune-loffre.fr\/index.php\/wp-json\/wp\/v2\/types\/post"}],"author":[{"embeddable":true,"href":"http:\/\/commune-loffre.fr\/index.php\/wp-json\/wp\/v2\/users\/1"}],"replies":[{"embeddable":true,"href":"http:\/\/commune-loffre.fr\/index.php\/wp-json\/wp\/v2\/comments?post=1442"}],"version-history":[{"count":4,"href":"http:\/\/commune-loffre.fr\/index.php\/wp-json\/wp\/v2\/posts\/1442\/revisions"}],"predecessor-version":[{"id":1453,"href":"http:\/\/commune-loffre.fr\/index.php\/wp-json\/wp\/v2\/posts\/1442\/revisions\/1453"}],"wp:attachment":[{"href":"http:\/\/commune-loffre.fr\/index.php\/wp-json\/wp\/v2\/media?parent=1442"}],"wp:term":[{"taxonomy":"category","embeddable":true,"href":"http:\/\/commune-loffre.fr\/index.php\/wp-json\/wp\/v2\/categories?post=1442"},{"taxonomy":"post_tag","embeddable":true,"href":"http:\/\/commune-loffre.fr\/index.php\/wp-json\/wp\/v2\/tags?post=1442"}],"curies":[{"name":"wp","href":"https:\/\/api.w.org\/{rel}","templated":true}]}}