{"id":1437,"date":"2016-11-15T09:41:05","date_gmt":"2016-11-15T08:41:05","guid":{"rendered":"http:\/\/commune-loffre.fr\/?p=1437"},"modified":"2016-11-15T09:43:23","modified_gmt":"2016-11-15T08:43:23","slug":"telethon-2016","status":"publish","type":"post","link":"http:\/\/commune-loffre.fr\/index.php\/2016\/11\/15\/telethon-2016\/","title":{"rendered":"T\u00e9l\u00e9thon 2016"},"content":{"rendered":"<p>Concert \u00e0 l\u2019\u00e9glise St Roch dans le cadre du T\u00e9l\u00e9thon 2016<\/p>\n<p>Vente de Tartes sal\u00e9es, de cakes sal\u00e9s et de Tartes sucr\u00e9es au prix de 6\u20ac au profit du T\u00e9l\u00e9thon.<\/p>\n<p><em>(Les particuliers ou les associations qui auront confectionn\u00e9 des tartes ou cakes seront attendus au foyer rural \u00e0 partir de 16h30 pour les d\u00e9poser)<\/em><\/p>\n<p><a href=\"http:\/\/commune-loffre.fr\/wp-content\/uploads\/2016\/11\/flyer-t\u00e9l\u00e9thon-2016.pdf\">T\u00e9l\u00e9chargez le document<\/a><\/p>\n","protected":false},"excerpt":{"rendered":"<p>Concert \u00e0 l\u2019\u00e9glise St Roch dans le cadre du T\u00e9l\u00e9thon 2016 Vente de Tartes sal\u00e9es, de cakes sal\u00e9s et de Tartes sucr\u00e9es au prix de 6\u20ac au profit du T\u00e9l\u00e9thon&#8230;. <a href=\"http:\/\/commune-loffre.fr\/index.php\/2016\/11\/15\/telethon-2016\/\">Read more &raquo;<\/a><\/p>\n","protected":false},"author":1,"featured_media":0,"comment_status":"closed","ping_status":"closed","sticky":false,"template":"","format":"standard","meta":{"footnotes":""},"categories":[3],"tags":[],"_links":{"self":[{"href":"http:\/\/commune-loffre.fr\/index.php\/wp-json\/wp\/v2\/posts\/1437"}],"collection":[{"href":"http:\/\/commune-loffre.fr\/index.php\/wp-json\/wp\/v2\/posts"}],"about":[{"href":"http:\/\/commune-loffre.fr\/index.php\/wp-json\/wp\/v2\/types\/post"}],"author":[{"embeddable":true,"href":"http:\/\/commune-loffre.fr\/index.php\/wp-json\/wp\/v2\/users\/1"}],"replies":[{"embeddable":true,"href":"http:\/\/commune-loffre.fr\/index.php\/wp-json\/wp\/v2\/comments?post=1437"}],"version-history":[{"count":3,"href":"http:\/\/commune-loffre.fr\/index.php\/wp-json\/wp\/v2\/posts\/1437\/revisions"}],"predecessor-version":[{"id":1440,"href":"http:\/\/commune-loffre.fr\/index.php\/wp-json\/wp\/v2\/posts\/1437\/revisions\/1440"}],"wp:attachment":[{"href":"http:\/\/commune-loffre.fr\/index.php\/wp-json\/wp\/v2\/media?parent=1437"}],"wp:term":[{"taxonomy":"category","embeddable":true,"href":"http:\/\/commune-loffre.fr\/index.php\/wp-json\/wp\/v2\/categories?post=1437"},{"taxonomy":"post_tag","embeddable":true,"href":"http:\/\/commune-loffre.fr\/index.php\/wp-json\/wp\/v2\/tags?post=1437"}],"curies":[{"name":"wp","href":"https:\/\/api.w.org\/{rel}","templated":true}]}}