{"id":1330,"date":"2016-11-13T20:39:09","date_gmt":"2016-11-13T19:39:09","guid":{"rendered":"http:\/\/commune-loffre.fr\/?p=1330"},"modified":"2016-11-13T21:18:45","modified_gmt":"2016-11-13T20:18:45","slug":"commemoration-du-11-novembre-exposition-sur-le-parcours-de-poilus-loffriens-morts-pour-la-france-et-remise-des-medailles-du-travail","status":"publish","type":"post","link":"http:\/\/commune-loffre.fr\/index.php\/2016\/11\/13\/commemoration-du-11-novembre-exposition-sur-le-parcours-de-poilus-loffriens-morts-pour-la-france-et-remise-des-medailles-du-travail\/","title":{"rendered":"Comm\u00e9moration du 11 Novembre, exposition sur le parcours de poilus loffriens morts pour la France et remise des m\u00e9dailles du travail"},"content":{"rendered":"<p>Monsieur le Maire, le conseil municipal, les Anciens Combattants de Loffre, les repr\u00e9sentants des associations et de nombreux habitants ont comm\u00e9mor\u00e9 ce 11 Novembre l\u2019armistice de la premi\u00e8re guerre mondiale. Monsieur Charles Beauchamp, Conseiller D\u00e9partemental du canton a honor\u00e9 par sa pr\u00e9sence ce rassemblement.<\/p>\n\n\t\t<style type=\"text\/css\">\n\t\t\t#gallery-1 {\n\t\t\t\tmargin: auto;\n\t\t\t}\n\t\t\t#gallery-1 .gallery-item {\n\t\t\t\tfloat: left;\n\t\t\t\tmargin-top: 10px;\n\t\t\t\ttext-align: center;\n\t\t\t\twidth: 16%;\n\t\t\t}\n\t\t\t#gallery-1 img {\n\t\t\t\tborder: 2px solid #cfcfcf;\n\t\t\t}\n\t\t\t#gallery-1 .gallery-caption {\n\t\t\t\tmargin-left: 0;\n\t\t\t}\n\t\t\t\/* see gallery_shortcode() in wp-includes\/media.php *\/\n\t\t<\/style>\n\t\t<div id='gallery-1' class='gallery galleryid-1330 gallery-columns-6 gallery-size-thumbnail'><dl class='gallery-item'>\n\t\t\t<dt class='gallery-icon landscape'>\n\t\t\t\t<a href='http:\/\/commune-loffre.fr\/index.php\/2016\/11\/13\/commemoration-du-11-novembre-exposition-sur-le-parcours-de-poilus-loffriens-morts-pour-la-france-et-remise-des-medailles-du-travail\/olympus-digital-camera-321\/'><img loading=\"lazy\" decoding=\"async\" width=\"150\" height=\"150\" src=\"http:\/\/commune-loffre.fr\/wp-content\/uploads\/2016\/11\/11-novembre-2016-1-copie-150x150.jpg\" class=\"attachment-thumbnail size-thumbnail\" alt=\"\" srcset=\"http:\/\/commune-loffre.fr\/wp-content\/uploads\/2016\/11\/11-novembre-2016-1-copie-150x150.jpg 150w, http:\/\/commune-loffre.fr\/wp-content\/uploads\/2016\/11\/11-novembre-2016-1-copie-180x180.jpg 180w, http:\/\/commune-loffre.fr\/wp-content\/uploads\/2016\/11\/11-novembre-2016-1-copie-60x60.jpg 60w\" sizes=\"(max-width: 150px) 100vw, 150px\" \/><\/a>\n\t\t\t<\/dt><\/dl><dl class='gallery-item'>\n\t\t\t<dt class='gallery-icon landscape'>\n\t\t\t\t<a href='http:\/\/commune-loffre.fr\/index.php\/2016\/11\/13\/commemoration-du-11-novembre-exposition-sur-le-parcours-de-poilus-loffriens-morts-pour-la-france-et-remise-des-medailles-du-travail\/olympus-digital-camera-322\/'><img loading=\"lazy\" decoding=\"async\" width=\"150\" height=\"150\" src=\"http:\/\/commune-loffre.fr\/wp-content\/uploads\/2016\/11\/11-novembre-2016-2-copie-150x150.jpg\" class=\"attachment-thumbnail size-thumbnail\" alt=\"\" srcset=\"http:\/\/commune-loffre.fr\/wp-content\/uploads\/2016\/11\/11-novembre-2016-2-copie-150x150.jpg 150w, http:\/\/commune-loffre.fr\/wp-content\/uploads\/2016\/11\/11-novembre-2016-2-copie-180x180.jpg 180w, http:\/\/commune-loffre.fr\/wp-content\/uploads\/2016\/11\/11-novembre-2016-2-copie-60x60.jpg 60w\" sizes=\"(max-width: 150px) 100vw, 150px\" \/><\/a>\n\t\t\t<\/dt><\/dl><dl class='gallery-item'>\n\t\t\t<dt class='gallery-icon portrait'>\n\t\t\t\t<a href='http:\/\/commune-loffre.fr\/index.php\/2016\/11\/13\/commemoration-du-11-novembre-exposition-sur-le-parcours-de-poilus-loffriens-morts-pour-la-france-et-remise-des-medailles-du-travail\/olympus-digital-camera-323\/'><img loading=\"lazy\" decoding=\"async\" width=\"150\" height=\"150\" src=\"http:\/\/commune-loffre.fr\/wp-content\/uploads\/2016\/11\/11-novembre-2016-3-copie-150x150.jpg\" class=\"attachment-thumbnail size-thumbnail\" alt=\"\" srcset=\"http:\/\/commune-loffre.fr\/wp-content\/uploads\/2016\/11\/11-novembre-2016-3-copie-150x150.jpg 150w, http:\/\/commune-loffre.fr\/wp-content\/uploads\/2016\/11\/11-novembre-2016-3-copie-180x180.jpg 180w, http:\/\/commune-loffre.fr\/wp-content\/uploads\/2016\/11\/11-novembre-2016-3-copie-60x60.jpg 60w\" sizes=\"(max-width: 150px) 100vw, 150px\" \/><\/a>\n\t\t\t<\/dt><\/dl><dl class='gallery-item'>\n\t\t\t<dt class='gallery-icon landscape'>\n\t\t\t\t<a href='http:\/\/commune-loffre.fr\/index.php\/2016\/11\/13\/commemoration-du-11-novembre-exposition-sur-le-parcours-de-poilus-loffriens-morts-pour-la-france-et-remise-des-medailles-du-travail\/olympus-digital-camera-324\/'><img loading=\"lazy\" decoding=\"async\" width=\"150\" height=\"150\" src=\"http:\/\/commune-loffre.fr\/wp-content\/uploads\/2016\/11\/11-novembre-2016-4-copie-150x150.jpg\" class=\"attachment-thumbnail size-thumbnail\" alt=\"\" srcset=\"http:\/\/commune-loffre.fr\/wp-content\/uploads\/2016\/11\/11-novembre-2016-4-copie-150x150.jpg 150w, http:\/\/commune-loffre.fr\/wp-content\/uploads\/2016\/11\/11-novembre-2016-4-copie-180x180.jpg 180w, http:\/\/commune-loffre.fr\/wp-content\/uploads\/2016\/11\/11-novembre-2016-4-copie-60x60.jpg 60w\" sizes=\"(max-width: 150px) 100vw, 150px\" \/><\/a>\n\t\t\t<\/dt><\/dl><dl class='gallery-item'>\n\t\t\t<dt class='gallery-icon landscape'>\n\t\t\t\t<a href='http:\/\/commune-loffre.fr\/index.php\/2016\/11\/13\/commemoration-du-11-novembre-exposition-sur-le-parcours-de-poilus-loffriens-morts-pour-la-france-et-remise-des-medailles-du-travail\/olympus-digital-camera-325\/'><img loading=\"lazy\" decoding=\"async\" width=\"150\" height=\"150\" src=\"http:\/\/commune-loffre.fr\/wp-content\/uploads\/2016\/11\/11-novembre-2016-5-copie-150x150.jpg\" class=\"attachment-thumbnail size-thumbnail\" alt=\"\" srcset=\"http:\/\/commune-loffre.fr\/wp-content\/uploads\/2016\/11\/11-novembre-2016-5-copie-150x150.jpg 150w, http:\/\/commune-loffre.fr\/wp-content\/uploads\/2016\/11\/11-novembre-2016-5-copie-180x180.jpg 180w, http:\/\/commune-loffre.fr\/wp-content\/uploads\/2016\/11\/11-novembre-2016-5-copie-60x60.jpg 60w\" sizes=\"(max-width: 150px) 100vw, 150px\" \/><\/a>\n\t\t\t<\/dt><\/dl><dl class='gallery-item'>\n\t\t\t<dt class='gallery-icon landscape'>\n\t\t\t\t<a href='http:\/\/commune-loffre.fr\/index.php\/2016\/11\/13\/commemoration-du-11-novembre-exposition-sur-le-parcours-de-poilus-loffriens-morts-pour-la-france-et-remise-des-medailles-du-travail\/olympus-digital-camera-326\/'><img loading=\"lazy\" decoding=\"async\" width=\"150\" height=\"150\" src=\"http:\/\/commune-loffre.fr\/wp-content\/uploads\/2016\/11\/11-novembre-2016-6-copie-150x150.jpg\" class=\"attachment-thumbnail size-thumbnail\" alt=\"\" srcset=\"http:\/\/commune-loffre.fr\/wp-content\/uploads\/2016\/11\/11-novembre-2016-6-copie-150x150.jpg 150w, http:\/\/commune-loffre.fr\/wp-content\/uploads\/2016\/11\/11-novembre-2016-6-copie-180x180.jpg 180w, http:\/\/commune-loffre.fr\/wp-content\/uploads\/2016\/11\/11-novembre-2016-6-copie-60x60.jpg 60w\" sizes=\"(max-width: 150px) 100vw, 150px\" \/><\/a>\n\t\t\t<\/dt><\/dl><br style=\"clear: both\" \/><dl class='gallery-item'>\n\t\t\t<dt class='gallery-icon landscape'>\n\t\t\t\t<a href='http:\/\/commune-loffre.fr\/index.php\/2016\/11\/13\/commemoration-du-11-novembre-exposition-sur-le-parcours-de-poilus-loffriens-morts-pour-la-france-et-remise-des-medailles-du-travail\/olympus-digital-camera-327\/'><img loading=\"lazy\" decoding=\"async\" width=\"150\" height=\"150\" src=\"http:\/\/commune-loffre.fr\/wp-content\/uploads\/2016\/11\/11-novembre-2016-7-copie-150x150.jpg\" class=\"attachment-thumbnail size-thumbnail\" alt=\"\" srcset=\"http:\/\/commune-loffre.fr\/wp-content\/uploads\/2016\/11\/11-novembre-2016-7-copie-150x150.jpg 150w, http:\/\/commune-loffre.fr\/wp-content\/uploads\/2016\/11\/11-novembre-2016-7-copie-180x180.jpg 180w, http:\/\/commune-loffre.fr\/wp-content\/uploads\/2016\/11\/11-novembre-2016-7-copie-60x60.jpg 60w\" sizes=\"(max-width: 150px) 100vw, 150px\" \/><\/a>\n\t\t\t<\/dt><\/dl><dl class='gallery-item'>\n\t\t\t<dt class='gallery-icon landscape'>\n\t\t\t\t<a href='http:\/\/commune-loffre.fr\/index.php\/2016\/11\/13\/commemoration-du-11-novembre-exposition-sur-le-parcours-de-poilus-loffriens-morts-pour-la-france-et-remise-des-medailles-du-travail\/olympus-digital-camera-328\/'><img loading=\"lazy\" decoding=\"async\" width=\"150\" height=\"150\" src=\"http:\/\/commune-loffre.fr\/wp-content\/uploads\/2016\/11\/11-novembre-2016-8-copie-150x150.jpg\" class=\"attachment-thumbnail size-thumbnail\" alt=\"\" srcset=\"http:\/\/commune-loffre.fr\/wp-content\/uploads\/2016\/11\/11-novembre-2016-8-copie-150x150.jpg 150w, http:\/\/commune-loffre.fr\/wp-content\/uploads\/2016\/11\/11-novembre-2016-8-copie-180x180.jpg 180w, http:\/\/commune-loffre.fr\/wp-content\/uploads\/2016\/11\/11-novembre-2016-8-copie-60x60.jpg 60w\" sizes=\"(max-width: 150px) 100vw, 150px\" \/><\/a>\n\t\t\t<\/dt><\/dl><dl class='gallery-item'>\n\t\t\t<dt class='gallery-icon landscape'>\n\t\t\t\t<a href='http:\/\/commune-loffre.fr\/index.php\/2016\/11\/13\/commemoration-du-11-novembre-exposition-sur-le-parcours-de-poilus-loffriens-morts-pour-la-france-et-remise-des-medailles-du-travail\/olympus-digital-camera-329\/'><img loading=\"lazy\" decoding=\"async\" width=\"150\" height=\"150\" src=\"http:\/\/commune-loffre.fr\/wp-content\/uploads\/2016\/11\/11-novembre-2016-9-copie-150x150.jpg\" class=\"attachment-thumbnail size-thumbnail\" alt=\"\" srcset=\"http:\/\/commune-loffre.fr\/wp-content\/uploads\/2016\/11\/11-novembre-2016-9-copie-150x150.jpg 150w, http:\/\/commune-loffre.fr\/wp-content\/uploads\/2016\/11\/11-novembre-2016-9-copie-180x180.jpg 180w, http:\/\/commune-loffre.fr\/wp-content\/uploads\/2016\/11\/11-novembre-2016-9-copie-60x60.jpg 60w\" sizes=\"(max-width: 150px) 100vw, 150px\" \/><\/a>\n\t\t\t<\/dt><\/dl><dl class='gallery-item'>\n\t\t\t<dt class='gallery-icon landscape'>\n\t\t\t\t<a href='http:\/\/commune-loffre.fr\/index.php\/2016\/11\/13\/commemoration-du-11-novembre-exposition-sur-le-parcours-de-poilus-loffriens-morts-pour-la-france-et-remise-des-medailles-du-travail\/olympus-digital-camera-330\/'><img loading=\"lazy\" decoding=\"async\" width=\"150\" height=\"150\" src=\"http:\/\/commune-loffre.fr\/wp-content\/uploads\/2016\/11\/11-novembre-2016-10-copie-150x150.jpg\" class=\"attachment-thumbnail size-thumbnail\" alt=\"\" srcset=\"http:\/\/commune-loffre.fr\/wp-content\/uploads\/2016\/11\/11-novembre-2016-10-copie-150x150.jpg 150w, http:\/\/commune-loffre.fr\/wp-content\/uploads\/2016\/11\/11-novembre-2016-10-copie-180x180.jpg 180w, http:\/\/commune-loffre.fr\/wp-content\/uploads\/2016\/11\/11-novembre-2016-10-copie-60x60.jpg 60w\" sizes=\"(max-width: 150px) 100vw, 150px\" \/><\/a>\n\t\t\t<\/dt><\/dl><dl class='gallery-item'>\n\t\t\t<dt class='gallery-icon landscape'>\n\t\t\t\t<a href='http:\/\/commune-loffre.fr\/index.php\/2016\/11\/13\/commemoration-du-11-novembre-exposition-sur-le-parcours-de-poilus-loffriens-morts-pour-la-france-et-remise-des-medailles-du-travail\/olympus-digital-camera-331\/'><img loading=\"lazy\" decoding=\"async\" width=\"150\" height=\"150\" src=\"http:\/\/commune-loffre.fr\/wp-content\/uploads\/2016\/11\/11-novembre-2016-11-copie-150x150.jpg\" class=\"attachment-thumbnail size-thumbnail\" alt=\"\" srcset=\"http:\/\/commune-loffre.fr\/wp-content\/uploads\/2016\/11\/11-novembre-2016-11-copie-150x150.jpg 150w, http:\/\/commune-loffre.fr\/wp-content\/uploads\/2016\/11\/11-novembre-2016-11-copie-180x180.jpg 180w, http:\/\/commune-loffre.fr\/wp-content\/uploads\/2016\/11\/11-novembre-2016-11-copie-60x60.jpg 60w\" sizes=\"(max-width: 150px) 100vw, 150px\" \/><\/a>\n\t\t\t<\/dt><\/dl><dl class='gallery-item'>\n\t\t\t<dt class='gallery-icon landscape'>\n\t\t\t\t<a href='http:\/\/commune-loffre.fr\/index.php\/2016\/11\/13\/commemoration-du-11-novembre-exposition-sur-le-parcours-de-poilus-loffriens-morts-pour-la-france-et-remise-des-medailles-du-travail\/olympus-digital-camera-332\/'><img loading=\"lazy\" decoding=\"async\" width=\"150\" height=\"150\" src=\"http:\/\/commune-loffre.fr\/wp-content\/uploads\/2016\/11\/11-novembre-2016-12-copie-150x150.jpg\" class=\"attachment-thumbnail size-thumbnail\" alt=\"\" srcset=\"http:\/\/commune-loffre.fr\/wp-content\/uploads\/2016\/11\/11-novembre-2016-12-copie-150x150.jpg 150w, http:\/\/commune-loffre.fr\/wp-content\/uploads\/2016\/11\/11-novembre-2016-12-copie-180x180.jpg 180w, http:\/\/commune-loffre.fr\/wp-content\/uploads\/2016\/11\/11-novembre-2016-12-copie-60x60.jpg 60w\" sizes=\"(max-width: 150px) 100vw, 150px\" \/><\/a>\n\t\t\t<\/dt><\/dl><br style=\"clear: both\" \/><dl class='gallery-item'>\n\t\t\t<dt class='gallery-icon landscape'>\n\t\t\t\t<a href='http:\/\/commune-loffre.fr\/index.php\/2016\/11\/13\/commemoration-du-11-novembre-exposition-sur-le-parcours-de-poilus-loffriens-morts-pour-la-france-et-remise-des-medailles-du-travail\/olympus-digital-camera-333\/'><img loading=\"lazy\" decoding=\"async\" width=\"150\" height=\"150\" src=\"http:\/\/commune-loffre.fr\/wp-content\/uploads\/2016\/11\/11-novembre-2016-13-copie-150x150.jpg\" class=\"attachment-thumbnail size-thumbnail\" alt=\"\" srcset=\"http:\/\/commune-loffre.fr\/wp-content\/uploads\/2016\/11\/11-novembre-2016-13-copie-150x150.jpg 150w, http:\/\/commune-loffre.fr\/wp-content\/uploads\/2016\/11\/11-novembre-2016-13-copie-180x180.jpg 180w, http:\/\/commune-loffre.fr\/wp-content\/uploads\/2016\/11\/11-novembre-2016-13-copie-60x60.jpg 60w\" sizes=\"(max-width: 150px) 100vw, 150px\" \/><\/a>\n\t\t\t<\/dt><\/dl><dl class='gallery-item'>\n\t\t\t<dt class='gallery-icon landscape'>\n\t\t\t\t<a href='http:\/\/commune-loffre.fr\/index.php\/2016\/11\/13\/commemoration-du-11-novembre-exposition-sur-le-parcours-de-poilus-loffriens-morts-pour-la-france-et-remise-des-medailles-du-travail\/olympus-digital-camera-334\/'><img loading=\"lazy\" decoding=\"async\" width=\"150\" height=\"150\" src=\"http:\/\/commune-loffre.fr\/wp-content\/uploads\/2016\/11\/11-novembre-2016-14-copie-150x150.jpg\" class=\"attachment-thumbnail size-thumbnail\" alt=\"\" srcset=\"http:\/\/commune-loffre.fr\/wp-content\/uploads\/2016\/11\/11-novembre-2016-14-copie-150x150.jpg 150w, http:\/\/commune-loffre.fr\/wp-content\/uploads\/2016\/11\/11-novembre-2016-14-copie-180x180.jpg 180w, http:\/\/commune-loffre.fr\/wp-content\/uploads\/2016\/11\/11-novembre-2016-14-copie-60x60.jpg 60w\" sizes=\"(max-width: 150px) 100vw, 150px\" \/><\/a>\n\t\t\t<\/dt><\/dl><dl class='gallery-item'>\n\t\t\t<dt class='gallery-icon landscape'>\n\t\t\t\t<a href='http:\/\/commune-loffre.fr\/index.php\/2016\/11\/13\/commemoration-du-11-novembre-exposition-sur-le-parcours-de-poilus-loffriens-morts-pour-la-france-et-remise-des-medailles-du-travail\/olympus-digital-camera-335\/'><img loading=\"lazy\" decoding=\"async\" width=\"150\" height=\"150\" src=\"http:\/\/commune-loffre.fr\/wp-content\/uploads\/2016\/11\/11-novembre-2016-15-copie-150x150.jpg\" class=\"attachment-thumbnail size-thumbnail\" alt=\"\" srcset=\"http:\/\/commune-loffre.fr\/wp-content\/uploads\/2016\/11\/11-novembre-2016-15-copie-150x150.jpg 150w, http:\/\/commune-loffre.fr\/wp-content\/uploads\/2016\/11\/11-novembre-2016-15-copie-180x180.jpg 180w, http:\/\/commune-loffre.fr\/wp-content\/uploads\/2016\/11\/11-novembre-2016-15-copie-60x60.jpg 60w\" sizes=\"(max-width: 150px) 100vw, 150px\" \/><\/a>\n\t\t\t<\/dt><\/dl><dl class='gallery-item'>\n\t\t\t<dt class='gallery-icon landscape'>\n\t\t\t\t<a href='http:\/\/commune-loffre.fr\/index.php\/2016\/11\/13\/commemoration-du-11-novembre-exposition-sur-le-parcours-de-poilus-loffriens-morts-pour-la-france-et-remise-des-medailles-du-travail\/olympus-digital-camera-336\/'><img loading=\"lazy\" decoding=\"async\" width=\"150\" height=\"150\" src=\"http:\/\/commune-loffre.fr\/wp-content\/uploads\/2016\/11\/11-novembre-2016-16-copie-150x150.jpg\" class=\"attachment-thumbnail size-thumbnail\" alt=\"\" srcset=\"http:\/\/commune-loffre.fr\/wp-content\/uploads\/2016\/11\/11-novembre-2016-16-copie-150x150.jpg 150w, http:\/\/commune-loffre.fr\/wp-content\/uploads\/2016\/11\/11-novembre-2016-16-copie-180x180.jpg 180w, http:\/\/commune-loffre.fr\/wp-content\/uploads\/2016\/11\/11-novembre-2016-16-copie-60x60.jpg 60w\" sizes=\"(max-width: 150px) 100vw, 150px\" \/><\/a>\n\t\t\t<\/dt><\/dl><dl class='gallery-item'>\n\t\t\t<dt class='gallery-icon landscape'>\n\t\t\t\t<a href='http:\/\/commune-loffre.fr\/index.php\/2016\/11\/13\/commemoration-du-11-novembre-exposition-sur-le-parcours-de-poilus-loffriens-morts-pour-la-france-et-remise-des-medailles-du-travail\/olympus-digital-camera-337\/'><img loading=\"lazy\" decoding=\"async\" width=\"150\" height=\"150\" src=\"http:\/\/commune-loffre.fr\/wp-content\/uploads\/2016\/11\/11-novembre-2016-17-copie-150x150.jpg\" class=\"attachment-thumbnail size-thumbnail\" alt=\"\" srcset=\"http:\/\/commune-loffre.fr\/wp-content\/uploads\/2016\/11\/11-novembre-2016-17-copie-150x150.jpg 150w, http:\/\/commune-loffre.fr\/wp-content\/uploads\/2016\/11\/11-novembre-2016-17-copie-180x180.jpg 180w, http:\/\/commune-loffre.fr\/wp-content\/uploads\/2016\/11\/11-novembre-2016-17-copie-60x60.jpg 60w\" sizes=\"(max-width: 150px) 100vw, 150px\" \/><\/a>\n\t\t\t<\/dt><\/dl><dl class='gallery-item'>\n\t\t\t<dt class='gallery-icon landscape'>\n\t\t\t\t<a href='http:\/\/commune-loffre.fr\/index.php\/2016\/11\/13\/commemoration-du-11-novembre-exposition-sur-le-parcours-de-poilus-loffriens-morts-pour-la-france-et-remise-des-medailles-du-travail\/olympus-digital-camera-338\/'><img loading=\"lazy\" decoding=\"async\" width=\"150\" height=\"150\" src=\"http:\/\/commune-loffre.fr\/wp-content\/uploads\/2016\/11\/11-novembre-2016-18-copie-150x150.jpg\" class=\"attachment-thumbnail size-thumbnail\" alt=\"\" srcset=\"http:\/\/commune-loffre.fr\/wp-content\/uploads\/2016\/11\/11-novembre-2016-18-copie-150x150.jpg 150w, http:\/\/commune-loffre.fr\/wp-content\/uploads\/2016\/11\/11-novembre-2016-18-copie-180x180.jpg 180w, http:\/\/commune-loffre.fr\/wp-content\/uploads\/2016\/11\/11-novembre-2016-18-copie-60x60.jpg 60w\" sizes=\"(max-width: 150px) 100vw, 150px\" \/><\/a>\n\t\t\t<\/dt><\/dl><br style=\"clear: both\" \/><dl class='gallery-item'>\n\t\t\t<dt class='gallery-icon landscape'>\n\t\t\t\t<a href='http:\/\/commune-loffre.fr\/index.php\/2016\/11\/13\/commemoration-du-11-novembre-exposition-sur-le-parcours-de-poilus-loffriens-morts-pour-la-france-et-remise-des-medailles-du-travail\/olympus-digital-camera-339\/'><img loading=\"lazy\" decoding=\"async\" width=\"150\" height=\"150\" src=\"http:\/\/commune-loffre.fr\/wp-content\/uploads\/2016\/11\/11-novembre-2016-19-copie-150x150.jpg\" class=\"attachment-thumbnail size-thumbnail\" alt=\"\" srcset=\"http:\/\/commune-loffre.fr\/wp-content\/uploads\/2016\/11\/11-novembre-2016-19-copie-150x150.jpg 150w, http:\/\/commune-loffre.fr\/wp-content\/uploads\/2016\/11\/11-novembre-2016-19-copie-180x180.jpg 180w, http:\/\/commune-loffre.fr\/wp-content\/uploads\/2016\/11\/11-novembre-2016-19-copie-60x60.jpg 60w\" sizes=\"(max-width: 150px) 100vw, 150px\" \/><\/a>\n\t\t\t<\/dt><\/dl><dl class='gallery-item'>\n\t\t\t<dt class='gallery-icon landscape'>\n\t\t\t\t<a href='http:\/\/commune-loffre.fr\/index.php\/2016\/11\/13\/commemoration-du-11-novembre-exposition-sur-le-parcours-de-poilus-loffriens-morts-pour-la-france-et-remise-des-medailles-du-travail\/olympus-digital-camera-340\/'><img loading=\"lazy\" decoding=\"async\" width=\"150\" height=\"150\" src=\"http:\/\/commune-loffre.fr\/wp-content\/uploads\/2016\/11\/11-novembre-2016-20-copie-150x150.jpg\" class=\"attachment-thumbnail size-thumbnail\" alt=\"\" srcset=\"http:\/\/commune-loffre.fr\/wp-content\/uploads\/2016\/11\/11-novembre-2016-20-copie-150x150.jpg 150w, http:\/\/commune-loffre.fr\/wp-content\/uploads\/2016\/11\/11-novembre-2016-20-copie-180x180.jpg 180w, http:\/\/commune-loffre.fr\/wp-content\/uploads\/2016\/11\/11-novembre-2016-20-copie-60x60.jpg 60w\" sizes=\"(max-width: 150px) 100vw, 150px\" \/><\/a>\n\t\t\t<\/dt><\/dl><dl class='gallery-item'>\n\t\t\t<dt class='gallery-icon landscape'>\n\t\t\t\t<a href='http:\/\/commune-loffre.fr\/index.php\/2016\/11\/13\/commemoration-du-11-novembre-exposition-sur-le-parcours-de-poilus-loffriens-morts-pour-la-france-et-remise-des-medailles-du-travail\/olympus-digital-camera-341\/'><img loading=\"lazy\" decoding=\"async\" width=\"150\" height=\"150\" src=\"http:\/\/commune-loffre.fr\/wp-content\/uploads\/2016\/11\/11-novembre-2016-21-copie-150x150.jpg\" class=\"attachment-thumbnail size-thumbnail\" alt=\"\" srcset=\"http:\/\/commune-loffre.fr\/wp-content\/uploads\/2016\/11\/11-novembre-2016-21-copie-150x150.jpg 150w, http:\/\/commune-loffre.fr\/wp-content\/uploads\/2016\/11\/11-novembre-2016-21-copie-180x180.jpg 180w, http:\/\/commune-loffre.fr\/wp-content\/uploads\/2016\/11\/11-novembre-2016-21-copie-60x60.jpg 60w\" sizes=\"(max-width: 150px) 100vw, 150px\" \/><\/a>\n\t\t\t<\/dt><\/dl><dl class='gallery-item'>\n\t\t\t<dt class='gallery-icon landscape'>\n\t\t\t\t<a href='http:\/\/commune-loffre.fr\/index.php\/2016\/11\/13\/commemoration-du-11-novembre-exposition-sur-le-parcours-de-poilus-loffriens-morts-pour-la-france-et-remise-des-medailles-du-travail\/olympus-digital-camera-342\/'><img loading=\"lazy\" decoding=\"async\" width=\"150\" height=\"150\" src=\"http:\/\/commune-loffre.fr\/wp-content\/uploads\/2016\/11\/11-novembre-2016-22-copie-150x150.jpg\" class=\"attachment-thumbnail size-thumbnail\" alt=\"\" srcset=\"http:\/\/commune-loffre.fr\/wp-content\/uploads\/2016\/11\/11-novembre-2016-22-copie-150x150.jpg 150w, http:\/\/commune-loffre.fr\/wp-content\/uploads\/2016\/11\/11-novembre-2016-22-copie-180x180.jpg 180w, http:\/\/commune-loffre.fr\/wp-content\/uploads\/2016\/11\/11-novembre-2016-22-copie-60x60.jpg 60w\" sizes=\"(max-width: 150px) 100vw, 150px\" \/><\/a>\n\t\t\t<\/dt><\/dl><dl class='gallery-item'>\n\t\t\t<dt class='gallery-icon landscape'>\n\t\t\t\t<a href='http:\/\/commune-loffre.fr\/index.php\/2016\/11\/13\/commemoration-du-11-novembre-exposition-sur-le-parcours-de-poilus-loffriens-morts-pour-la-france-et-remise-des-medailles-du-travail\/olympus-digital-camera-343\/'><img loading=\"lazy\" decoding=\"async\" width=\"150\" height=\"150\" src=\"http:\/\/commune-loffre.fr\/wp-content\/uploads\/2016\/11\/11-novembre-2016-23-copie-150x150.jpg\" class=\"attachment-thumbnail size-thumbnail\" alt=\"\" srcset=\"http:\/\/commune-loffre.fr\/wp-content\/uploads\/2016\/11\/11-novembre-2016-23-copie-150x150.jpg 150w, http:\/\/commune-loffre.fr\/wp-content\/uploads\/2016\/11\/11-novembre-2016-23-copie-180x180.jpg 180w, http:\/\/commune-loffre.fr\/wp-content\/uploads\/2016\/11\/11-novembre-2016-23-copie-60x60.jpg 60w\" sizes=\"(max-width: 150px) 100vw, 150px\" \/><\/a>\n\t\t\t<\/dt><\/dl><dl class='gallery-item'>\n\t\t\t<dt class='gallery-icon landscape'>\n\t\t\t\t<a href='http:\/\/commune-loffre.fr\/index.php\/2016\/11\/13\/commemoration-du-11-novembre-exposition-sur-le-parcours-de-poilus-loffriens-morts-pour-la-france-et-remise-des-medailles-du-travail\/olympus-digital-camera-344\/'><img loading=\"lazy\" decoding=\"async\" width=\"150\" height=\"150\" src=\"http:\/\/commune-loffre.fr\/wp-content\/uploads\/2016\/11\/11-novembre-2016-24-copie-150x150.jpg\" class=\"attachment-thumbnail size-thumbnail\" alt=\"\" srcset=\"http:\/\/commune-loffre.fr\/wp-content\/uploads\/2016\/11\/11-novembre-2016-24-copie-150x150.jpg 150w, http:\/\/commune-loffre.fr\/wp-content\/uploads\/2016\/11\/11-novembre-2016-24-copie-180x180.jpg 180w, http:\/\/commune-loffre.fr\/wp-content\/uploads\/2016\/11\/11-novembre-2016-24-copie-60x60.jpg 60w\" sizes=\"(max-width: 150px) 100vw, 150px\" \/><\/a>\n\t\t\t<\/dt><\/dl><br style=\"clear: both\" \/><dl class='gallery-item'>\n\t\t\t<dt class='gallery-icon portrait'>\n\t\t\t\t<a href='http:\/\/commune-loffre.fr\/index.php\/2016\/11\/13\/commemoration-du-11-novembre-exposition-sur-le-parcours-de-poilus-loffriens-morts-pour-la-france-et-remise-des-medailles-du-travail\/olympus-digital-camera-345\/'><img loading=\"lazy\" decoding=\"async\" width=\"150\" height=\"150\" src=\"http:\/\/commune-loffre.fr\/wp-content\/uploads\/2016\/11\/11-novembre-2016-25-copie-150x150.jpg\" class=\"attachment-thumbnail size-thumbnail\" alt=\"\" srcset=\"http:\/\/commune-loffre.fr\/wp-content\/uploads\/2016\/11\/11-novembre-2016-25-copie-150x150.jpg 150w, http:\/\/commune-loffre.fr\/wp-content\/uploads\/2016\/11\/11-novembre-2016-25-copie-180x180.jpg 180w, http:\/\/commune-loffre.fr\/wp-content\/uploads\/2016\/11\/11-novembre-2016-25-copie-60x60.jpg 60w\" sizes=\"(max-width: 150px) 100vw, 150px\" \/><\/a>\n\t\t\t<\/dt><\/dl><dl class='gallery-item'>\n\t\t\t<dt class='gallery-icon landscape'>\n\t\t\t\t<a href='http:\/\/commune-loffre.fr\/index.php\/2016\/11\/13\/commemoration-du-11-novembre-exposition-sur-le-parcours-de-poilus-loffriens-morts-pour-la-france-et-remise-des-medailles-du-travail\/olympus-digital-camera-346\/'><img loading=\"lazy\" decoding=\"async\" width=\"150\" height=\"150\" src=\"http:\/\/commune-loffre.fr\/wp-content\/uploads\/2016\/11\/11-novembre-2016-26-copie-150x150.jpg\" class=\"attachment-thumbnail size-thumbnail\" alt=\"\" srcset=\"http:\/\/commune-loffre.fr\/wp-content\/uploads\/2016\/11\/11-novembre-2016-26-copie-150x150.jpg 150w, http:\/\/commune-loffre.fr\/wp-content\/uploads\/2016\/11\/11-novembre-2016-26-copie-180x180.jpg 180w, http:\/\/commune-loffre.fr\/wp-content\/uploads\/2016\/11\/11-novembre-2016-26-copie-60x60.jpg 60w\" sizes=\"(max-width: 150px) 100vw, 150px\" \/><\/a>\n\t\t\t<\/dt><\/dl><dl class='gallery-item'>\n\t\t\t<dt class='gallery-icon landscape'>\n\t\t\t\t<a href='http:\/\/commune-loffre.fr\/index.php\/2016\/11\/13\/commemoration-du-11-novembre-exposition-sur-le-parcours-de-poilus-loffriens-morts-pour-la-france-et-remise-des-medailles-du-travail\/olympus-digital-camera-347\/'><img loading=\"lazy\" decoding=\"async\" width=\"150\" height=\"150\" src=\"http:\/\/commune-loffre.fr\/wp-content\/uploads\/2016\/11\/11-novembre-2016-27-copie-150x150.jpg\" class=\"attachment-thumbnail size-thumbnail\" alt=\"\" srcset=\"http:\/\/commune-loffre.fr\/wp-content\/uploads\/2016\/11\/11-novembre-2016-27-copie-150x150.jpg 150w, http:\/\/commune-loffre.fr\/wp-content\/uploads\/2016\/11\/11-novembre-2016-27-copie-180x180.jpg 180w, http:\/\/commune-loffre.fr\/wp-content\/uploads\/2016\/11\/11-novembre-2016-27-copie-60x60.jpg 60w\" sizes=\"(max-width: 150px) 100vw, 150px\" \/><\/a>\n\t\t\t<\/dt><\/dl><dl class='gallery-item'>\n\t\t\t<dt class='gallery-icon portrait'>\n\t\t\t\t<a href='http:\/\/commune-loffre.fr\/index.php\/2016\/11\/13\/commemoration-du-11-novembre-exposition-sur-le-parcours-de-poilus-loffriens-morts-pour-la-france-et-remise-des-medailles-du-travail\/olympus-digital-camera-348\/'><img loading=\"lazy\" decoding=\"async\" width=\"150\" height=\"150\" src=\"http:\/\/commune-loffre.fr\/wp-content\/uploads\/2016\/11\/11-novembre-2016-28-copie-150x150.jpg\" class=\"attachment-thumbnail size-thumbnail\" alt=\"\" srcset=\"http:\/\/commune-loffre.fr\/wp-content\/uploads\/2016\/11\/11-novembre-2016-28-copie-150x150.jpg 150w, http:\/\/commune-loffre.fr\/wp-content\/uploads\/2016\/11\/11-novembre-2016-28-copie-180x180.jpg 180w, http:\/\/commune-loffre.fr\/wp-content\/uploads\/2016\/11\/11-novembre-2016-28-copie-60x60.jpg 60w\" sizes=\"(max-width: 150px) 100vw, 150px\" \/><\/a>\n\t\t\t<\/dt><\/dl><dl class='gallery-item'>\n\t\t\t<dt class='gallery-icon portrait'>\n\t\t\t\t<a href='http:\/\/commune-loffre.fr\/index.php\/2016\/11\/13\/commemoration-du-11-novembre-exposition-sur-le-parcours-de-poilus-loffriens-morts-pour-la-france-et-remise-des-medailles-du-travail\/olympus-digital-camera-349\/'><img loading=\"lazy\" decoding=\"async\" width=\"150\" height=\"150\" src=\"http:\/\/commune-loffre.fr\/wp-content\/uploads\/2016\/11\/11-novembre-2016-29-copie-150x150.jpg\" class=\"attachment-thumbnail size-thumbnail\" alt=\"\" srcset=\"http:\/\/commune-loffre.fr\/wp-content\/uploads\/2016\/11\/11-novembre-2016-29-copie-150x150.jpg 150w, http:\/\/commune-loffre.fr\/wp-content\/uploads\/2016\/11\/11-novembre-2016-29-copie-180x180.jpg 180w, http:\/\/commune-loffre.fr\/wp-content\/uploads\/2016\/11\/11-novembre-2016-29-copie-60x60.jpg 60w\" sizes=\"(max-width: 150px) 100vw, 150px\" \/><\/a>\n\t\t\t<\/dt><\/dl><dl class='gallery-item'>\n\t\t\t<dt class='gallery-icon landscape'>\n\t\t\t\t<a href='http:\/\/commune-loffre.fr\/index.php\/2016\/11\/13\/commemoration-du-11-novembre-exposition-sur-le-parcours-de-poilus-loffriens-morts-pour-la-france-et-remise-des-medailles-du-travail\/olympus-digital-camera-350\/'><img loading=\"lazy\" decoding=\"async\" width=\"150\" height=\"150\" src=\"http:\/\/commune-loffre.fr\/wp-content\/uploads\/2016\/11\/11-novembre-2016-30-copie-150x150.jpg\" class=\"attachment-thumbnail size-thumbnail\" alt=\"\" srcset=\"http:\/\/commune-loffre.fr\/wp-content\/uploads\/2016\/11\/11-novembre-2016-30-copie-150x150.jpg 150w, http:\/\/commune-loffre.fr\/wp-content\/uploads\/2016\/11\/11-novembre-2016-30-copie-180x180.jpg 180w, http:\/\/commune-loffre.fr\/wp-content\/uploads\/2016\/11\/11-novembre-2016-30-copie-60x60.jpg 60w\" sizes=\"(max-width: 150px) 100vw, 150px\" \/><\/a>\n\t\t\t<\/dt><\/dl><br style=\"clear: both\" \/><dl class='gallery-item'>\n\t\t\t<dt class='gallery-icon landscape'>\n\t\t\t\t<a href='http:\/\/commune-loffre.fr\/index.php\/2016\/11\/13\/commemoration-du-11-novembre-exposition-sur-le-parcours-de-poilus-loffriens-morts-pour-la-france-et-remise-des-medailles-du-travail\/olympus-digital-camera-351\/'><img loading=\"lazy\" decoding=\"async\" width=\"150\" height=\"150\" src=\"http:\/\/commune-loffre.fr\/wp-content\/uploads\/2016\/11\/11-novembre-2016-31-copie-150x150.jpg\" class=\"attachment-thumbnail size-thumbnail\" alt=\"\" srcset=\"http:\/\/commune-loffre.fr\/wp-content\/uploads\/2016\/11\/11-novembre-2016-31-copie-150x150.jpg 150w, http:\/\/commune-loffre.fr\/wp-content\/uploads\/2016\/11\/11-novembre-2016-31-copie-180x180.jpg 180w, http:\/\/commune-loffre.fr\/wp-content\/uploads\/2016\/11\/11-novembre-2016-31-copie-60x60.jpg 60w\" sizes=\"(max-width: 150px) 100vw, 150px\" \/><\/a>\n\t\t\t<\/dt><\/dl><dl class='gallery-item'>\n\t\t\t<dt class='gallery-icon landscape'>\n\t\t\t\t<a href='http:\/\/commune-loffre.fr\/index.php\/2016\/11\/13\/commemoration-du-11-novembre-exposition-sur-le-parcours-de-poilus-loffriens-morts-pour-la-france-et-remise-des-medailles-du-travail\/olympus-digital-camera-352\/'><img loading=\"lazy\" decoding=\"async\" width=\"150\" height=\"150\" src=\"http:\/\/commune-loffre.fr\/wp-content\/uploads\/2016\/11\/11-novembre-2016-32-copie-150x150.jpg\" class=\"attachment-thumbnail size-thumbnail\" alt=\"\" srcset=\"http:\/\/commune-loffre.fr\/wp-content\/uploads\/2016\/11\/11-novembre-2016-32-copie-150x150.jpg 150w, http:\/\/commune-loffre.fr\/wp-content\/uploads\/2016\/11\/11-novembre-2016-32-copie-180x180.jpg 180w, http:\/\/commune-loffre.fr\/wp-content\/uploads\/2016\/11\/11-novembre-2016-32-copie-60x60.jpg 60w\" sizes=\"(max-width: 150px) 100vw, 150px\" \/><\/a>\n\t\t\t<\/dt><\/dl><dl class='gallery-item'>\n\t\t\t<dt class='gallery-icon landscape'>\n\t\t\t\t<a href='http:\/\/commune-loffre.fr\/index.php\/2016\/11\/13\/commemoration-du-11-novembre-exposition-sur-le-parcours-de-poilus-loffriens-morts-pour-la-france-et-remise-des-medailles-du-travail\/olympus-digital-camera-353\/'><img loading=\"lazy\" decoding=\"async\" width=\"150\" height=\"150\" src=\"http:\/\/commune-loffre.fr\/wp-content\/uploads\/2016\/11\/11-novembre-2016-33-copie-150x150.jpg\" class=\"attachment-thumbnail size-thumbnail\" alt=\"\" srcset=\"http:\/\/commune-loffre.fr\/wp-content\/uploads\/2016\/11\/11-novembre-2016-33-copie-150x150.jpg 150w, http:\/\/commune-loffre.fr\/wp-content\/uploads\/2016\/11\/11-novembre-2016-33-copie-180x180.jpg 180w, http:\/\/commune-loffre.fr\/wp-content\/uploads\/2016\/11\/11-novembre-2016-33-copie-60x60.jpg 60w\" sizes=\"(max-width: 150px) 100vw, 150px\" \/><\/a>\n\t\t\t<\/dt><\/dl><dl class='gallery-item'>\n\t\t\t<dt class='gallery-icon landscape'>\n\t\t\t\t<a href='http:\/\/commune-loffre.fr\/index.php\/2016\/11\/13\/commemoration-du-11-novembre-exposition-sur-le-parcours-de-poilus-loffriens-morts-pour-la-france-et-remise-des-medailles-du-travail\/olympus-digital-camera-354\/'><img loading=\"lazy\" decoding=\"async\" width=\"150\" height=\"150\" src=\"http:\/\/commune-loffre.fr\/wp-content\/uploads\/2016\/11\/11-novembre-2016-34-copie-150x150.jpg\" class=\"attachment-thumbnail size-thumbnail\" alt=\"\" srcset=\"http:\/\/commune-loffre.fr\/wp-content\/uploads\/2016\/11\/11-novembre-2016-34-copie-150x150.jpg 150w, http:\/\/commune-loffre.fr\/wp-content\/uploads\/2016\/11\/11-novembre-2016-34-copie-180x180.jpg 180w, http:\/\/commune-loffre.fr\/wp-content\/uploads\/2016\/11\/11-novembre-2016-34-copie-60x60.jpg 60w\" sizes=\"(max-width: 150px) 100vw, 150px\" \/><\/a>\n\t\t\t<\/dt><\/dl><dl class='gallery-item'>\n\t\t\t<dt class='gallery-icon landscape'>\n\t\t\t\t<a href='http:\/\/commune-loffre.fr\/index.php\/2016\/11\/13\/commemoration-du-11-novembre-exposition-sur-le-parcours-de-poilus-loffriens-morts-pour-la-france-et-remise-des-medailles-du-travail\/olympus-digital-camera-355\/'><img loading=\"lazy\" decoding=\"async\" width=\"150\" height=\"150\" src=\"http:\/\/commune-loffre.fr\/wp-content\/uploads\/2016\/11\/11-novembre-2016-35-copie-150x150.jpg\" class=\"attachment-thumbnail size-thumbnail\" alt=\"\" srcset=\"http:\/\/commune-loffre.fr\/wp-content\/uploads\/2016\/11\/11-novembre-2016-35-copie-150x150.jpg 150w, http:\/\/commune-loffre.fr\/wp-content\/uploads\/2016\/11\/11-novembre-2016-35-copie-180x180.jpg 180w, http:\/\/commune-loffre.fr\/wp-content\/uploads\/2016\/11\/11-novembre-2016-35-copie-60x60.jpg 60w\" sizes=\"(max-width: 150px) 100vw, 150px\" \/><\/a>\n\t\t\t<\/dt><\/dl><dl class='gallery-item'>\n\t\t\t<dt class='gallery-icon landscape'>\n\t\t\t\t<a href='http:\/\/commune-loffre.fr\/index.php\/2016\/11\/13\/commemoration-du-11-novembre-exposition-sur-le-parcours-de-poilus-loffriens-morts-pour-la-france-et-remise-des-medailles-du-travail\/olympus-digital-camera-356\/'><img loading=\"lazy\" decoding=\"async\" width=\"150\" height=\"150\" src=\"http:\/\/commune-loffre.fr\/wp-content\/uploads\/2016\/11\/11-novembre-2016-36-copie-150x150.jpg\" class=\"attachment-thumbnail size-thumbnail\" alt=\"\" srcset=\"http:\/\/commune-loffre.fr\/wp-content\/uploads\/2016\/11\/11-novembre-2016-36-copie-150x150.jpg 150w, http:\/\/commune-loffre.fr\/wp-content\/uploads\/2016\/11\/11-novembre-2016-36-copie-180x180.jpg 180w, http:\/\/commune-loffre.fr\/wp-content\/uploads\/2016\/11\/11-novembre-2016-36-copie-60x60.jpg 60w\" sizes=\"(max-width: 150px) 100vw, 150px\" \/><\/a>\n\t\t\t<\/dt><\/dl><br style=\"clear: both\" \/><dl class='gallery-item'>\n\t\t\t<dt class='gallery-icon landscape'>\n\t\t\t\t<a href='http:\/\/commune-loffre.fr\/index.php\/2016\/11\/13\/commemoration-du-11-novembre-exposition-sur-le-parcours-de-poilus-loffriens-morts-pour-la-france-et-remise-des-medailles-du-travail\/olympus-digital-camera-357\/'><img loading=\"lazy\" decoding=\"async\" width=\"150\" height=\"150\" src=\"http:\/\/commune-loffre.fr\/wp-content\/uploads\/2016\/11\/11-novembre-2016-37-copie-150x150.jpg\" class=\"attachment-thumbnail size-thumbnail\" alt=\"\" srcset=\"http:\/\/commune-loffre.fr\/wp-content\/uploads\/2016\/11\/11-novembre-2016-37-copie-150x150.jpg 150w, http:\/\/commune-loffre.fr\/wp-content\/uploads\/2016\/11\/11-novembre-2016-37-copie-180x180.jpg 180w, http:\/\/commune-loffre.fr\/wp-content\/uploads\/2016\/11\/11-novembre-2016-37-copie-60x60.jpg 60w\" sizes=\"(max-width: 150px) 100vw, 150px\" \/><\/a>\n\t\t\t<\/dt><\/dl><dl class='gallery-item'>\n\t\t\t<dt class='gallery-icon landscape'>\n\t\t\t\t<a href='http:\/\/commune-loffre.fr\/index.php\/2016\/11\/13\/commemoration-du-11-novembre-exposition-sur-le-parcours-de-poilus-loffriens-morts-pour-la-france-et-remise-des-medailles-du-travail\/olympus-digital-camera-358\/'><img loading=\"lazy\" decoding=\"async\" width=\"150\" height=\"150\" src=\"http:\/\/commune-loffre.fr\/wp-content\/uploads\/2016\/11\/11-novembre-2016-38-copie-150x150.jpg\" class=\"attachment-thumbnail size-thumbnail\" alt=\"\" srcset=\"http:\/\/commune-loffre.fr\/wp-content\/uploads\/2016\/11\/11-novembre-2016-38-copie-150x150.jpg 150w, http:\/\/commune-loffre.fr\/wp-content\/uploads\/2016\/11\/11-novembre-2016-38-copie-180x180.jpg 180w, http:\/\/commune-loffre.fr\/wp-content\/uploads\/2016\/11\/11-novembre-2016-38-copie-60x60.jpg 60w\" sizes=\"(max-width: 150px) 100vw, 150px\" \/><\/a>\n\t\t\t<\/dt><\/dl><dl class='gallery-item'>\n\t\t\t<dt class='gallery-icon landscape'>\n\t\t\t\t<a href='http:\/\/commune-loffre.fr\/index.php\/2016\/11\/13\/commemoration-du-11-novembre-exposition-sur-le-parcours-de-poilus-loffriens-morts-pour-la-france-et-remise-des-medailles-du-travail\/olympus-digital-camera-359\/'><img loading=\"lazy\" decoding=\"async\" width=\"150\" height=\"150\" src=\"http:\/\/commune-loffre.fr\/wp-content\/uploads\/2016\/11\/11-novembre-2016-39-copie-150x150.jpg\" class=\"attachment-thumbnail size-thumbnail\" alt=\"\" srcset=\"http:\/\/commune-loffre.fr\/wp-content\/uploads\/2016\/11\/11-novembre-2016-39-copie-150x150.jpg 150w, http:\/\/commune-loffre.fr\/wp-content\/uploads\/2016\/11\/11-novembre-2016-39-copie-180x180.jpg 180w, http:\/\/commune-loffre.fr\/wp-content\/uploads\/2016\/11\/11-novembre-2016-39-copie-60x60.jpg 60w\" sizes=\"(max-width: 150px) 100vw, 150px\" \/><\/a>\n\t\t\t<\/dt><\/dl><dl class='gallery-item'>\n\t\t\t<dt class='gallery-icon landscape'>\n\t\t\t\t<a href='http:\/\/commune-loffre.fr\/index.php\/2016\/11\/13\/commemoration-du-11-novembre-exposition-sur-le-parcours-de-poilus-loffriens-morts-pour-la-france-et-remise-des-medailles-du-travail\/olympus-digital-camera-360\/'><img loading=\"lazy\" decoding=\"async\" width=\"150\" height=\"150\" src=\"http:\/\/commune-loffre.fr\/wp-content\/uploads\/2016\/11\/11-novembre-2016-40-copie-150x150.jpg\" class=\"attachment-thumbnail size-thumbnail\" alt=\"\" srcset=\"http:\/\/commune-loffre.fr\/wp-content\/uploads\/2016\/11\/11-novembre-2016-40-copie-150x150.jpg 150w, http:\/\/commune-loffre.fr\/wp-content\/uploads\/2016\/11\/11-novembre-2016-40-copie-180x180.jpg 180w, http:\/\/commune-loffre.fr\/wp-content\/uploads\/2016\/11\/11-novembre-2016-40-copie-60x60.jpg 60w\" sizes=\"(max-width: 150px) 100vw, 150px\" \/><\/a>\n\t\t\t<\/dt><\/dl><dl class='gallery-item'>\n\t\t\t<dt class='gallery-icon landscape'>\n\t\t\t\t<a href='http:\/\/commune-loffre.fr\/index.php\/2016\/11\/13\/commemoration-du-11-novembre-exposition-sur-le-parcours-de-poilus-loffriens-morts-pour-la-france-et-remise-des-medailles-du-travail\/olympus-digital-camera-361\/'><img loading=\"lazy\" decoding=\"async\" width=\"150\" height=\"150\" src=\"http:\/\/commune-loffre.fr\/wp-content\/uploads\/2016\/11\/11-novembre-2016-41-copie-150x150.jpg\" class=\"attachment-thumbnail size-thumbnail\" alt=\"\" srcset=\"http:\/\/commune-loffre.fr\/wp-content\/uploads\/2016\/11\/11-novembre-2016-41-copie-150x150.jpg 150w, http:\/\/commune-loffre.fr\/wp-content\/uploads\/2016\/11\/11-novembre-2016-41-copie-180x180.jpg 180w, http:\/\/commune-loffre.fr\/wp-content\/uploads\/2016\/11\/11-novembre-2016-41-copie-60x60.jpg 60w\" sizes=\"(max-width: 150px) 100vw, 150px\" \/><\/a>\n\t\t\t<\/dt><\/dl><dl class='gallery-item'>\n\t\t\t<dt class='gallery-icon landscape'>\n\t\t\t\t<a href='http:\/\/commune-loffre.fr\/index.php\/2016\/11\/13\/commemoration-du-11-novembre-exposition-sur-le-parcours-de-poilus-loffriens-morts-pour-la-france-et-remise-des-medailles-du-travail\/olympus-digital-camera-362\/'><img loading=\"lazy\" decoding=\"async\" width=\"150\" height=\"150\" src=\"http:\/\/commune-loffre.fr\/wp-content\/uploads\/2016\/11\/11-novembre-2016-42-copie-150x150.jpg\" class=\"attachment-thumbnail size-thumbnail\" alt=\"\" srcset=\"http:\/\/commune-loffre.fr\/wp-content\/uploads\/2016\/11\/11-novembre-2016-42-copie-150x150.jpg 150w, http:\/\/commune-loffre.fr\/wp-content\/uploads\/2016\/11\/11-novembre-2016-42-copie-180x180.jpg 180w, http:\/\/commune-loffre.fr\/wp-content\/uploads\/2016\/11\/11-novembre-2016-42-copie-60x60.jpg 60w\" sizes=\"(max-width: 150px) 100vw, 150px\" \/><\/a>\n\t\t\t<\/dt><\/dl><br style=\"clear: both\" \/><dl class='gallery-item'>\n\t\t\t<dt class='gallery-icon landscape'>\n\t\t\t\t<a href='http:\/\/commune-loffre.fr\/index.php\/2016\/11\/13\/commemoration-du-11-novembre-exposition-sur-le-parcours-de-poilus-loffriens-morts-pour-la-france-et-remise-des-medailles-du-travail\/olympus-digital-camera-363\/'><img loading=\"lazy\" decoding=\"async\" width=\"150\" height=\"150\" src=\"http:\/\/commune-loffre.fr\/wp-content\/uploads\/2016\/11\/11-novembre-2016-43-copie-150x150.jpg\" class=\"attachment-thumbnail size-thumbnail\" alt=\"\" srcset=\"http:\/\/commune-loffre.fr\/wp-content\/uploads\/2016\/11\/11-novembre-2016-43-copie-150x150.jpg 150w, http:\/\/commune-loffre.fr\/wp-content\/uploads\/2016\/11\/11-novembre-2016-43-copie-180x180.jpg 180w, http:\/\/commune-loffre.fr\/wp-content\/uploads\/2016\/11\/11-novembre-2016-43-copie-60x60.jpg 60w\" sizes=\"(max-width: 150px) 100vw, 150px\" \/><\/a>\n\t\t\t<\/dt><\/dl><dl class='gallery-item'>\n\t\t\t<dt class='gallery-icon landscape'>\n\t\t\t\t<a href='http:\/\/commune-loffre.fr\/index.php\/2016\/11\/13\/commemoration-du-11-novembre-exposition-sur-le-parcours-de-poilus-loffriens-morts-pour-la-france-et-remise-des-medailles-du-travail\/olympus-digital-camera-364\/'><img loading=\"lazy\" decoding=\"async\" width=\"150\" height=\"150\" src=\"http:\/\/commune-loffre.fr\/wp-content\/uploads\/2016\/11\/11-novembre-2016-44-copie-150x150.jpg\" class=\"attachment-thumbnail size-thumbnail\" alt=\"\" srcset=\"http:\/\/commune-loffre.fr\/wp-content\/uploads\/2016\/11\/11-novembre-2016-44-copie-150x150.jpg 150w, http:\/\/commune-loffre.fr\/wp-content\/uploads\/2016\/11\/11-novembre-2016-44-copie-180x180.jpg 180w, http:\/\/commune-loffre.fr\/wp-content\/uploads\/2016\/11\/11-novembre-2016-44-copie-60x60.jpg 60w\" sizes=\"(max-width: 150px) 100vw, 150px\" \/><\/a>\n\t\t\t<\/dt><\/dl><dl class='gallery-item'>\n\t\t\t<dt class='gallery-icon landscape'>\n\t\t\t\t<a href='http:\/\/commune-loffre.fr\/index.php\/2016\/11\/13\/commemoration-du-11-novembre-exposition-sur-le-parcours-de-poilus-loffriens-morts-pour-la-france-et-remise-des-medailles-du-travail\/olympus-digital-camera-365\/'><img loading=\"lazy\" decoding=\"async\" width=\"150\" height=\"150\" src=\"http:\/\/commune-loffre.fr\/wp-content\/uploads\/2016\/11\/11-novembre-2016-45-copie-150x150.jpg\" class=\"attachment-thumbnail size-thumbnail\" alt=\"\" srcset=\"http:\/\/commune-loffre.fr\/wp-content\/uploads\/2016\/11\/11-novembre-2016-45-copie-150x150.jpg 150w, http:\/\/commune-loffre.fr\/wp-content\/uploads\/2016\/11\/11-novembre-2016-45-copie-180x180.jpg 180w, http:\/\/commune-loffre.fr\/wp-content\/uploads\/2016\/11\/11-novembre-2016-45-copie-60x60.jpg 60w\" sizes=\"(max-width: 150px) 100vw, 150px\" \/><\/a>\n\t\t\t<\/dt><\/dl><dl class='gallery-item'>\n\t\t\t<dt class='gallery-icon landscape'>\n\t\t\t\t<a href='http:\/\/commune-loffre.fr\/index.php\/2016\/11\/13\/commemoration-du-11-novembre-exposition-sur-le-parcours-de-poilus-loffriens-morts-pour-la-france-et-remise-des-medailles-du-travail\/olympus-digital-camera-366\/'><img loading=\"lazy\" decoding=\"async\" width=\"150\" height=\"150\" src=\"http:\/\/commune-loffre.fr\/wp-content\/uploads\/2016\/11\/11-novembre-2016-46-copie-150x150.jpg\" class=\"attachment-thumbnail size-thumbnail\" alt=\"\" srcset=\"http:\/\/commune-loffre.fr\/wp-content\/uploads\/2016\/11\/11-novembre-2016-46-copie-150x150.jpg 150w, http:\/\/commune-loffre.fr\/wp-content\/uploads\/2016\/11\/11-novembre-2016-46-copie-180x180.jpg 180w, http:\/\/commune-loffre.fr\/wp-content\/uploads\/2016\/11\/11-novembre-2016-46-copie-60x60.jpg 60w\" sizes=\"(max-width: 150px) 100vw, 150px\" \/><\/a>\n\t\t\t<\/dt><\/dl><dl class='gallery-item'>\n\t\t\t<dt class='gallery-icon portrait'>\n\t\t\t\t<a href='http:\/\/commune-loffre.fr\/index.php\/2016\/11\/13\/commemoration-du-11-novembre-exposition-sur-le-parcours-de-poilus-loffriens-morts-pour-la-france-et-remise-des-medailles-du-travail\/olympus-digital-camera-367\/'><img loading=\"lazy\" decoding=\"async\" width=\"150\" height=\"150\" src=\"http:\/\/commune-loffre.fr\/wp-content\/uploads\/2016\/11\/11-novembre-2016-47-copie-150x150.jpg\" class=\"attachment-thumbnail size-thumbnail\" alt=\"\" srcset=\"http:\/\/commune-loffre.fr\/wp-content\/uploads\/2016\/11\/11-novembre-2016-47-copie-150x150.jpg 150w, http:\/\/commune-loffre.fr\/wp-content\/uploads\/2016\/11\/11-novembre-2016-47-copie-180x180.jpg 180w, http:\/\/commune-loffre.fr\/wp-content\/uploads\/2016\/11\/11-novembre-2016-47-copie-60x60.jpg 60w\" sizes=\"(max-width: 150px) 100vw, 150px\" \/><\/a>\n\t\t\t<\/dt><\/dl><dl class='gallery-item'>\n\t\t\t<dt class='gallery-icon landscape'>\n\t\t\t\t<a href='http:\/\/commune-loffre.fr\/index.php\/2016\/11\/13\/commemoration-du-11-novembre-exposition-sur-le-parcours-de-poilus-loffriens-morts-pour-la-france-et-remise-des-medailles-du-travail\/olympus-digital-camera-368\/'><img loading=\"lazy\" decoding=\"async\" width=\"150\" height=\"150\" src=\"http:\/\/commune-loffre.fr\/wp-content\/uploads\/2016\/11\/11-novembre-2016-48-copie-150x150.jpg\" class=\"attachment-thumbnail size-thumbnail\" alt=\"\" srcset=\"http:\/\/commune-loffre.fr\/wp-content\/uploads\/2016\/11\/11-novembre-2016-48-copie-150x150.jpg 150w, http:\/\/commune-loffre.fr\/wp-content\/uploads\/2016\/11\/11-novembre-2016-48-copie-180x180.jpg 180w, http:\/\/commune-loffre.fr\/wp-content\/uploads\/2016\/11\/11-novembre-2016-48-copie-60x60.jpg 60w\" sizes=\"(max-width: 150px) 100vw, 150px\" \/><\/a>\n\t\t\t<\/dt><\/dl><br style=\"clear: both\" \/><dl class='gallery-item'>\n\t\t\t<dt class='gallery-icon landscape'>\n\t\t\t\t<a href='http:\/\/commune-loffre.fr\/index.php\/2016\/11\/13\/commemoration-du-11-novembre-exposition-sur-le-parcours-de-poilus-loffriens-morts-pour-la-france-et-remise-des-medailles-du-travail\/olympus-digital-camera-369\/'><img loading=\"lazy\" decoding=\"async\" width=\"150\" height=\"150\" src=\"http:\/\/commune-loffre.fr\/wp-content\/uploads\/2016\/11\/11-novembre-2016-49-copie-150x150.jpg\" class=\"attachment-thumbnail size-thumbnail\" alt=\"\" srcset=\"http:\/\/commune-loffre.fr\/wp-content\/uploads\/2016\/11\/11-novembre-2016-49-copie-150x150.jpg 150w, http:\/\/commune-loffre.fr\/wp-content\/uploads\/2016\/11\/11-novembre-2016-49-copie-180x180.jpg 180w, http:\/\/commune-loffre.fr\/wp-content\/uploads\/2016\/11\/11-novembre-2016-49-copie-60x60.jpg 60w\" sizes=\"(max-width: 150px) 100vw, 150px\" \/><\/a>\n\t\t\t<\/dt><\/dl>\n\t\t\t<br style='clear: both' \/>\n\t\t<\/div>\n\n<p>Monsieur le Maire et Monsieur Joseph Bourel, Pr\u00e9sident des Anciens Combattants de Loffre, apr\u00e8s le respect d\u2019une minute de silence ont d\u00e9pos\u00e9 une gerbe au monument aux Morts. Monsieur le Maire pronon\u00e7a le discours de Monsieur Jean-Marc Todeschini, Secr\u00e9taire d\u2019Etat aupr\u00e8s du Ministre de la d\u00e9fense, charg\u00e9 des Anciens Combattants et de la m\u00e9moire. A la suite, des enfants de la commune et les Anciens Combattants ont proc\u00e9d\u00e9 \u00e0 l\u2019appel aux morts. Pour cl\u00f4turer cette comm\u00e9moration un l\u00e2ch\u00e9 de pigeons a \u00e9t\u00e9 r\u00e9alis\u00e9 apr\u00e8s l\u2019interpr\u00e9tation de l\u2019hymne national par l\u2019harmonie \u00ab\u00a0Les Amis R\u00e9unis\u00a0\u00bb de Montigny en-Ostrevent.<\/p>\n<p>A la suite de la comm\u00e9moration, le cort\u00e8ge se dirigea \u00e0 la salle polyvalente pour le vernissage de l\u2019exposition sur le \u00ab\u00a0parcours de Poilus Loffriens morts pour la France\u00a0\u00bb<\/p>\n<p>Depuis maintenant trois ans la commune de Loffre en collaboration avec Monsieur Jean-Marc Dubois, Pr\u00e9sident de la Soci\u00e9t\u00e9 d\u2019Histoire Locale du Mont-Tilleul de Villers au Tertre, met \u00e0 l\u2019honneur en ce centenaire de la premi\u00e8re guerre mondiale le parcours de soldats loffriens. Pour cette ann\u00e9e, le travail de Monsieur Dubois s\u2019est port\u00e9 sur Messieurs Alfred Silvert, Louis-Joseph Brabant et Constant Legrand, morts en 1916. Par ailleurs, l\u2019exposition traita \u00e9galement de la bataille de Verdun, des observateurs et des tirs d\u2019artillerie et des bombardements sur Paris.<\/p>\n<p>L\u2019exposition a \u00e9galement \u00e9t\u00e9 compl\u00e9t\u00e9e par du mat\u00e9riel de guerre et des revues de presse pr\u00eat\u00e9s par Monsieur Alberty.<\/p>\n<p>Les enfants des classes de Monsieur Dufossez ont \u00e9galement particip\u00e9 \u00e0 cette exposition en r\u00e9alisant des travaux sur l\u2019artillerie et les bombardements sur Paris.<\/p>\n<p>Avant de d\u00e9clarer l\u2019ouverture officielle de l\u2019exposition, Monsieur le Maire remercia Monsieur Jean-Marc Dubois pour son excellent travail ainsi que Monsieur Alberty pour le pr\u00eat de mat\u00e9riels, les Anciens Combattants de Loffre, le conseil municipal, les services communaux, les \u00e9coliers de l\u2019\u00e9cole, les colombophiles et l\u2019harmonie \u00ab\u00a0Les Amis R\u00e9unis\u00a0\u00bb de Montigny en-Ostrevent.<\/p>\n<p>Cette journ\u00e9e du 11 Novembre a \u00e9t\u00e9 aussi l\u2019occasion pour Monsieur le Maire de remettre trois m\u00e9dailles du travail \u00e0\u00a0:<\/p>\n<ul>\n<li>Monsieur Jean Pierre CHARLET, pour le dipl\u00f4me correspondant \u00e0 l\u2019\u00e9chelon Or pour 35 ann\u00e9es de travail et actuellement Directeur d\u2019Agence \u00e0 la Caisse d\u2019Epargne Nord de France \u00e0 EURALILLE.<\/li>\n<li>Monsieur Jean Pierre SIUDA, pour le dipl\u00f4me correspondant \u00e0 l\u2019\u00e9chelon Or pour 35 ann\u00e9es de travail et actuellement Chef d\u2019unit\u00e9 \u00e0 l\u2019Usine Renault de DOUAI.<\/li>\n<li>Monsieur Jean Marie QUINET, pour le dipl\u00f4me correspondant \u00e0 l\u2019\u00e9chelon Grand Or pour 40 ann\u00e9es de travail et retrait\u00e9 depuis peu de l\u2019Usine Renault de DOUAI.<\/li>\n<\/ul>\n<p>La comm\u00e9moration se cl\u00f4tura par un moment de convivialit\u00e9 offert par la commune.<\/p>\n<p>Monsieur le Maire leur adressa ses f\u00e9licitations et au nom du conseil municipal offrit une composition florale aux \u00e9pouses des r\u00e9cipiendaires.<\/p>\n","protected":false},"excerpt":{"rendered":"<p>Monsieur le Maire, le conseil municipal, les Anciens Combattants de Loffre, les repr\u00e9sentants des associations et de nombreux habitants ont comm\u00e9mor\u00e9 ce 11 Novembre l\u2019armistice de la premi\u00e8re guerre mondiale&#8230;. <a href=\"http:\/\/commune-loffre.fr\/index.php\/2016\/11\/13\/commemoration-du-11-novembre-exposition-sur-le-parcours-de-poilus-loffriens-morts-pour-la-france-et-remise-des-medailles-du-travail\/\">Read more &raquo;<\/a><\/p>\n","protected":false},"author":1,"featured_media":0,"comment_status":"closed","ping_status":"closed","sticky":false,"template":"","format":"standard","meta":{"footnotes":""},"categories":[3,17],"tags":[],"_links":{"self":[{"href":"http:\/\/commune-loffre.fr\/index.php\/wp-json\/wp\/v2\/posts\/1330"}],"collection":[{"href":"http:\/\/commune-loffre.fr\/index.php\/wp-json\/wp\/v2\/posts"}],"about":[{"href":"http:\/\/commune-loffre.fr\/index.php\/wp-json\/wp\/v2\/types\/post"}],"author":[{"embeddable":true,"href":"http:\/\/commune-loffre.fr\/index.php\/wp-json\/wp\/v2\/users\/1"}],"replies":[{"embeddable":true,"href":"http:\/\/commune-loffre.fr\/index.php\/wp-json\/wp\/v2\/comments?post=1330"}],"version-history":[{"count":6,"href":"http:\/\/commune-loffre.fr\/index.php\/wp-json\/wp\/v2\/posts\/1330\/revisions"}],"predecessor-version":[{"id":1382,"href":"http:\/\/commune-loffre.fr\/index.php\/wp-json\/wp\/v2\/posts\/1330\/revisions\/1382"}],"wp:attachment":[{"href":"http:\/\/commune-loffre.fr\/index.php\/wp-json\/wp\/v2\/media?parent=1330"}],"wp:term":[{"taxonomy":"category","embeddable":true,"href":"http:\/\/commune-loffre.fr\/index.php\/wp-json\/wp\/v2\/categories?post=1330"},{"taxonomy":"post_tag","embeddable":true,"href":"http:\/\/commune-loffre.fr\/index.php\/wp-json\/wp\/v2\/tags?post=1330"}],"curies":[{"name":"wp","href":"https:\/\/api.w.org\/{rel}","templated":true}]}}