{"id":1056,"date":"2016-10-05T07:39:59","date_gmt":"2016-10-05T06:39:59","guid":{"rendered":"http:\/\/commune-loffre.fr\/?p=1056"},"modified":"2016-10-05T07:43:42","modified_gmt":"2016-10-05T06:43:42","slug":"campagne-plantons-le-decor-2016-2017","status":"publish","type":"post","link":"http:\/\/commune-loffre.fr\/index.php\/2016\/10\/05\/campagne-plantons-le-decor-2016-2017\/","title":{"rendered":"Campagne \u00ab Plantons le D\u00e9cor \u00bb 2016-2017"},"content":{"rendered":"<p><strong>Passez commande !<\/strong><br \/>\nle Coeur d&rsquo;Ostrevent renouvelle l\u2019op\u00e9ration \u00abPlantons le d\u00e9cor\u00bb, initi\u00e9e et coordonn\u00e9e par<br \/>\nEspaces naturels r\u00e9gionaux (ENRx), afin de permettre aux habitants, collectivit\u00e9s, entreprises,<br \/>\nagriculteurs, \u00e9tablissements scolaires du Nord\/Pas de Calais de planter, de commander des<br \/>\narbres et arbustes d\u2019essences locales et des vari\u00e9t\u00e9s fruiti\u00e8res traditionnelles et des vari\u00e9t\u00e9s<br \/>\nl\u00e9gumi\u00e8res r\u00e9gionales, \u00e0 des prix avantageux.<br \/>\nPour passer commande en quelques clics, rendez-vous directement en ligne sur<br \/>\n<a href=\"http:\/\/www.plantonsledecor.fr\">www.plantonsledecor.fr<\/a> ou demandez le catalogue, courant septembre aux mairies, Offices<br \/>\nde Tourisme et Syndicats d&rsquo;Initiative du territoire du Coeur d&rsquo;Ostrevent !<br \/>\nDate limite de r\u00e9ception des commandes : vendredi 4 novembre 2016<br \/>\nLivraison des commandes \u00e0 Auberchicourt : vendredi 25 novembre 2016 apr\u00e8s midi<br \/>\nUn doute ? une question ? Contactez le service environnement au 03 27 71 37 60 ou sur<br \/>\narutkowski@cc-coeurdostrevent.fr<\/p>\n<p><a href=\"http:\/\/commune-loffre.fr\/wp-content\/uploads\/2016\/10\/plantons-ccco.pdf\">T\u00e9l\u00e9charger le document complet<\/a><\/p>\n","protected":false},"excerpt":{"rendered":"<p>Passez commande ! le Coeur d&rsquo;Ostrevent renouvelle l\u2019op\u00e9ration \u00abPlantons le d\u00e9cor\u00bb, initi\u00e9e et coordonn\u00e9e par Espaces naturels r\u00e9gionaux (ENRx), afin de permettre aux habitants, collectivit\u00e9s, entreprises, agriculteurs, \u00e9tablissements scolaires du&#8230; <a href=\"http:\/\/commune-loffre.fr\/index.php\/2016\/10\/05\/campagne-plantons-le-decor-2016-2017\/\">Read more &raquo;<\/a><\/p>\n","protected":false},"author":1,"featured_media":0,"comment_status":"closed","ping_status":"closed","sticky":false,"template":"","format":"standard","meta":{"footnotes":""},"categories":[9],"tags":[],"_links":{"self":[{"href":"http:\/\/commune-loffre.fr\/index.php\/wp-json\/wp\/v2\/posts\/1056"}],"collection":[{"href":"http:\/\/commune-loffre.fr\/index.php\/wp-json\/wp\/v2\/posts"}],"about":[{"href":"http:\/\/commune-loffre.fr\/index.php\/wp-json\/wp\/v2\/types\/post"}],"author":[{"embeddable":true,"href":"http:\/\/commune-loffre.fr\/index.php\/wp-json\/wp\/v2\/users\/1"}],"replies":[{"embeddable":true,"href":"http:\/\/commune-loffre.fr\/index.php\/wp-json\/wp\/v2\/comments?post=1056"}],"version-history":[{"count":3,"href":"http:\/\/commune-loffre.fr\/index.php\/wp-json\/wp\/v2\/posts\/1056\/revisions"}],"predecessor-version":[{"id":1061,"href":"http:\/\/commune-loffre.fr\/index.php\/wp-json\/wp\/v2\/posts\/1056\/revisions\/1061"}],"wp:attachment":[{"href":"http:\/\/commune-loffre.fr\/index.php\/wp-json\/wp\/v2\/media?parent=1056"}],"wp:term":[{"taxonomy":"category","embeddable":true,"href":"http:\/\/commune-loffre.fr\/index.php\/wp-json\/wp\/v2\/categories?post=1056"},{"taxonomy":"post_tag","embeddable":true,"href":"http:\/\/commune-loffre.fr\/index.php\/wp-json\/wp\/v2\/tags?post=1056"}],"curies":[{"name":"wp","href":"https:\/\/api.w.org\/{rel}","templated":true}]}}